{"id":732,"date":"2014-05-04T22:24:00","date_gmt":"2014-05-04T22:24:00","guid":{"rendered":"http:\/\/flyballbelgique2.wordpress.com\/?p=732"},"modified":"2014-05-04T22:24:00","modified_gmt":"2014-05-04T22:24:00","slug":"j-moins-7","status":"publish","type":"post","link":"https:\/\/ciec.be\/flyballbelgique\/index.php\/2014\/05\/04\/j-moins-7\/","title":{"rendered":"J moins 7"},"content":{"rendered":"<p><em><strong>Nous voici \u00e0 une semaine de notre concours annuel de flyball !!!<\/strong><\/em><br \/>\n<em><strong>Derni\u00e8re ligne droite&#8230; et encore pas mal de choses \u00e0 pr\u00e9parer&#8230;. Mais voici d\u00e9j\u00e0 de quoi vous faire une id\u00e9e&#8230;<\/strong><\/em><\/p>\n<p><a href=\"http:\/\/flyballbelgique2.files.wordpress.com\/2014\/05\/affiche-fly_2014.jpg\"><img loading=\"lazy\" decoding=\"async\" class=\"aligncenter size-full wp-image-733\" src=\"http:\/\/flyballbelgique2.files.wordpress.com\/2014\/05\/affiche-fly_2014.jpg\" alt=\"affiche fly_2014\" width=\"600\" height=\"848\" \/><\/a><\/p>\n","protected":false},"excerpt":{"rendered":"<p>Nous voici \u00e0 une semaine de notre concours annuel de flyball !!! Derni\u00e8re ligne droite&#8230; et encore pas mal de choses \u00e0 pr\u00e9parer&#8230;. Mais voici d\u00e9j\u00e0 de quoi vous faire une id\u00e9e&#8230;<\/p>\n","protected":false},"author":1,"featured_media":0,"comment_status":"open","ping_status":"open","sticky":false,"template":"","format":"standard","meta":{"_et_pb_use_builder":"","_et_pb_old_content":"","_et_gb_content_width":"","footnotes":""},"categories":[2,7,12,13],"tags":[34,35,39,41,42,43,44,45,48,49,52,57,59,61,62,63,64,65,67,37,78,81,104,105,108,111],"class_list":["post-732","post","type-post","status-publish","format-standard","hentry","category-calendrier-sportif","category-nos-competitions","category-the-arrows","category-the-blue-arrows","tag-arrows","tag-arrows-blue-arrows","tag-beauceron","tag-belgique","tag-berger-de-beauce","tag-bfb","tag-blue-arrows","tag-border-collie","tag-brabant","tag-brabant-wallon","tag-bue-arrows","tag-championnat-de-belgique","tag-chien","tag-ciec","tag-club","tag-club-canin","tag-competition","tag-competition-canine","tag-concours","tag-equipe","tag-flyball","tag-genval","tag-sport","tag-sport-canin","tag-the-arrows","tag-trophee-du-brabant"],"_links":{"self":[{"href":"https:\/\/ciec.be\/flyballbelgique\/index.php\/wp-json\/wp\/v2\/posts\/732","targetHints":{"allow":["GET"]}}],"collection":[{"href":"https:\/\/ciec.be\/flyballbelgique\/index.php\/wp-json\/wp\/v2\/posts"}],"about":[{"href":"https:\/\/ciec.be\/flyballbelgique\/index.php\/wp-json\/wp\/v2\/types\/post"}],"author":[{"embeddable":true,"href":"https:\/\/ciec.be\/flyballbelgique\/index.php\/wp-json\/wp\/v2\/users\/1"}],"replies":[{"embeddable":true,"href":"https:\/\/ciec.be\/flyballbelgique\/index.php\/wp-json\/wp\/v2\/comments?post=732"}],"version-history":[{"count":0,"href":"https:\/\/ciec.be\/flyballbelgique\/index.php\/wp-json\/wp\/v2\/posts\/732\/revisions"}],"wp:attachment":[{"href":"https:\/\/ciec.be\/flyballbelgique\/index.php\/wp-json\/wp\/v2\/media?parent=732"}],"wp:term":[{"taxonomy":"category","embeddable":true,"href":"https:\/\/ciec.be\/flyballbelgique\/index.php\/wp-json\/wp\/v2\/categories?post=732"},{"taxonomy":"post_tag","embeddable":true,"href":"https:\/\/ciec.be\/flyballbelgique\/index.php\/wp-json\/wp\/v2\/tags?post=732"}],"curies":[{"name":"wp","href":"https:\/\/api.w.org\/{rel}","templated":true}]}}