{"id":615,"date":"2014-01-26T22:30:59","date_gmt":"2014-01-26T22:30:59","guid":{"rendered":"http:\/\/flyballbelgique2.wordpress.com\/?p=615"},"modified":"2014-01-26T22:30:59","modified_gmt":"2014-01-26T22:30:59","slug":"qui-est-bali","status":"publish","type":"post","link":"https:\/\/ciec.be\/flyballbelgique\/index.php\/2014\/01\/26\/qui-est-bali\/","title":{"rendered":"Qui est Bali ?"},"content":{"rendered":"<p><em><strong>Mi 2008, quand j&rsquo;ai accueilli Bali, ma Border Collie, \u00e0 la maison, tout le monde m&rsquo;avait pr\u00e9venu que c&rsquo;\u00e9tait un chien\u00a0avec lequel, il fallait pr\u00e9voir\u00a0beaucoup \u00a0d&rsquo;activit\u00e9s.<\/strong><\/em><br \/>\n<em><strong> Alors, quand je me suis rendue au CIEC pour son \u00e9ducation, \u00e0 l&rsquo;\u00e2ge de 2 mois et demi, l\u2019\u00e9ducatrice m&rsquo;a demand\u00e9 si je comptais faire du sport avec elle. J&rsquo;ai r\u00e9pondu : \u00ab\u00a0oui bien s\u00fbr, de l&rsquo;agility, elle doit\u00a0se d\u00e9penser\u00a0\u00bb.\u00a0Elle m&rsquo;a ensuite demand\u00e9 si je voulais aussi essayer le Flyball avec elle, et l\u00e0 aussi, j&rsquo;ai r\u00e9pondu : \u00ab\u00a0oui bien s\u00fbr\u00a0\u00bb , mais &#8230;\u00a0sans savoir ce que c&rsquo;\u00e9tait !<\/strong><\/em><\/p>\n<p><em><strong>A mes yeux, ce n&rsquo;\u00e9tait pas un souci, j&rsquo;apprendrais sur le tas puisque mon but \u00e9tait de permettre \u00e0 Bali\u00a0de faire du sport\u00a0!<\/strong><\/em><\/p>\n<p><em><strong>Et donc, d\u00e8s 2 mois\u00a0 et demi, ma chienne s&rsquo;est lanc\u00e9e dans l&rsquo;aventure.<\/strong><\/em><br \/>\n<em><strong> Il faut dire que cela faisait d\u00e9j\u00e0 15 jours qu&rsquo;elle \u00e9tait \u00e0 la maison et qu&rsquo;elle me voyait jouer \u00e0 la balle avec Funny, mon Coton de Tul\u00e9ar.<\/strong><\/em><\/p>\n<p><em><strong>Au d\u00e9but, elle ne comprenait rien et poursuivait\u00a0 Funny dans ses d\u00e9placements jusqu&rsquo;au moment o\u00f9 elle a compris que c&rsquo;\u00e9tait \u00e0 la balle qu&rsquo;il fallait s&rsquo;int\u00e9resser. Bient\u00f4t, chacun avait sa balle et c&rsquo;\u00e9tait \u00e0 qui la ramenait le plus vite !\u00a0<\/strong><\/em><br \/>\n<em><strong> Nous avons commenc\u00e9 par apprendre, elle et moi, le \u00ab\u00a0tourner\u00a0\u00bb et comme Bali trouvait cela amusant, j&rsquo;ai poursuivi l&rsquo;entrainement dans mon garage, en la faisant tourner au tour d&rsquo;une bouteille d&rsquo;eau de javel remplie et bien ferm\u00e9e pour qu&rsquo;elle soit plus stable.<\/strong><\/em><br \/>\n<em><strong> Tr\u00e8s vite mon garage \u00e9tait devenu trop petit car je me mettais \u00e0 plusieurs m\u00e8tres de la bouteille envoyait Bali tourner autour et revenir chercher sa balle lanc\u00e9e au sol. L&rsquo;apprentissage du saut des haies fut\u00a0 ensuite un jeu d&rsquo;enfant pour elle.<\/strong><\/em><br \/>\n<em><strong> Peu de temps apr\u00e8s, le CIEC organisait une comp\u00e9tition\u00a0 de Flyball \u00e0 Genval et l\u2019\u00e9ducatrice m&rsquo;a propos\u00e9 de venir voir en quoi cela consistait.<\/strong><\/em><br \/>\n<em><strong> Nous \u00e9tions sur le bord du terrain et au bout de 5 minutes, plus moyen de tenir Bali, elle avait la bouche en sang tellement elle s&rsquo;\u00e9tait mordue la langue par \u00e9nervement de voir ses cong\u00e9n\u00e8res au travail sur la piste. Il a fallu que je quitte les abords du terrain mais une chose \u00e9tait s\u00fbre : Bali adorait le Fly !!!!<\/strong><\/em><br \/>\n<em><strong> Et quand Jacky est venu\u00a0 peu de temps apr\u00e8s au club pour nous donner des conseils, Bali avait alors 6 mois et, \u00e0 ma grande surprise, il m&rsquo;a demand\u00e9 s&rsquo;il pouvait me l&rsquo;acheter!!!<br \/>\nNON, cat\u00e9gorique de ma part, \u00e9videmment !!!\u00a0<\/strong><\/em><br \/>\n<em><strong> Bali \u00e9tait pr\u00eate bien avant l&rsquo;\u00e2ge auquel elle \u00e9tait autoris\u00e9e \u00e0 faire des comp\u00e9titions, mais, cela m&rsquo;\u00e9tait \u00e9gal puisque j&rsquo;avais jur\u00e9 mes grands dieux, que jamais je ne ferais de comp\u00e9tition avec elle : notre but, \u00e0 Bali et \u00e0 moi, \u00e9tait de nous amuser simplement.<\/strong><\/em><\/p>\n<p><a href=\"http:\/\/flyballbelgique2.files.wordpress.com\/2014\/01\/02_10_clubmatch_bruges-800x600.jpg\"><img loading=\"lazy\" decoding=\"async\" class=\"aligncenter size-full wp-image-616\" alt=\"02_10_clubmatch_Bruges [800x600]\" src=\"http:\/\/flyballbelgique2.files.wordpress.com\/2014\/01\/02_10_clubmatch_bruges-800x600.jpg\" width=\"600\" height=\"399\" \/><\/a><span style=\"color:#ff0000;\"><em><strong>A Bruges, o\u00f9 nous \u00e9tions invit\u00e9s \u00e0 un club match en f\u00e9vrier 2010<\/strong><\/em><\/span><br \/>\n<em><strong> Mais voil\u00e0 &#8230;\u00a0les mois passant, je me suis laiss\u00e9e prendre au jeu et\u00a0 pour notre premi\u00e8re comp\u00e9tition, on s&rsquo;est retrouv\u00e9es\u00a0avec Fidji et Nadine sur une piste de comp\u00e9tition en mix team\u00a0avec l&rsquo;\u00e9quipe des \u00a0Kotic\u2019s\u2026 C\u2019\u00e9tait \u00e0 Genval, mi-avril 2010\u00a0!<\/strong><\/em><\/p>\n<p style=\"text-align:center;\"><em><strong><a href=\"http:\/\/flyballbelgique2.files.wordpress.com\/2014\/01\/wilhelminadorp_09_05_10-013-800x600.jpg\"><img loading=\"lazy\" decoding=\"async\" alt=\"Wilhelminadorp_09_05_10 013 [800x600]\" src=\"http:\/\/flyballbelgique2.files.wordpress.com\/2014\/01\/wilhelminadorp_09_05_10-013-800x600.jpg\" width=\"600\" height=\"450\" \/><\/a><\/strong><\/em><span style=\"color:#ff0000;\"><em><strong>Avec l&rsquo;\u00e9quipe de Kotic&rsquo;s, en Hollande&#8230;<\/strong><\/em><\/span><\/p>\n<p><em><strong>Bali, s&rsquo;amusait comme une petite folle.\u00a0 Au d\u00e9but, elle trouvait tr\u00e8s gai de revenir syst\u00e9matiquement \u00e0 cot\u00e9 des haies mais, surtout, elle s&rsquo;appliquait \u00e0 aller emb\u00eater les chiens de la piste d&rsquo;\u00e0 cot\u00e9, commen\u00e7ant son parcours sur une piste et le terminant sur celle des concurrents !!!<\/strong><\/em><br \/>\n<em><strong> Une erreur de d\u00e9butant me disait Marie Paule et elle avait raison car au fur et \u00e0 mesure des comp\u00e9titions, Bali a commenc\u00e9 \u00e0 faire des parcours sans faute.<\/strong><\/em><\/p>\n<p style=\"text-align:center;\"><a href=\"http:\/\/flyballbelgique2.files.wordpress.com\/2014\/01\/efc_10-800x600.jpg\"><img loading=\"lazy\" decoding=\"async\" class=\"aligncenter size-full wp-image-618\" alt=\"EFC_10 [800x600]\" src=\"http:\/\/flyballbelgique2.files.wordpress.com\/2014\/01\/efc_10-800x600.jpg\" width=\"600\" height=\"450\" \/><\/a><span style=\"color:#ff0000;\"><em><strong>EFC 2010, Bali en action&#8230; sans faute !<\/strong><\/em><\/span><\/p>\n<p><em><strong>Ainsi, lors de cette premi\u00e8re ann\u00e9e de comp\u00e9tition, Bali et Fidji, associ\u00e9s \u00e0 l\u2019\u00e9quipe\u00a0 anglaise des Euroshuggers, devenaient champions d&rsquo;Europe en Division 11.<\/strong><\/em><\/p>\n<p style=\"text-align:center;\"><a href=\"http:\/\/flyballbelgique2.files.wordpress.com\/2014\/01\/2010_efc-800x600.jpg\"><img loading=\"lazy\" decoding=\"async\" alt=\"2010_EFC [800x600]\" src=\"http:\/\/flyballbelgique2.files.wordpress.com\/2014\/01\/2010_efc-800x600.jpg\" width=\"600\" height=\"450\" \/><\/a><em><strong><\/strong><\/em><span style=\"color:#ff0000;\"><em><strong>Nous sommes champions !!<\/strong><\/em><em><strong><\/strong><\/em><\/span><\/p>\n<p style=\"text-align:left;\"><em><strong>Malheureusement, l&rsquo;ann\u00e9e suivante, le v\u00e9t\u00e9rinaire a d\u00e9couvert un souffle au coeur chez Bali, l&rsquo;origine \u00e9tait \u00a0une malformation cardiaque cong\u00e9nitale. Tr\u00e8s rapidement elle fut donc op\u00e9r\u00e9e. Ce fut un succ\u00e8s et apr\u00e8s quelques mois de convalescence et un entrainement repris progressivement, elle pu \u00e0 nouveau concourir l&rsquo;ann\u00e9e suivante. <\/strong><\/em><\/p>\n<p style=\"text-align:left;\"><a href=\"http:\/\/flyballbelgique2.files.wordpress.com\/2014\/01\/2013_img_7675-800x600.jpg\"><img loading=\"lazy\" decoding=\"async\" class=\"aligncenter size-full wp-image-620\" alt=\"2013_IMG_7675 [800x600]\" src=\"http:\/\/flyballbelgique2.files.wordpress.com\/2014\/01\/2013_img_7675-800x600.jpg\" width=\"600\" height=\"400\" \/><\/a><em><strong>Entretemps, une \u00e9quipe compl\u00e8te s&rsquo;est form\u00e9e au sein de notre club <\/strong><\/em><\/p>\n<p style=\"text-align:left;\"><a href=\"http:\/\/flyballbelgique2.files.wordpress.com\/2014\/01\/heist-op-den-berge-2013-800x600.jpg\"><img loading=\"lazy\" decoding=\"async\" class=\"aligncenter size-full wp-image-621\" alt=\"Heist op den berge 2013 [800x600]\" src=\"http:\/\/flyballbelgique2.files.wordpress.com\/2014\/01\/heist-op-den-berge-2013-800x600.jpg\" width=\"600\" height=\"434\" \/><\/a><em><strong>et donc en 2013, avec notre propre \u00e9quipe cette fois, nous avons \u00e0 nouveau remport\u00e9 le titre de champion d&rsquo;Europe\u00a0 en Division 10.\u00a0<\/strong><\/em><\/p>\n<p style=\"text-align:left;\"><a href=\"http:\/\/flyballbelgique2.files.wordpress.com\/2014\/01\/img_2333-800x600.jpg\"><img loading=\"lazy\" decoding=\"async\" class=\"aligncenter size-full wp-image-622\" alt=\"IMG_2333 [800x600]\" src=\"http:\/\/flyballbelgique2.files.wordpress.com\/2014\/01\/img_2333-800x600.jpg\" width=\"600\" height=\"399\" \/><\/a><\/p>\n<p style=\"text-align:left;\"><a href=\"http:\/\/flyballbelgique2.files.wordpress.com\/2014\/01\/2013_img_7417-800x600.jpg\"><img loading=\"lazy\" decoding=\"async\" class=\"aligncenter size-full wp-image-623\" alt=\"2013_IMG_7417 [800x600]\" src=\"http:\/\/flyballbelgique2.files.wordpress.com\/2014\/01\/2013_img_7417-800x600.jpg\" width=\"577\" height=\"800\" \/><\/a><em><strong>Actuellement, Bali n&rsquo;envisage plus la vie sans Flyball&#8230;<\/strong><\/em><\/p>\n<p style=\"text-align:left;\"><a href=\"http:\/\/flyballbelgique2.files.wordpress.com\/2014\/01\/img_1886-800x600.jpg\"><img loading=\"lazy\" decoding=\"async\" class=\"aligncenter size-full wp-image-624\" alt=\"IMG_1886 [800x600]\" src=\"http:\/\/flyballbelgique2.files.wordpress.com\/2014\/01\/img_1886-800x600.jpg\" width=\"600\" height=\"399\" \/><\/a><\/p>\n","protected":false},"excerpt":{"rendered":"<p>Mi 2008, quand j&rsquo;ai accueilli Bali, ma Border Collie, \u00e0 la maison, tout le monde m&rsquo;avait pr\u00e9venu que c&rsquo;\u00e9tait un chien\u00a0avec lequel, il fallait pr\u00e9voir\u00a0beaucoup \u00a0d&rsquo;activit\u00e9s. Alors, quand je me suis rendue au CIEC pour son \u00e9ducation, \u00e0 l&rsquo;\u00e2ge de 2 mois et demi, l\u2019\u00e9ducatrice m&rsquo;a demand\u00e9 si je comptais faire du sport avec elle. [&hellip;]<\/p>\n","protected":false},"author":1,"featured_media":0,"comment_status":"open","ping_status":"open","sticky":false,"template":"","format":"standard","meta":{"_et_pb_use_builder":"","_et_pb_old_content":"","_et_gb_content_width":"","footnotes":""},"categories":[16,6,7,12,13],"tags":[34,35,41,43,44,45,49,51,52,56,59,61,62,63,64,65,72,37,73,78,81,104,105,108],"class_list":["post-615","post","type-post","status-publish","format-standard","hentry","category-bali","category-nos-chiens","category-nos-competitions","category-the-arrows","category-the-blue-arrows","tag-arrows","tag-arrows-blue-arrows","tag-belgique","tag-bfb","tag-blue-arrows","tag-border-collie","tag-brabant-wallon","tag-bruges","tag-bue-arrows","tag-championnat-deurope","tag-chien","tag-ciec","tag-club","tag-club-canin","tag-competition","tag-competition-canine","tag-entrainement","tag-equipe","tag-eurochuggers","tag-flyball","tag-genval","tag-sport","tag-sport-canin","tag-the-arrows"],"_links":{"self":[{"href":"https:\/\/ciec.be\/flyballbelgique\/index.php\/wp-json\/wp\/v2\/posts\/615","targetHints":{"allow":["GET"]}}],"collection":[{"href":"https:\/\/ciec.be\/flyballbelgique\/index.php\/wp-json\/wp\/v2\/posts"}],"about":[{"href":"https:\/\/ciec.be\/flyballbelgique\/index.php\/wp-json\/wp\/v2\/types\/post"}],"author":[{"embeddable":true,"href":"https:\/\/ciec.be\/flyballbelgique\/index.php\/wp-json\/wp\/v2\/users\/1"}],"replies":[{"embeddable":true,"href":"https:\/\/ciec.be\/flyballbelgique\/index.php\/wp-json\/wp\/v2\/comments?post=615"}],"version-history":[{"count":0,"href":"https:\/\/ciec.be\/flyballbelgique\/index.php\/wp-json\/wp\/v2\/posts\/615\/revisions"}],"wp:attachment":[{"href":"https:\/\/ciec.be\/flyballbelgique\/index.php\/wp-json\/wp\/v2\/media?parent=615"}],"wp:term":[{"taxonomy":"category","embeddable":true,"href":"https:\/\/ciec.be\/flyballbelgique\/index.php\/wp-json\/wp\/v2\/categories?post=615"},{"taxonomy":"post_tag","embeddable":true,"href":"https:\/\/ciec.be\/flyballbelgique\/index.php\/wp-json\/wp\/v2\/tags?post=615"}],"curies":[{"name":"wp","href":"https:\/\/api.w.org\/{rel}","templated":true}]}}