{"id":446,"date":"2013-08-26T18:12:24","date_gmt":"2013-08-26T18:12:24","guid":{"rendered":"http:\/\/flyballbelgique2.wordpress.com\/?p=446"},"modified":"2023-06-05T19:09:07","modified_gmt":"2023-06-05T19:09:07","slug":"nous-sommes-champions-deurope","status":"publish","type":"post","link":"https:\/\/ciec.be\/flyballbelgique\/index.php\/2013\/08\/26\/nous-sommes-champions-deurope\/","title":{"rendered":"Nous sommes champions d&rsquo;Europe !!"},"content":{"rendered":"<p><em><strong>Cette ann\u00e9e, le championnat d\u2019Europe de flyball ou EFC se d\u00e9roulait du 23 au 25 ao\u00fbt \u00e0 Aartrijke, non loin de Bruges.<\/strong><\/em><\/p>\n<p><em><strong>88 \u00e9quipes venues de Belgique, d\u2019Autriche, de France, de Tch\u00e9quie, d\u2019Allemagne, de Hongrie, des Pays-Bas, de Pologne et de Grande-Bretagne, r\u00e9parties en 15 divisions, allaient se mesurer du vendredi au dimanche.<\/strong><\/em><\/p>\n<p><em><strong>Le vendredi, les divisions 12 \u00e0 15 comptaient les chiens jouant avec des temps relativement longs, le samedi, ceux courant plus rapidement et le dimanche, c\u2019\u00e9tait le tour des super rapides.<\/strong><\/em><\/p>\n<p><em><strong>De notre c\u00f4t\u00e9, avec un temps de 20\u201910, nous nous situions dans la 10<sup>e<\/sup> division, qui allait jouer le samedi.<\/strong><\/em><\/p>\n<p><em><strong>Apr\u00e8s un lever avant m\u00eame celui du soleil puis 1h30 de route, nous arrivions sur place.<\/strong><\/em><\/p>\n<p><em><strong>Premi\u00e8re image&nbsp;: le village de tentes et de caravanes install\u00e9es \u00e0 proximit\u00e9 du terrain de football o\u00f9 se d\u00e9roulait la comp\u00e9tition\u2026<\/strong><\/em><\/p>\n<p><a href=\"http:\/\/flyballbelgique2.files.wordpress.com\/2013\/08\/img_5560-800x600.jpg\"><img loading=\"lazy\" decoding=\"async\" class=\"aligncenter size-full wp-image-447\" alt=\"IMG_5560 [800x600]\" src=\"http:\/\/flyballbelgique2.files.wordpress.com\/2013\/08\/img_5560-800x600.jpg\" width=\"600\" height=\"399\"><\/a><\/p>\n<p><a href=\"http:\/\/flyballbelgique2.files.wordpress.com\/2013\/08\/img_5567-800x600.jpg\"><img loading=\"lazy\" decoding=\"async\" class=\"aligncenter size-full wp-image-448\" alt=\"IMG_5567 [800x600]\" src=\"http:\/\/flyballbelgique2.files.wordpress.com\/2013\/08\/img_5567-800x600.jpg\" width=\"600\" height=\"399\"><\/a><em><strong>Le temps de nous approcher pour d\u00e9charger la remorque, de monter la tente et les \u00e9quipes \u00e9taient demand\u00e9es sur le terrain pour la parade de pr\u00e9sentation.<\/strong><\/em><\/p>\n<p><em><strong>Surprise&nbsp;: Laurence nous avait brod\u00e9s de tous nouveaux sweat shirt, d\u2019un beau bleu&nbsp;: chacune avait le logo de l\u2019\u00e9quipe, bien s\u00fbr, mais en outre, au dos, son nom + celui de son chien.<\/strong><\/em><\/p>\n<p><em><strong>Sur le mien, on pouvait lire box loader (aboyeur en anglais) et coach sur celui de Laurence.<\/strong><\/em><\/p>\n<p><a href=\"http:\/\/flyballbelgique2.files.wordpress.com\/2013\/08\/img_5358-800x600.jpg\"><img loading=\"lazy\" decoding=\"async\" class=\"aligncenter size-full wp-image-449\" alt=\"IMG_5358 [800x600]\" src=\"http:\/\/flyballbelgique2.files.wordpress.com\/2013\/08\/img_5358-800x600.jpg\" width=\"600\" height=\"399\"><\/a><\/p>\n<p><a href=\"http:\/\/flyballbelgique2.files.wordpress.com\/2013\/08\/img_5360-800x600.jpg\"><img loading=\"lazy\" decoding=\"async\" class=\"aligncenter size-full wp-image-450\" alt=\"IMG_5360 [800x600]\" src=\"http:\/\/flyballbelgique2.files.wordpress.com\/2013\/08\/img_5360-800x600.jpg\" width=\"600\" height=\"399\"><\/a><em><strong>Nous ne pass\u00e2mes pas inaper\u00e7us et f\u00fbmes applaudis par les autres concurrents lors de notre tour de pr\u00e9sentation.<\/strong><\/em><\/p>\n<p><em><strong>La derni\u00e8re \u00e9quipe cit\u00e9e, les coups de sifflet retentissaient sur les deux rings\u2026 Les choses s\u00e9rieuses commen\u00e7aient&nbsp;!<\/strong><\/em><\/p>\n<p><em><strong>C\u00f4t\u00e9 m\u00e9t\u00e9o, nous n\u2019\u00e9tions gu\u00e8re g\u00e2t\u00e9s, une petite pluie fine tombait par intermittence mais la temp\u00e9rature \u00e9tait douce, nous devions donc jongler entre le t-shirt, le sweat ou la veste de pluie\u2026 et ce fut le cas toute la journ\u00e9e&nbsp;!<\/strong><\/em><\/p>\n<p><em><strong>Notre division comptait 6 \u00e9quipes&nbsp;: 3 anglais et 3 belges, sur le papier, nous n\u2019\u00e9tions pas fort bien plac\u00e9s, en avant derni\u00e8re position, la situation promettait d\u2019\u00eatre chaude.<\/strong><\/em><\/p>\n<p><em><strong>Le matin, nous jouions en speed trial, nous devions donc faire au moins un bon temps pour nous placer correctement dans le classement de l\u2019apr\u00e8s-midi.<\/strong><\/em><\/p>\n<p><em><strong>Nous d\u00e9cid\u00e2mes donc d\u2019aligner en premier l\u2019\u00e9quipe des quatre&nbsp;: Bali, Fidji, Coban et Siska, nous f\u00eemes un bon temps de 19\u201919 qui nous positionna en 2e place du classement.<\/strong><\/em><\/p>\n<p><a href=\"http:\/\/flyballbelgique2.files.wordpress.com\/2013\/08\/img_5362-800x600.jpg\"><img loading=\"lazy\" decoding=\"async\" alt=\"IMG_5362 [800x600]\" src=\"http:\/\/flyballbelgique2.files.wordpress.com\/2013\/08\/img_5362-800x600.jpg\" width=\"600\" height=\"399\"><\/a><em><strong>Du coup, les autres courses ne furent qu\u2019une sin\u00e9cure\u2026 <\/strong><\/em><\/p>\n<p style=\"text-align:center;\"><em><strong><a href=\"http:\/\/flyballbelgique2.files.wordpress.com\/2013\/08\/img_5480-800x600.jpg\"><img loading=\"lazy\" decoding=\"async\" class=\"aligncenter size-full wp-image-452\" alt=\"IMG_5480 [800x600]\" src=\"http:\/\/flyballbelgique2.files.wordpress.com\/2013\/08\/img_5480-800x600.jpg\" width=\"600\" height=\"399\"><\/a><\/strong><span style=\"color:#ff0000;\"><strong>Pendant les 2 minutes d&rsquo;\u00e9chauffement, discutons strat\u00e9gie&#8230;<\/strong><\/span><\/em><\/p>\n<p style=\"text-align:center;\"><em><strong><a href=\"http:\/\/flyballbelgique2.files.wordpress.com\/2013\/08\/img_5488-800x600.jpg\"><img loading=\"lazy\" decoding=\"async\" class=\"aligncenter size-full wp-image-453\" alt=\"IMG_5488 [800x600]\" src=\"http:\/\/flyballbelgique2.files.wordpress.com\/2013\/08\/img_5488-800x600.jpg\" width=\"600\" height=\"399\"><\/a><\/strong><\/em><span style=\"color:#ff0000;\"><em><strong>Nous jouons contre l&rsquo;\u00e9quipe anglaise des Multi Mix UK<\/strong><\/em><\/span><\/p>\n<p><em><strong>Ella, bien motiv\u00e9e, fit de superbes d\u00e9marrages<\/strong><\/em><\/p>\n<p><a href=\"http:\/\/flyballbelgique2.files.wordpress.com\/2013\/08\/img_5496-800x600.jpg\"><img loading=\"lazy\" decoding=\"async\" class=\"aligncenter size-full wp-image-454\" alt=\"IMG_5496 [800x600]\" src=\"http:\/\/flyballbelgique2.files.wordpress.com\/2013\/08\/img_5496-800x600.jpg\" width=\"600\" height=\"399\"><\/a><\/p>\n<p style=\"text-align:center;\"><a href=\"http:\/\/flyballbelgique2.files.wordpress.com\/2013\/08\/img_5504-800x600.jpg\"><img loading=\"lazy\" decoding=\"async\" class=\"aligncenter size-full wp-image-455\" alt=\"IMG_5504 [800x600]\" src=\"http:\/\/flyballbelgique2.files.wordpress.com\/2013\/08\/img_5504-800x600.jpg\" width=\"600\" height=\"399\"><\/a><span style=\"color:#ff0000;\"><em><strong>Un croisement impeccable entre Coban et Bali<\/strong><\/em><\/span><\/p>\n<p style=\"text-align:center;\"><a href=\"http:\/\/flyballbelgique2.files.wordpress.com\/2013\/08\/img_5510-800x600.jpg\"><img loading=\"lazy\" decoding=\"async\" class=\"aligncenter size-full wp-image-456\" alt=\"IMG_5510 [800x600]\" src=\"http:\/\/flyballbelgique2.files.wordpress.com\/2013\/08\/img_5510-800x600.jpg\" width=\"600\" height=\"399\"><\/a><em><strong><span style=\"color:#ff0000;\">Un beau d\u00e9marrage de Soledad<\/span><\/strong><\/em><\/p>\n<p><em><strong>Soledad joua parfaitement son r\u00f4le, permettant aux autres de ne pas trop se fatiguer\u2026et nous ne perd\u00eemes qu\u2019une course le matin&nbsp;!&nbsp; Un joli tableau pour terminer cette premi\u00e8re demi-journ\u00e9e.<\/strong><\/em><\/p>\n<p><em><strong>Vers midi, nous \u00e9tions tr\u00e8s satisfaites car le classement pour l\u2019apr\u00e8s-midi nous \u00e9tait plus que favorable puis qu\u2019avec notre deuxi\u00e8me place, si nous jouions finement, nous ne devrions courir que 3 fois&nbsp;!!!<\/strong><\/em><\/p>\n<p><em><strong>La premi\u00e8re \u00e9quipe que nous rencontr\u00e2mes fut anglaise, et se nommait Multi mix UK, elle venait de battre les TFC Sirius dans laquelle jouait Christiaan, notre photographe n\u00b01.<\/strong><\/em><\/p>\n<p><a href=\"http:\/\/flyballbelgique2.files.wordpress.com\/2013\/08\/img_5726-800x600.jpg\"><img loading=\"lazy\" decoding=\"async\" class=\"aligncenter size-full wp-image-457\" alt=\"IMG_5726 [800x600]\" src=\"http:\/\/flyballbelgique2.files.wordpress.com\/2013\/08\/img_5726-800x600.jpg\" width=\"600\" height=\"399\"><\/a><\/p>\n<p><a href=\"http:\/\/flyballbelgique2.files.wordpress.com\/2013\/08\/img_5736-800x600.jpg\"><img loading=\"lazy\" decoding=\"async\" class=\"aligncenter size-full wp-image-458\" alt=\"IMG_5736 [800x600]\" src=\"http:\/\/flyballbelgique2.files.wordpress.com\/2013\/08\/img_5736-800x600.jpg\" width=\"600\" height=\"399\"><\/a><a href=\"http:\/\/flyballbelgique2.files.wordpress.com\/2013\/08\/img_5754-800x600.jpg\"><img loading=\"lazy\" decoding=\"async\" class=\"aligncenter size-full wp-image-459\" alt=\"IMG_5754 [800x600]\" src=\"http:\/\/flyballbelgique2.files.wordpress.com\/2013\/08\/img_5754-800x600.jpg\" width=\"600\" height=\"399\"><\/a><\/p>\n<p><a href=\"http:\/\/flyballbelgique2.files.wordpress.com\/2013\/08\/img_5761-800x600.jpg\"><img loading=\"lazy\" decoding=\"async\" class=\"aligncenter size-full wp-image-460\" alt=\"IMG_5761 [800x600]\" src=\"http:\/\/flyballbelgique2.files.wordpress.com\/2013\/08\/img_5761-800x600.jpg\" width=\"600\" height=\"399\"><\/a><\/p>\n<p><a href=\"http:\/\/flyballbelgique2.files.wordpress.com\/2013\/08\/img_5776-800x600.jpg\"><img loading=\"lazy\" decoding=\"async\" class=\"aligncenter size-full wp-image-461\" alt=\"IMG_5776 [800x600]\" src=\"http:\/\/flyballbelgique2.files.wordpress.com\/2013\/08\/img_5776-800x600.jpg\" width=\"600\" height=\"399\"><\/a><em><strong>Nous n\u2019en f\u00eemes qu\u2019une bouch\u00e9e\u2026 et du coup, nous arrivions d\u00e9j\u00e0 en demi-finale\u2026Un podium, m\u00eame en 3<sup>e<\/sup> position, \u00e7a pouvait se faire.<\/strong><\/em><\/p>\n<p><em><strong>Nous rencontr\u00e2mes ensuite les Black Brains 3 qui, de leur c\u00f4t\u00e9, avait battus les Lightning Flash, autre \u00e9quipe anglaise.<\/strong><\/em><\/p>\n<p><em><strong>Nous d\u00fbmes bien motiver nos chiens, mais nous gagn\u00e2mes la demi-finale&nbsp;!<\/strong><\/em><\/p>\n<p><em><strong>Les Black Brains, ayant perdu la course, durent \u00e0 nouveau jouer contre les Lightning Flash qu\u2019ils renvoy\u00e8rent au vestiaire.<\/strong><\/em><\/p>\n<p><em><strong>La finale serait donc belgo belge&nbsp;: les Black Brains 3 contre les Blue Arrows&nbsp;!<\/strong><\/em><\/p>\n<p><em><strong>Lorsque nous f\u00fbmes appel\u00e9s sur le terrain, les barri\u00e8res \u00e9taient noires de monde\u2026 et nous savions que nombreux \u00e9taient ceux qui croyaient en nous.&nbsp; Figurez-vous la pression&nbsp;!<\/strong><\/em><\/p>\n<p style=\"text-align:center;\"><a href=\"http:\/\/flyballbelgique2.files.wordpress.com\/2013\/08\/img_6065-800x600.jpg\"><img loading=\"lazy\" decoding=\"async\" class=\"aligncenter size-full wp-image-463\" alt=\"IMG_6065 [800x600]\" src=\"http:\/\/flyballbelgique2.files.wordpress.com\/2013\/08\/img_6065-800x600.jpg\" width=\"600\" height=\"399\"><\/a><span style=\"color:#ff0000;\"><em><strong>Premi\u00e8re manche&#8230; Surveillez le marquoir, sur la gauche de l&rsquo;image, il affiche 0 &#8211; 0<\/strong><\/em><\/span><\/p>\n<p style=\"text-align:center;\"><a href=\"http:\/\/flyballbelgique2.files.wordpress.com\/2013\/08\/img_6101-800x600.jpg\"><img loading=\"lazy\" decoding=\"async\" class=\"aligncenter size-full wp-image-464\" alt=\"IMG_6101 [800x600]\" src=\"http:\/\/flyballbelgique2.files.wordpress.com\/2013\/08\/img_6101-800x600.jpg\" width=\"600\" height=\"399\"><\/a><em><strong><span style=\"color:#ff0000;\">Nous avons gagn\u00e9 la 1e manche, comme l&rsquo;indique le marquoir, Bali et Fidji se croisent un peu tardivement<\/span><\/strong><\/em><\/p>\n<p><em><strong>La premi\u00e8re manche fut pour nous, la tension commen\u00e7ait \u00e0 monter\u2026 Coban, envoy\u00e9e trop t\u00f4t, nous fit perdre la suivante\u2026 nous en \u00e9tions \u00e0 1 \u2013 1.<\/strong><\/em><\/p>\n<p style=\"text-align:center;\"><a href=\"http:\/\/flyballbelgique2.files.wordpress.com\/2013\/08\/img_6113-800x600.jpg\"><img loading=\"lazy\" decoding=\"async\" class=\"aligncenter size-full wp-image-465\" alt=\"IMG_6113 [800x600]\" src=\"http:\/\/flyballbelgique2.files.wordpress.com\/2013\/08\/img_6113-800x600.jpg\" width=\"600\" height=\"399\"><\/a><span style=\"color:#ff0000;\"><em><strong>Croisement franchement rat\u00e9, Coban ayant d\u00e9marr\u00e9 trop t\u00f4t&#8230;<\/strong><\/em><\/span><\/p>\n<p><em><strong>La course suivante fut \u00e0 nouveau une r\u00e9ussite pour nous\u2026 <\/strong><\/em><\/p>\n<p><em><strong><em><strong><a href=\"http:\/\/flyballbelgique2.files.wordpress.com\/2013\/08\/img_6136-800x600.jpg\"><img loading=\"lazy\" decoding=\"async\" alt=\"IMG_6136 [800x600]\" src=\"http:\/\/flyballbelgique2.files.wordpress.com\/2013\/08\/img_6136-800x600.jpg\" width=\"600\" height=\"399\"><\/a><\/strong><\/em><\/strong><\/em><\/p>\n<p style=\"text-align:center;\"><span style=\"color:#ff0000;\"><em><strong>Le croisement sera parfait entre Bali et Fidji, quant au marquoir, il est \u00e0 1 &#8211; 1<\/strong><\/em><\/span><\/p>\n<p style=\"text-align:center;\"><em><strong><a href=\"http:\/\/flyballbelgique2.files.wordpress.com\/2013\/08\/img_6165-800x600.jpg\"><img loading=\"lazy\" decoding=\"async\" class=\"aligncenter size-full wp-image-467\" alt=\"IMG_6165 [800x600]\" src=\"http:\/\/flyballbelgique2.files.wordpress.com\/2013\/08\/img_6165-800x600.jpg\" width=\"600\" height=\"399\"><\/a><\/strong><\/em><span style=\"color:#ff0000;\">Cette fois, le marquoir annonce 1 &#8211; 2, le croisement de Fidji et Coban est parfait<\/span><\/p>\n<p style=\"text-align:center;\"><em><strong><a href=\"http:\/\/flyballbelgique2.files.wordpress.com\/2013\/08\/img_6168-800x600.jpg\"><img loading=\"lazy\" decoding=\"async\" class=\"aligncenter size-full wp-image-468\" alt=\"IMG_6168 [800x600]\" src=\"http:\/\/flyballbelgique2.files.wordpress.com\/2013\/08\/img_6168-800x600.jpg\" width=\"600\" height=\"399\"><\/a><\/strong><span style=\"color:#ff0000;\"><strong>Dernier croisement entre C<\/strong><\/span><strong><span style=\"color:#ff0000;\">oban et Siska qui vole vers le boxe&#8230; et remporte la manque d&rsquo;un centi\u00e8me de seconde&#8230;<\/span><br \/>\n<\/strong><\/em><\/p>\n<p><em><strong>et puis, lors de la suivante, les quatre chiens et leurs ma\u00eetresses donn\u00e8rent tout ce qu\u2019ils purent, arrachant la victoire de quelques fractions de seconde\u2026 Nous \u00e9tions champions d\u2019Europe&nbsp;!<\/strong><\/em><\/p>\n<p><em><strong>&nbsp;<em><strong><a href=\"http:\/\/flyballbelgique2.files.wordpress.com\/2013\/08\/img_6173-800x600.jpg\"><img loading=\"lazy\" decoding=\"async\" alt=\"IMG_6173 [800x600]\" src=\"http:\/\/flyballbelgique2.files.wordpress.com\/2013\/08\/img_6173-800x600.jpg\" width=\"600\" height=\"399\"><\/a><\/strong><\/em><\/strong><\/em><\/p>\n<p><em><strong>Vous imaginez sans peine notre joie et notre \u00e9motion\u2026<\/strong><\/em><\/p>\n<p><a href=\"http:\/\/flyballbelgique2.files.wordpress.com\/2013\/08\/img_6189-800x600.jpg\"><img loading=\"lazy\" decoding=\"async\" class=\"aligncenter size-full wp-image-470\" alt=\"IMG_6189 [800x600]\" src=\"http:\/\/flyballbelgique2.files.wordpress.com\/2013\/08\/img_6189-800x600.jpg\" width=\"600\" height=\"399\"><\/a><\/p>\n<p><a href=\"http:\/\/flyballbelgique2.files.wordpress.com\/2013\/08\/img_6187-800x600.jpg\"><img loading=\"lazy\" decoding=\"async\" class=\"aligncenter size-full wp-image-471\" alt=\"IMG_6187 [800x600]\" src=\"http:\/\/flyballbelgique2.files.wordpress.com\/2013\/08\/img_6187-800x600.jpg\" width=\"600\" height=\"399\"><\/a><em><strong>Apr\u00e8s les congratulations\u2026 nous d\u00e9mont\u00e2mes le mat\u00e9riel et la tente pour tout charger dans la remorque\u2026<\/strong><\/em><\/p>\n<p><em><strong><a href=\"http:\/\/flyballbelgique2.files.wordpress.com\/2013\/08\/img_6207-800x600.jpg\"><img loading=\"lazy\" decoding=\"async\" alt=\"IMG_6207 [800x600]\" src=\"http:\/\/flyballbelgique2.files.wordpress.com\/2013\/08\/img_6207-800x600.jpg\" width=\"600\" height=\"399\"><\/a>faire la photo d&rsquo;\u00e9quipe et revenir pr\u00e8s de l\u2019espace pr\u00e9vu pour la remise des prix.<\/strong><\/em><\/p>\n<p><em><strong>Nous e\u00fbmes \u00e9videmment les honneurs de la premi\u00e8re marche du podium tandis que les flash cr\u00e9pitaient\u2026<\/strong><\/em><\/p>\n<p><a href=\"http:\/\/flyballbelgique2.files.wordpress.com\/2013\/08\/img_6242-800x600.jpg\"><img loading=\"lazy\" decoding=\"async\" class=\"aligncenter size-full wp-image-473\" alt=\"IMG_6242 [800x600]\" src=\"http:\/\/flyballbelgique2.files.wordpress.com\/2013\/08\/img_6242-800x600.jpg\" width=\"600\" height=\"399\"><\/a><\/p>\n<p><a href=\"http:\/\/flyballbelgique2.files.wordpress.com\/2013\/08\/img_6243-800x600.jpg\"><img loading=\"lazy\" decoding=\"async\" class=\"aligncenter size-full wp-image-474\" alt=\"IMG_6243 [800x600]\" src=\"http:\/\/flyballbelgique2.files.wordpress.com\/2013\/08\/img_6243-800x600.jpg\" width=\"600\" height=\"399\"><\/a><\/p>\n<p><em><strong>&nbsp;Quelle victoire alors que notre \u00e9quipe est \u00e0 peine compl\u00e8te depuis le d\u00e9but de la saison\u2026 et que, l\u2019apr\u00e8s-midi, nous ne pouvons pas encore pr\u00e9voir de rel\u00e8ve si un de nos quatre chiens les plus efficaces a un souci.<\/strong><\/em><\/p>\n<p><em><strong>Et puis, soyons un peu chauvins, nous \u00e9tions aussi la seule et unique \u00e9quipe belge francophone inscrite \u00e0 ce championnat\u2026Et nous avons gagn\u00e9, c\u2019est y pas beau, \u00e7\u00e0&nbsp;???<\/strong><\/em><\/p>\n<p><em><strong>C\u2019est donc sur un petit nuage que nous avons repris la route du retour\u2026 et je pense que si nos chiens ont r\u00eav\u00e9 de balles et de croquettes, pour leurs ma\u00eetresses, \u00e7a a plut\u00f4t \u00e9t\u00e9 coupe et podium&nbsp;J<\/strong><\/em><\/p>\n<p><a href=\"http:\/\/flyballbelgique2.files.wordpress.com\/2013\/08\/dscn1156-800x600.jpg\"><img loading=\"lazy\" decoding=\"async\" class=\"aligncenter size-full wp-image-482\" alt=\"DSCN1156 [800x600]\" src=\"http:\/\/flyballbelgique2.files.wordpress.com\/2013\/08\/dscn1156-800x600.jpg\" width=\"600\" height=\"800\"><\/a><\/p>\n<p><em><strong>&nbsp;<\/strong><\/em><\/p>\n<p><em><strong>&nbsp;<\/strong><\/em><\/p>\n","protected":false},"excerpt":{"rendered":"<p>Cette ann\u00e9e, le championnat d\u2019Europe de flyball ou EFC se d\u00e9roulait du 23 au 25 ao\u00fbt \u00e0 Aartrijke, non loin de Bruges. 88 \u00e9quipes venues de Belgique, d\u2019Autriche, de France, de Tch\u00e9quie, d\u2019Allemagne, de Hongrie, des Pays-Bas, de Pologne et de Grande-Bretagne, r\u00e9parties en 15 divisions, allaient se mesurer du vendredi au dimanche. Le vendredi, [&hellip;]<\/p>\n","protected":false},"author":1,"featured_media":0,"comment_status":"closed","ping_status":"closed","sticky":false,"template":"","format":"standard","meta":{"_et_pb_use_builder":"","_et_pb_old_content":"","_et_gb_content_width":"","footnotes":""},"categories":[16,2,18,22,24,6,7,10,11,12,13],"tags":[30,34,35,39,41,42,43,44,45,49,51,52,56,59,61,62,63,64,65,67,70,37,78,81,104,105,108],"class_list":["post-446","post","type-post","status-publish","format-standard","hentry","category-bali","category-calendrier-sportif","category-coban","category-ella","category-fidji-male-brun-et-blanc","category-nos-chiens","category-nos-competitions","category-siska","category-soledad","category-the-arrows","category-the-blue-arrows","tag-aartrijke","tag-arrows","tag-arrows-blue-arrows","tag-beauceron","tag-belgique","tag-berger-de-beauce","tag-bfb","tag-blue-arrows","tag-border-collie","tag-brabant-wallon","tag-bruges","tag-bue-arrows","tag-championnat-deurope","tag-chien","tag-ciec","tag-club","tag-club-canin","tag-competition","tag-competition-canine","tag-concours","tag-efc-2013","tag-equipe","tag-flyball","tag-genval","tag-sport","tag-sport-canin","tag-the-arrows"],"_links":{"self":[{"href":"https:\/\/ciec.be\/flyballbelgique\/index.php\/wp-json\/wp\/v2\/posts\/446","targetHints":{"allow":["GET"]}}],"collection":[{"href":"https:\/\/ciec.be\/flyballbelgique\/index.php\/wp-json\/wp\/v2\/posts"}],"about":[{"href":"https:\/\/ciec.be\/flyballbelgique\/index.php\/wp-json\/wp\/v2\/types\/post"}],"author":[{"embeddable":true,"href":"https:\/\/ciec.be\/flyballbelgique\/index.php\/wp-json\/wp\/v2\/users\/1"}],"replies":[{"embeddable":true,"href":"https:\/\/ciec.be\/flyballbelgique\/index.php\/wp-json\/wp\/v2\/comments?post=446"}],"version-history":[{"count":1,"href":"https:\/\/ciec.be\/flyballbelgique\/index.php\/wp-json\/wp\/v2\/posts\/446\/revisions"}],"predecessor-version":[{"id":1571,"href":"https:\/\/ciec.be\/flyballbelgique\/index.php\/wp-json\/wp\/v2\/posts\/446\/revisions\/1571"}],"wp:attachment":[{"href":"https:\/\/ciec.be\/flyballbelgique\/index.php\/wp-json\/wp\/v2\/media?parent=446"}],"wp:term":[{"taxonomy":"category","embeddable":true,"href":"https:\/\/ciec.be\/flyballbelgique\/index.php\/wp-json\/wp\/v2\/categories?post=446"},{"taxonomy":"post_tag","embeddable":true,"href":"https:\/\/ciec.be\/flyballbelgique\/index.php\/wp-json\/wp\/v2\/tags?post=446"}],"curies":[{"name":"wp","href":"https:\/\/api.w.org\/{rel}","templated":true}]}}