{"id":400,"date":"2013-08-18T16:23:26","date_gmt":"2013-08-18T16:23:26","guid":{"rendered":"http:\/\/flyballbelgique2.wordpress.com\/?p=400"},"modified":"2013-08-18T16:23:26","modified_gmt":"2013-08-18T16:23:26","slug":"3-aout-chez-les-burning-paws","status":"publish","type":"post","link":"https:\/\/ciec.be\/flyballbelgique\/index.php\/2013\/08\/18\/3-aout-chez-les-burning-paws\/","title":{"rendered":"3 ao\u00fbt &#8211; Chez les Burning paws"},"content":{"rendered":"<p><em><strong>Ce dimanche 3 ao\u00fbt, nous \u00e9tions inscrits au concours organis\u00e9 par l\u2019\u00e9quipe des Burning Paws qui se d\u00e9roulait non loin de Heist op den Berg.<\/strong><\/em><\/p>\n<p><em><strong>C\u2019\u00e9tait une \u00ab\u00a0premi\u00e8re\u00a0\u00bb en effet le club a d\u00fb d\u00e9m\u00e9nager l\u2019an dernier, leur terrain \u00e9tant devenu \u00ab\u00a0zone verte\u00a0\u00bb.<\/strong><\/em><\/p>\n<p><em><strong>Cette fois, c\u2019est juste \u00e0 c\u00f4t\u00e9 d\u2019un ranch dans la plus pure tradition texane que nous allions jouer, dans une prairie habituellement occup\u00e9e par des chevaux\u00a0!<\/strong><\/em><\/p>\n<p><em><strong>Aubaine pour nos chiens qui appr\u00e9cient tout particuli\u00e8rement le crottin\u00a0!<\/strong><\/em><\/p>\n<p><em><strong>L\u2019installation de la tente se fit rapidement et fut minimaliste, le temps promettant d\u2019\u00eatre chaud.<\/strong><\/em><\/p>\n<p><em><strong>Comme d\u2019habitude, nous jouions en division 3, mais contre des inconnus en effet, notre dernier temps enregistr\u00e9 (19\u201925) nous opposait \u00e0 des \u00e9quipes sup\u00e9rieures en temps et avec un temps de division de 17\u201960, ce qui est vraiment tr\u00e8s \u00ab\u00a0bas\u00a0\u00bb.<\/strong><\/em><\/p>\n<p><em><strong>Bref, nous n\u2019avions gu\u00e8re de chance de gagner ou m\u00eame de nous placer bien haut dans le groupe des 5 concurrents.<\/strong><\/em><\/p>\n<p><em><strong>Pas question de baisser les bras, au contraire, nous allions pouvoir tester nos croisements d\u2019un peu plus pr\u00e8s\u00a0!<\/strong><\/em><\/p>\n<p><em><strong>De plus, nous comptions faire courir un maximum les deux chiennes les moins \u00ab\u00a0fiables\u00a0\u00bb\u00a0: Ella et Soledad afin de pr\u00e9server les autres, qui devraient tenir l\u2019apr\u00e8s-midi.<\/strong><\/em><\/p>\n<p><a href=\"http:\/\/flyballbelgique2.files.wordpress.com\/2013\/08\/img_3160-800x600.jpg\"><img loading=\"lazy\" decoding=\"async\" class=\"aligncenter size-full wp-image-401\" alt=\"IMG_3160 [800x600]\" src=\"http:\/\/flyballbelgique2.files.wordpress.com\/2013\/08\/img_3160-800x600.jpg\" width=\"600\" height=\"427\" \/><\/a><em><strong>Le matin fut occup\u00e9 par des rounds robins que nous perd\u00eemes avec une tr\u00e8s belle r\u00e9gularit\u00e9\u2026<\/strong><\/em><\/p>\n<p><a href=\"http:\/\/flyballbelgique2.files.wordpress.com\/2013\/08\/img_3563-800x600.jpg\"><img loading=\"lazy\" decoding=\"async\" class=\"aligncenter size-full wp-image-402\" alt=\"IMG_3563 [800x600]\" src=\"http:\/\/flyballbelgique2.files.wordpress.com\/2013\/08\/img_3563-800x600.jpg\" width=\"600\" height=\"267\" \/><\/a><em><strong>En 3<sup>e<\/sup> course, Ella, tr\u00e8s nerveuse et d\u00e9concentr\u00e9e, mordit profond\u00e9ment le bras de Sandy, la mettant hors course et m\u00eame si Laurence tenta de la renvoyer au boxe, rien n\u2019y fit\u00a0!<\/strong><\/em><\/p>\n<p><em><strong>Le temps de terminer notre parcours et Sandy avait \u00e9t\u00e9 prise en main par Gino et son \u00e9quipe qui utilis\u00e8rent leur bo\u00eete de secours flambant neuve pour d\u00e9sinfecter les plaies et les prot\u00e9ger.<\/strong><\/em><\/p>\n<p><a href=\"http:\/\/flyballbelgique2.files.wordpress.com\/2013\/08\/img_3171-800x600.jpg\"><img loading=\"lazy\" decoding=\"async\" class=\"aligncenter size-full wp-image-403\" alt=\"IMG_3171 [800x600]\" src=\"http:\/\/flyballbelgique2.files.wordpress.com\/2013\/08\/img_3171-800x600.jpg\" width=\"600\" height=\"400\" \/><\/a><em><strong>Pour la derni\u00e8re course du matin, nous align\u00e2mes les quatre border mais nous jouions contre les Black Brains 2, \u00e9quipe jouant en 18\u201910\u2026 M\u00eame en donnant le meilleur, nos chiens se firent coiffer au poteau, non sans faire une tr\u00e8s belle course\u2026<\/strong><\/em><\/p>\n<p><a href=\"http:\/\/flyballbelgique2.files.wordpress.com\/2013\/08\/img_3174-800x600.jpg\"><img loading=\"lazy\" decoding=\"async\" class=\"aligncenter size-full wp-image-404\" alt=\"IMG_3174 [800x600]\" src=\"http:\/\/flyballbelgique2.files.wordpress.com\/2013\/08\/img_3174-800x600.jpg\" width=\"600\" height=\"389\" \/><\/a><em><strong>A midi, nous \u00e9tions bons derniers au classement du matin, mais qu\u2019importe, nos chiens avaient fait de leur mieux, les ma\u00eetresses aussi, et c\u2019\u00e9tait le principal.<\/strong><\/em><\/p>\n<p><em><strong>Le temps de s\u2019offrir une petite frite et m\u00eame de dormir un petit peu dans des fauteuils pas bien confortables\u2026 mais suffisants et les choses s\u00e9rieuses reprenaient sur les terrains.<\/strong><\/em><\/p>\n<p><em><strong>La premi\u00e8re course nous opposait \u00e0 nouveau aux Black Brains 2et, tr\u00e8s normalement, nous f\u00fbmes battus.<\/strong><\/em><\/p>\n<p><a href=\"http:\/\/flyballbelgique2.files.wordpress.com\/2013\/08\/img_3188-800x600.jpg\"><img loading=\"lazy\" decoding=\"async\" class=\"aligncenter size-full wp-image-405\" alt=\"IMG_3188 [800x600]\" src=\"http:\/\/flyballbelgique2.files.wordpress.com\/2013\/08\/img_3188-800x600.jpg\" width=\"600\" height=\"400\" \/><\/a><em><strong>Une demi-heure plus tard c\u2019est aux K-otic Flyers Xtreme que nous \u00e9tions confront\u00e9s\u2026 et l\u00e0, nous e\u00fbmes un peu plus de chance en gagnant la course\u00a0!\u00a0 La journ\u00e9e n\u2019\u00e9tait pas perdue\u00a0J<\/strong><\/em><\/p>\n<p><em><strong>Mais nous ne perdions rien pour attendre en effet notre troisi\u00e8me course allait nous opposer, une nouvelle fois, aux Black Brains et c\u2019est tr\u00e8s logiquement que nous d\u00fbmes nous incliner devant leur rapidit\u00e9.<\/strong><\/em><\/p>\n<p><a href=\"http:\/\/flyballbelgique2.files.wordpress.com\/2013\/08\/img_3596-800x600.jpg\"><img loading=\"lazy\" decoding=\"async\" class=\"aligncenter size-full wp-image-406\" alt=\"IMG_3596 [800x600]\" src=\"http:\/\/flyballbelgique2.files.wordpress.com\/2013\/08\/img_3596-800x600.jpg\" width=\"600\" height=\"400\" \/><\/a><em><strong>Cette seconde \u00e9limination nous mettait out pour la journ\u00e9e\u2026 <\/strong><\/em><\/p>\n<p><a href=\"http:\/\/flyballbelgique2.files.wordpress.com\/2013\/08\/img_3676-800x600.jpg\"><img loading=\"lazy\" decoding=\"async\" class=\"aligncenter size-full wp-image-407\" alt=\"IMG_3676 [800x600]\" src=\"http:\/\/flyballbelgique2.files.wordpress.com\/2013\/08\/img_3676-800x600.jpg\" width=\"534\" height=\"800\" \/><\/a><\/p>\n<p><a href=\"http:\/\/flyballbelgique2.files.wordpress.com\/2013\/08\/img_3677-800x600.jpg\"><img loading=\"lazy\" decoding=\"async\" class=\"aligncenter size-full wp-image-408\" alt=\"IMG_3677 [800x600]\" src=\"http:\/\/flyballbelgique2.files.wordpress.com\/2013\/08\/img_3677-800x600.jpg\" width=\"533\" height=\"800\" \/><\/a><\/p>\n<p><a href=\"http:\/\/flyballbelgique2.files.wordpress.com\/2013\/08\/img_3909-800x600.jpg\"><img loading=\"lazy\" decoding=\"async\" class=\"aligncenter size-full wp-image-409\" alt=\"IMG_3909 [800x600]\" src=\"http:\/\/flyballbelgique2.files.wordpress.com\/2013\/08\/img_3909-800x600.jpg\" width=\"600\" height=\"456\" \/><\/a><em><strong>Nous e\u00fbmes donc le temps d\u2019aller nous offrir une petite glace (d\u00e9licieuse),<\/strong><\/em><\/p>\n<p><a href=\"http:\/\/flyballbelgique2.files.wordpress.com\/2013\/08\/20130804_162303-800x600.jpg\"><img loading=\"lazy\" decoding=\"async\" class=\"aligncenter size-full wp-image-443\" alt=\"20130804_162303 [800x600]\" src=\"http:\/\/flyballbelgique2.files.wordpress.com\/2013\/08\/20130804_162303-800x600.jpg\" width=\"600\" height=\"426\" \/><\/a><\/p>\n<p><a href=\"http:\/\/flyballbelgique2.files.wordpress.com\/2013\/08\/20130804_162315-800x600.jpg\"><img loading=\"lazy\" decoding=\"async\" class=\"aligncenter size-full wp-image-444\" alt=\"20130804_162315 [800x600]\" src=\"http:\/\/flyballbelgique2.files.wordpress.com\/2013\/08\/20130804_162315-800x600.jpg\" width=\"600\" height=\"449\" \/><\/a><em><strong>de discuter le coup et de faire le bilan des courses de la journ\u00e9e mais surtout d\u2019aller voir la finale dans notre division, finale opposant les Funny Jumpers (ou joue Jacky) aux Black Brains.<\/strong><\/em><\/p>\n<p><em><strong>Et ce fut d\u2019une courte t\u00eate que les Funny remport\u00e8rent la finale.<\/strong><\/em><\/p>\n<p><em><strong>Il \u00e9tait temps de d\u00e9monter la tente, de charger la remorque puis, alors qu\u2019une partie de l\u2019\u00e9quipe rentrait, ceux qui faisaient du covoiturage avec moi allaient attendre la remise des prix.<\/strong><\/em><\/p>\n<p><a href=\"http:\/\/flyballbelgique2.files.wordpress.com\/2013\/08\/img_4491-800x600.jpg\"><img loading=\"lazy\" decoding=\"async\" class=\"aligncenter size-full wp-image-410\" alt=\"IMG_4491 [800x600]\" src=\"http:\/\/flyballbelgique2.files.wordpress.com\/2013\/08\/img_4491-800x600.jpg\" width=\"600\" height=\"285\" \/><\/a><em><strong>Le retour se fit sans aucun probl\u00e8me\u2026 Et de retour \u00e0 la maison, je me suis empress\u00e9e d\u2019inscrire nos chiens pour la prochaine comp\u00e9tition\u2026<br \/>\n<\/strong><\/em><\/p>\n<p><a href=\"http:\/\/flyballbelgique2.files.wordpress.com\/2013\/08\/img_4497-800x600.jpg\"><img loading=\"lazy\" decoding=\"async\" class=\"aligncenter size-full wp-image-411\" alt=\"IMG_4497 [800x600]\" src=\"http:\/\/flyballbelgique2.files.wordpress.com\/2013\/08\/img_4497-800x600.jpg\" width=\"600\" height=\"399\" \/><\/a><\/p>\n","protected":false},"excerpt":{"rendered":"<p>Ce dimanche 3 ao\u00fbt, nous \u00e9tions inscrits au concours organis\u00e9 par l\u2019\u00e9quipe des Burning Paws qui se d\u00e9roulait non loin de Heist op den Berg. C\u2019\u00e9tait une \u00ab\u00a0premi\u00e8re\u00a0\u00bb en effet le club a d\u00fb d\u00e9m\u00e9nager l\u2019an dernier, leur terrain \u00e9tant devenu \u00ab\u00a0zone verte\u00a0\u00bb. Cette fois, c\u2019est juste \u00e0 c\u00f4t\u00e9 d\u2019un ranch dans la plus pure [&hellip;]<\/p>\n","protected":false},"author":1,"featured_media":0,"comment_status":"open","ping_status":"open","sticky":false,"template":"","format":"standard","meta":{"_et_pb_use_builder":"","_et_pb_old_content":"","_et_gb_content_width":"","footnotes":""},"categories":[16,18,22,24,6,7,10,11,12,13],"tags":[34,35,38,39,41,42,43,44,45,49,52,59,61,62,63,64,65,67,37,78,81,85,104,105,108],"class_list":["post-400","post","type-post","status-publish","format-standard","hentry","category-bali","category-coban","category-ella","category-fidji-male-brun-et-blanc","category-nos-chiens","category-nos-competitions","category-siska","category-soledad","category-the-arrows","category-the-blue-arrows","tag-arrows","tag-arrows-blue-arrows","tag-balle","tag-beauceron","tag-belgique","tag-berger-de-beauce","tag-bfb","tag-blue-arrows","tag-border-collie","tag-brabant-wallon","tag-bue-arrows","tag-chien","tag-ciec","tag-club","tag-club-canin","tag-competition","tag-competition-canine","tag-concours","tag-equipe","tag-flyball","tag-genval","tag-heist-op-den-berg","tag-sport","tag-sport-canin","tag-the-arrows"],"_links":{"self":[{"href":"https:\/\/ciec.be\/flyballbelgique\/index.php\/wp-json\/wp\/v2\/posts\/400","targetHints":{"allow":["GET"]}}],"collection":[{"href":"https:\/\/ciec.be\/flyballbelgique\/index.php\/wp-json\/wp\/v2\/posts"}],"about":[{"href":"https:\/\/ciec.be\/flyballbelgique\/index.php\/wp-json\/wp\/v2\/types\/post"}],"author":[{"embeddable":true,"href":"https:\/\/ciec.be\/flyballbelgique\/index.php\/wp-json\/wp\/v2\/users\/1"}],"replies":[{"embeddable":true,"href":"https:\/\/ciec.be\/flyballbelgique\/index.php\/wp-json\/wp\/v2\/comments?post=400"}],"version-history":[{"count":0,"href":"https:\/\/ciec.be\/flyballbelgique\/index.php\/wp-json\/wp\/v2\/posts\/400\/revisions"}],"wp:attachment":[{"href":"https:\/\/ciec.be\/flyballbelgique\/index.php\/wp-json\/wp\/v2\/media?parent=400"}],"wp:term":[{"taxonomy":"category","embeddable":true,"href":"https:\/\/ciec.be\/flyballbelgique\/index.php\/wp-json\/wp\/v2\/categories?post=400"},{"taxonomy":"post_tag","embeddable":true,"href":"https:\/\/ciec.be\/flyballbelgique\/index.php\/wp-json\/wp\/v2\/tags?post=400"}],"curies":[{"name":"wp","href":"https:\/\/api.w.org\/{rel}","templated":true}]}}