{"id":351,"date":"2013-07-26T08:31:22","date_gmt":"2013-07-26T08:31:22","guid":{"rendered":"http:\/\/flyballbelgique2.wordpress.com\/?p=351"},"modified":"2013-07-26T08:31:22","modified_gmt":"2013-07-26T08:31:22","slug":"21-juillet-grand-prix-de-normandie","status":"publish","type":"post","link":"https:\/\/ciec.be\/flyballbelgique\/index.php\/2013\/07\/26\/21-juillet-grand-prix-de-normandie\/","title":{"rendered":"21 juillet \u2013 Grand prix de Normandie"},"content":{"rendered":"<p><em><strong>Cette fois, le grand prix de Normandie se d\u00e9roulait dans un environnement prestigieux, celui du ch\u00e2teau de Maltot, situ\u00e9 en toute proche banlieue de Caen, \u00e0 une dizaine de minutes de notre h\u00f4tel.<\/strong><\/em><\/p>\n<p><a href=\"http:\/\/flyballbelgique2.files.wordpress.com\/2013\/07\/affiche-800x600.jpg\"><img loading=\"lazy\" decoding=\"async\" class=\"aligncenter size-full wp-image-353\" alt=\"affiche [800x600]\" src=\"http:\/\/flyballbelgique2.files.wordpress.com\/2013\/07\/affiche-800x600.jpg\" width=\"576\" height=\"800\" \/><\/a><\/p>\n<p><em><strong>Super, pas besoin de se lever \u00e0 l\u2019aurore\u00a0!!<\/strong><\/em><\/p>\n<p><em><strong>C\u2019est ainsi que, tr\u00e8s rapidement, nous arrivions sur place\u2026 Un vaste terrain de football \u00e9tait mis \u00e0 la disposition des 19 \u00e9quipes inscrites et nous e\u00fbmes t\u00f4t fait, apr\u00e8s avoir v\u00e9rifi\u00e9 l\u2019orientation, de nous installer en bordure d\u2019un bosquet, bien \u00e0 l\u2019ombre, car la journ\u00e9e promettait d\u2019\u00eatre chaude, dans tous les sens du terme\u00a0!<\/strong><\/em><\/p>\n<p><em><strong>Nous n\u2019avions, comme abri, que les deux tonnelles, bien suffisantes pour nous prot\u00e9ger, nous et les chiens\u2026<\/strong><\/em><\/p>\n<p><em><strong>C\u00f4t\u00e9 \u00e9quipe, outre les ma\u00eetres habituels, nous n\u2019avions pas de coach, Laurence \u00e9tant retenue en Belgique pour son boulot, par contre, nous pouvions compter sur le soutien de Chantal et de Yves, ma\u00eetres de Judy\u00a0!<\/strong><\/em><\/p>\n<p><a href=\"http:\/\/flyballbelgique2.files.wordpress.com\/2013\/07\/p1010660-800x600.jpg\"><img loading=\"lazy\" decoding=\"async\" class=\"aligncenter size-full wp-image-382\" alt=\"P1010660 [800x600]\" src=\"http:\/\/flyballbelgique2.files.wordpress.com\/2013\/07\/p1010660-800x600.jpg\" width=\"600\" height=\"450\" \/><\/a><em><strong>Ainsi que sur celle de Chantal, la soeur de Jean-Luc, au ramassage des balles !<\/strong><\/em><\/p>\n<p><a href=\"http:\/\/flyballbelgique2.files.wordpress.com\/2013\/07\/p1010661-800x600.jpg\"><img loading=\"lazy\" decoding=\"async\" class=\"aligncenter size-full wp-image-383\" alt=\"P1010661 [800x600]\" src=\"http:\/\/flyballbelgique2.files.wordpress.com\/2013\/07\/p1010661-800x600.jpg\" width=\"600\" height=\"450\" \/><\/a><em><strong><em><strong>Et n&rsquo;oublions pas Christiaan, des TFC, qui depuis la derni\u00e8re comp\u00e9tition, nous fait l&rsquo;immense plaisir de nous immortaliser en photos&#8230; C&rsquo;est d&rsquo;ailleurs gr\u00e2ce \u00e0 lui que vous pourrez vous \u00ab\u00a0rincer l&rsquo;oeil\u00a0\u00bb avec la majorit\u00e9 des photos de cet article !<\/strong><\/em><\/strong><\/em><\/p>\n<p><em><strong>Pour la premi\u00e8re fois depuis la naissance de l&rsquo;\u00e9quipe des Blue Arrows, nous pouvions aligner 6 chiens en effet Soledad a repris du service\u2026 et, comme Ella, nous avions convenu de la faire jouer le matin.<\/strong><\/em><\/p>\n<p><em><strong>Nous \u00e9tions 5 \u00e9quipes dans la 3<sup>e<\/sup> division, et des Round Robin \u00e9taient pr\u00e9vus le matin.<\/strong><\/em><\/p>\n<p><em><strong>Nous devions jouer 4 courses, et nous rencontr\u00e2mes donc successivement les Fire burning paws\u00a0<\/strong><\/em><\/p>\n<p><a href=\"http:\/\/flyballbelgique2.files.wordpress.com\/2013\/07\/img_1651-800x600.jpg\"><img loading=\"lazy\" decoding=\"async\" class=\"aligncenter size-full wp-image-352\" alt=\"IMG_1651 [800x600]\" src=\"http:\/\/flyballbelgique2.files.wordpress.com\/2013\/07\/img_1651-800x600.jpg\" width=\"600\" height=\"399\" \/><\/a><\/p>\n<p><a href=\"http:\/\/flyballbelgique2.files.wordpress.com\/2013\/07\/img_1659-800x600.jpg\"><img loading=\"lazy\" decoding=\"async\" class=\"aligncenter size-full wp-image-354\" alt=\"IMG_1659 [800x600]\" src=\"http:\/\/flyballbelgique2.files.wordpress.com\/2013\/07\/img_1659-800x600.jpg\" width=\"600\" height=\"399\" \/><\/a><\/p>\n<p><a href=\"http:\/\/flyballbelgique2.files.wordpress.com\/2013\/07\/img_1661-800x600.jpg\"><img loading=\"lazy\" decoding=\"async\" class=\"aligncenter size-full wp-image-355\" alt=\"IMG_1661 [800x600]\" src=\"http:\/\/flyballbelgique2.files.wordpress.com\/2013\/07\/img_1661-800x600.jpg\" width=\"600\" height=\"399\" \/><\/a><\/p>\n<p><a href=\"http:\/\/flyballbelgique2.files.wordpress.com\/2013\/07\/img_1667-800x600.jpg\"><img loading=\"lazy\" decoding=\"async\" class=\"aligncenter size-full wp-image-356\" alt=\"IMG_1667 [800x600]\" src=\"http:\/\/flyballbelgique2.files.wordpress.com\/2013\/07\/img_1667-800x600.jpg\" width=\"600\" height=\"399\" \/><\/a><\/p>\n<p><a href=\"http:\/\/flyballbelgique2.files.wordpress.com\/2013\/07\/img_1675-800x600.jpg\"><img loading=\"lazy\" decoding=\"async\" class=\"aligncenter size-full wp-image-357\" alt=\"IMG_1675 [800x600]\" src=\"http:\/\/flyballbelgique2.files.wordpress.com\/2013\/07\/img_1675-800x600.jpg\" width=\"600\" height=\"399\" \/><\/a><\/p>\n<p><a href=\"http:\/\/flyballbelgique2.files.wordpress.com\/2013\/07\/img_1689-800x600.jpg\"><img loading=\"lazy\" decoding=\"async\" class=\"aligncenter size-full wp-image-358\" alt=\"IMG_1689 [800x600]\" src=\"http:\/\/flyballbelgique2.files.wordpress.com\/2013\/07\/img_1689-800x600.jpg\" width=\"600\" height=\"399\" \/><\/a><em><strong>suivis des Black brains 3<\/strong><\/em><\/p>\n<p><a href=\"http:\/\/flyballbelgique2.files.wordpress.com\/2013\/07\/img_1734-800x600.jpg\"><img loading=\"lazy\" decoding=\"async\" class=\"aligncenter size-full wp-image-359\" alt=\"IMG_1734 [800x600]\" src=\"http:\/\/flyballbelgique2.files.wordpress.com\/2013\/07\/img_1734-800x600.jpg\" width=\"600\" height=\"399\" \/><\/a><\/p>\n<p><a href=\"http:\/\/flyballbelgique2.files.wordpress.com\/2013\/07\/img_1741-800x600.jpg\"><img loading=\"lazy\" decoding=\"async\" class=\"aligncenter size-full wp-image-360\" alt=\"IMG_1741 [800x600]\" src=\"http:\/\/flyballbelgique2.files.wordpress.com\/2013\/07\/img_1741-800x600.jpg\" width=\"600\" height=\"399\" \/><\/a><\/p>\n<p><a href=\"http:\/\/flyballbelgique2.files.wordpress.com\/2013\/07\/img_1745-800x600.jpg\"><img loading=\"lazy\" decoding=\"async\" class=\"aligncenter size-full wp-image-361\" alt=\"IMG_1745 [800x600]\" src=\"http:\/\/flyballbelgique2.files.wordpress.com\/2013\/07\/img_1745-800x600.jpg\" width=\"600\" height=\"399\" \/><\/a><\/p>\n<p><a href=\"http:\/\/flyballbelgique2.files.wordpress.com\/2013\/07\/img_1752-800x600.jpg\"><img loading=\"lazy\" decoding=\"async\" class=\"aligncenter size-full wp-image-362\" alt=\"IMG_1752 [800x600]\" src=\"http:\/\/flyballbelgique2.files.wordpress.com\/2013\/07\/img_1752-800x600.jpg\" width=\"600\" height=\"399\" \/><\/a><\/p>\n<p><a href=\"http:\/\/flyballbelgique2.files.wordpress.com\/2013\/07\/img_1759-800x600.jpg\"><img loading=\"lazy\" decoding=\"async\" class=\"aligncenter size-full wp-image-363\" alt=\"IMG_1759 [800x600]\" src=\"http:\/\/flyballbelgique2.files.wordpress.com\/2013\/07\/img_1759-800x600.jpg\" width=\"600\" height=\"399\" \/><\/a><em><strong>puis des Crazy dogs, une \u00e9quipe venue de la r\u00e9gion parisienne<\/strong><\/em><\/p>\n<p><a href=\"http:\/\/flyballbelgique2.files.wordpress.com\/2013\/07\/img_1826-800x600.jpg\"><img loading=\"lazy\" decoding=\"async\" class=\"aligncenter size-full wp-image-364\" alt=\"IMG_1826 [800x600]\" src=\"http:\/\/flyballbelgique2.files.wordpress.com\/2013\/07\/img_1826-800x600.jpg\" width=\"600\" height=\"399\" \/><\/a><\/p>\n<p><a href=\"http:\/\/flyballbelgique2.files.wordpress.com\/2013\/07\/img_1838-800x600.jpg\"><img loading=\"lazy\" decoding=\"async\" class=\"aligncenter size-full wp-image-365\" alt=\"IMG_1838 [800x600]\" src=\"http:\/\/flyballbelgique2.files.wordpress.com\/2013\/07\/img_1838-800x600.jpg\" width=\"600\" height=\"399\" \/><\/a><\/p>\n<p><a href=\"http:\/\/flyballbelgique2.files.wordpress.com\/2013\/07\/img_1843-800x600.jpg\"><img loading=\"lazy\" decoding=\"async\" class=\"aligncenter size-full wp-image-366\" alt=\"IMG_1843 [800x600]\" src=\"http:\/\/flyballbelgique2.files.wordpress.com\/2013\/07\/img_1843-800x600.jpg\" width=\"600\" height=\"399\" \/><\/a><em><strong>et enfin les Dalton jumpers.<\/strong><\/em><\/p>\n<p><a href=\"http:\/\/flyballbelgique2.files.wordpress.com\/2013\/07\/img_1864-800x600.jpg\"><img loading=\"lazy\" decoding=\"async\" class=\"aligncenter size-full wp-image-367\" alt=\"IMG_1864 [800x600]\" src=\"http:\/\/flyballbelgique2.files.wordpress.com\/2013\/07\/img_1864-800x600.jpg\" width=\"600\" height=\"399\" \/><\/a><\/p>\n<p><a href=\"http:\/\/flyballbelgique2.files.wordpress.com\/2013\/07\/img_1865-800x600.jpg\"><img loading=\"lazy\" decoding=\"async\" class=\"aligncenter size-full wp-image-368\" alt=\"IMG_1865 [800x600]\" src=\"http:\/\/flyballbelgique2.files.wordpress.com\/2013\/07\/img_1865-800x600.jpg\" width=\"600\" height=\"399\" \/><\/a><\/p>\n<p><a href=\"http:\/\/flyballbelgique2.files.wordpress.com\/2013\/07\/img_1883-800x600.jpg\"><img loading=\"lazy\" decoding=\"async\" class=\"aligncenter size-full wp-image-369\" alt=\"IMG_1883 [800x600]\" src=\"http:\/\/flyballbelgique2.files.wordpress.com\/2013\/07\/img_1883-800x600.jpg\" width=\"600\" height=\"399\" \/><\/a><\/p>\n<p><a href=\"http:\/\/flyballbelgique2.files.wordpress.com\/2013\/07\/img_1889-800x600.jpg\"><img loading=\"lazy\" decoding=\"async\" class=\"aligncenter size-full wp-image-370\" alt=\"IMG_1889 [800x600]\" src=\"http:\/\/flyballbelgique2.files.wordpress.com\/2013\/07\/img_1889-800x600.jpg\" width=\"600\" height=\"399\" \/><\/a><\/p>\n<p><a href=\"http:\/\/flyballbelgique2.files.wordpress.com\/2013\/07\/img_1895-800x600.jpg\"><img loading=\"lazy\" decoding=\"async\" class=\"aligncenter size-full wp-image-371\" alt=\"IMG_1895 [800x600]\" src=\"http:\/\/flyballbelgique2.files.wordpress.com\/2013\/07\/img_1895-800x600.jpg\" width=\"600\" height=\"399\" \/><\/a><\/p>\n<p><a href=\"http:\/\/flyballbelgique2.files.wordpress.com\/2013\/07\/img_1899-800x600.jpg\"><img loading=\"lazy\" decoding=\"async\" class=\"aligncenter size-full wp-image-372\" alt=\"IMG_1899 [800x600]\" src=\"http:\/\/flyballbelgique2.files.wordpress.com\/2013\/07\/img_1899-800x600.jpg\" width=\"600\" height=\"399\" \/><\/a><\/p>\n<p><em><strong>A la mi-journ\u00e9e, nous nous placions en 3<sup>e<\/sup> position avec un meilleur temps de 20\u201901, temps assez int\u00e9ressant au vu de la chaleur qui avait envahit le terrain au fur et \u00e0 mesure de l\u2019approche de la mi-journ\u00e9e.<\/strong><\/em><\/p>\n<p><em><strong>Nos h\u00f4tes du club des Normand dogs avait bien fait les choses, pr\u00e9voyant de l\u2019eau en suffisance pour arroser les chiens et m\u00eame un \u00e9norme bac dans lequel ceux qui le voulaient pouvaient barboter pour se rafra\u00eechir entre deux courses.<\/strong><\/em><\/p>\n<p><em><strong>Juste apr\u00e8s les manches du matin, les organisateurs propos\u00e8rent aux chefs d\u2019\u00e9quipe de jouer les doubles \u00e9liminations en 3 manches et non en 5 comme habituellement, ceci afin de pr\u00e9server les chiens et les ma\u00eetres du soleil de plomb.\u00a0 Tout le monde ayant donn\u00e9 son accord, la pause commen\u00e7a.<\/strong><\/em><\/p>\n<p><a href=\"http:\/\/flyballbelgique2.files.wordpress.com\/2013\/07\/p1010850-800x600.jpg\"><img loading=\"lazy\" decoding=\"async\" class=\"aligncenter size-full wp-image-385\" alt=\"P1010850 [800x600]\" src=\"http:\/\/flyballbelgique2.files.wordpress.com\/2013\/07\/p1010850-800x600.jpg\" width=\"600\" height=\"450\" \/><\/a><\/p>\n<p><a href=\"http:\/\/flyballbelgique2.files.wordpress.com\/2013\/07\/p1010855-800x600.jpg\"><img loading=\"lazy\" decoding=\"async\" class=\"aligncenter size-full wp-image-386\" alt=\"P1010855 [800x600]\" src=\"http:\/\/flyballbelgique2.files.wordpress.com\/2013\/07\/p1010855-800x600.jpg\" width=\"600\" height=\"450\" \/><\/a><\/p>\n<p><a href=\"http:\/\/flyballbelgique2.files.wordpress.com\/2013\/07\/p1010856-800x600.jpg\"><img loading=\"lazy\" decoding=\"async\" class=\"aligncenter size-full wp-image-387\" alt=\"P1010856 [800x600]\" src=\"http:\/\/flyballbelgique2.files.wordpress.com\/2013\/07\/p1010856-800x600.jpg\" width=\"600\" height=\"450\" \/><\/a><\/p>\n<p><em><strong>L\u2019apr\u00e8s-midi, nous d\u00e9marrions contre les Fire Burning paws que nous batt\u00eemes assez facilement.<\/strong><\/em><\/p>\n<p><a href=\"http:\/\/flyballbelgique2.files.wordpress.com\/2013\/07\/img_2314-800x600.jpg\"><img loading=\"lazy\" decoding=\"async\" class=\"aligncenter size-full wp-image-373\" alt=\"IMG_2314 [800x600]\" src=\"http:\/\/flyballbelgique2.files.wordpress.com\/2013\/07\/img_2314-800x600.jpg\" width=\"600\" height=\"399\" \/><\/a><\/p>\n<p><a href=\"http:\/\/flyballbelgique2.files.wordpress.com\/2013\/07\/img_2318-800x600.jpg\"><img loading=\"lazy\" decoding=\"async\" class=\"aligncenter size-full wp-image-374\" alt=\"IMG_2318 [800x600]\" src=\"http:\/\/flyballbelgique2.files.wordpress.com\/2013\/07\/img_2318-800x600.jpg\" width=\"600\" height=\"399\" \/><\/a><em><strong>En deuxi\u00e8me lieu, nous avions affaire \u00e0 forte partie face aux Crazy dogs\u2026 qui remport\u00e8rent la course.<\/strong><\/em><\/p>\n<p><a href=\"http:\/\/flyballbelgique2.files.wordpress.com\/2013\/07\/img_2458-800x600.jpg\"><img loading=\"lazy\" decoding=\"async\" class=\"aligncenter size-full wp-image-375\" alt=\"IMG_2458 [800x600]\" src=\"http:\/\/flyballbelgique2.files.wordpress.com\/2013\/07\/img_2458-800x600.jpg\" width=\"600\" height=\"399\" \/><\/a><\/p>\n<p><a href=\"http:\/\/flyballbelgique2.files.wordpress.com\/2013\/07\/img_2465-800x600.jpg\"><img loading=\"lazy\" decoding=\"async\" class=\"aligncenter size-full wp-image-376\" alt=\"IMG_2465 [800x600]\" src=\"http:\/\/flyballbelgique2.files.wordpress.com\/2013\/07\/img_2465-800x600.jpg\" width=\"600\" height=\"399\" \/><\/a><em><strong>Nous rencontr\u00e2mes ensuite les Black Brains <\/strong><\/em><\/p>\n<p><em><strong><a href=\"http:\/\/flyballbelgique2.files.wordpress.com\/2013\/07\/img_2491-800x600.jpg\"><img loading=\"lazy\" decoding=\"async\" alt=\"IMG_2491 [800x600]\" src=\"http:\/\/flyballbelgique2.files.wordpress.com\/2013\/07\/img_2491-800x600.jpg\" width=\"600\" height=\"399\" \/><\/a>que nous renvoy\u00e2mes au vestiaire\u2026 avant de nous retrouver, en finale, face aux Crazy dogs.<\/strong><\/em><\/p>\n<p><a href=\"http:\/\/flyballbelgique2.files.wordpress.com\/2013\/07\/img_2528-800x600.jpg\"><img loading=\"lazy\" decoding=\"async\" class=\"aligncenter size-full wp-image-378\" alt=\"IMG_2528 [800x600]\" src=\"http:\/\/flyballbelgique2.files.wordpress.com\/2013\/07\/img_2528-800x600.jpg\" width=\"600\" height=\"399\" \/><\/a><\/p>\n<p><a href=\"http:\/\/flyballbelgique2.files.wordpress.com\/2013\/07\/img_2536-800x600.jpg\"><img loading=\"lazy\" decoding=\"async\" class=\"aligncenter size-full wp-image-379\" alt=\"IMG_2536 [800x600]\" src=\"http:\/\/flyballbelgique2.files.wordpress.com\/2013\/07\/img_2536-800x600.jpg\" width=\"600\" height=\"399\" \/><\/a><\/p>\n<p><a href=\"http:\/\/flyballbelgique2.files.wordpress.com\/2013\/07\/img_2545-800x600.jpg\"><img loading=\"lazy\" decoding=\"async\" class=\"aligncenter size-full wp-image-380\" alt=\"IMG_2545 [800x600]\" src=\"http:\/\/flyballbelgique2.files.wordpress.com\/2013\/07\/img_2545-800x600.jpg\" width=\"600\" height=\"399\" \/><\/a><em><strong>La premi\u00e8re course nous fut favorable mais, comme les Crazy dogs \u00e9taient invaincus l\u2019apr\u00e8s-midi, nous devions rejouer une belle\u2026<\/strong><\/em><\/p>\n<p><a href=\"http:\/\/flyballbelgique2.files.wordpress.com\/2013\/07\/img_2579-800x600.jpg\"><img loading=\"lazy\" decoding=\"async\" class=\"aligncenter size-full wp-image-381\" alt=\"IMG_2579 [800x600]\" src=\"http:\/\/flyballbelgique2.files.wordpress.com\/2013\/07\/img_2579-800x600.jpg\" width=\"600\" height=\"399\" \/><\/a><em><strong>Ce que nous f\u00eemes, un peu plus tard\u2026 mais cette fois, la pression aidant, nos croisements ne furent pas bons et c\u2019est avec une fraction de seconde \u00e0 peine que nous nous inclinions devant l\u2019\u00e9quipe parisienne\u2026<\/strong><\/em><\/p>\n<p><a href=\"http:\/\/flyballbelgique2.files.wordpress.com\/2013\/07\/p1010858-800x600.jpg\"><img loading=\"lazy\" decoding=\"async\" class=\"aligncenter size-full wp-image-388\" alt=\"P1010858 [800x600]\" src=\"http:\/\/flyballbelgique2.files.wordpress.com\/2013\/07\/p1010858-800x600.jpg\" width=\"600\" height=\"800\" \/><\/a><em><strong>Nous remportions une deuxi\u00e8me place plus qu\u2019honorable\u2026et, comme nous dit Jacky lors de la remise des prix \u00ab\u00a0on ne peut pas gagner \u00e0 tous les coups\u00a0\u00bb\u00a0!!!<\/strong><\/em><\/p>\n<p><em><strong>En conclusion de ce concours, il nous reste \u00e0 parfaire encore nos croisements\u2026 et \u00e0 saluer le retour en piste de Soledad qui, gr\u00e2ce \u00e0 sa pr\u00e9sence le matin, a permis aux 4 mousquetaires de l\u2019apr\u00e8s-midi de se reposer un peu plus que d\u2019habitude\u00a0!<\/strong><\/em><\/p>\n<p><em><strong>Prochain rendez-vous dans 15 jours\u2026<\/strong><\/em><\/p>\n<p><em><strong>\u00a0<\/strong><\/em><\/p>\n","protected":false},"excerpt":{"rendered":"<p>Cette fois, le grand prix de Normandie se d\u00e9roulait dans un environnement prestigieux, celui du ch\u00e2teau de Maltot, situ\u00e9 en toute proche banlieue de Caen, \u00e0 une dizaine de minutes de notre h\u00f4tel. Super, pas besoin de se lever \u00e0 l\u2019aurore\u00a0!! C\u2019est ainsi que, tr\u00e8s rapidement, nous arrivions sur place\u2026 Un vaste terrain de football [&hellip;]<\/p>\n","protected":false},"author":1,"featured_media":0,"comment_status":"open","ping_status":"open","sticky":false,"template":"","format":"standard","meta":{"_et_pb_use_builder":"","_et_pb_old_content":"","_et_gb_content_width":"","footnotes":""},"categories":[16,18,22,24,6,7,10,11,12,13],"tags":[34,35,39,41,42,43,44,45,46,49,52,53,58,59,61,62,63,64,65,67,37,78,80,81,83,93,104,105,107,108],"class_list":["post-351","post","type-post","status-publish","format-standard","hentry","category-bali","category-coban","category-ella","category-fidji-male-brun-et-blanc","category-nos-chiens","category-nos-competitions","category-siska","category-soledad","category-the-arrows","category-the-blue-arrows","tag-arrows","tag-arrows-blue-arrows","tag-beauceron","tag-belgique","tag-berger-de-beauce","tag-bfb","tag-blue-arrows","tag-border-collie","tag-bouledogue-francais","tag-brabant-wallon","tag-bue-arrows","tag-caen","tag-chateau","tag-chien","tag-ciec","tag-club","tag-club-canin","tag-competition","tag-competition-canine","tag-concours","tag-equipe","tag-flyball","tag-france","tag-genval","tag-grand-prix-de-normandie","tag-maltot","tag-sport","tag-sport-canin","tag-tfc","tag-the-arrows"],"_links":{"self":[{"href":"https:\/\/ciec.be\/flyballbelgique\/index.php\/wp-json\/wp\/v2\/posts\/351","targetHints":{"allow":["GET"]}}],"collection":[{"href":"https:\/\/ciec.be\/flyballbelgique\/index.php\/wp-json\/wp\/v2\/posts"}],"about":[{"href":"https:\/\/ciec.be\/flyballbelgique\/index.php\/wp-json\/wp\/v2\/types\/post"}],"author":[{"embeddable":true,"href":"https:\/\/ciec.be\/flyballbelgique\/index.php\/wp-json\/wp\/v2\/users\/1"}],"replies":[{"embeddable":true,"href":"https:\/\/ciec.be\/flyballbelgique\/index.php\/wp-json\/wp\/v2\/comments?post=351"}],"version-history":[{"count":0,"href":"https:\/\/ciec.be\/flyballbelgique\/index.php\/wp-json\/wp\/v2\/posts\/351\/revisions"}],"wp:attachment":[{"href":"https:\/\/ciec.be\/flyballbelgique\/index.php\/wp-json\/wp\/v2\/media?parent=351"}],"wp:term":[{"taxonomy":"category","embeddable":true,"href":"https:\/\/ciec.be\/flyballbelgique\/index.php\/wp-json\/wp\/v2\/categories?post=351"},{"taxonomy":"post_tag","embeddable":true,"href":"https:\/\/ciec.be\/flyballbelgique\/index.php\/wp-json\/wp\/v2\/tags?post=351"}],"curies":[{"name":"wp","href":"https:\/\/api.w.org\/{rel}","templated":true}]}}