{"id":309,"date":"2013-06-26T07:29:43","date_gmt":"2013-06-26T07:29:43","guid":{"rendered":"http:\/\/flyballbelgique2.wordpress.com\/?p=309"},"modified":"2013-06-26T07:29:43","modified_gmt":"2013-06-26T07:29:43","slug":"23-juin-competition-a-brecht","status":"publish","type":"post","link":"https:\/\/ciec.be\/flyballbelgique\/index.php\/2013\/06\/26\/23-juin-competition-a-brecht\/","title":{"rendered":"23 juin &#8211; Comp\u00e9tition \u00e0 Brecht"},"content":{"rendered":"<p><em><strong>Ce dimanche 23 juin, c\u2019est \u00e0 Brecht, au club des Black Brains, que nous avions rendez-vous.<\/strong><\/em><\/p>\n<p><em><strong>Nous jouions dans la cours des grands en effet, apr\u00e8s notre excellent r\u00e9sultat de la Hollande o\u00f9 nous avions battu le record de l\u2019\u00e9quipe avec un temps de 19\u201916, nous nous placions, pour cette comp\u00e9tition, en division 3 sur les 6 organis\u00e9es\u00a0!<\/strong><\/em><\/p>\n<p><em><strong>Autant dire que m\u00eame si le thermom\u00e8tre restait frileux, la journ\u00e9e serait chaude pour nous.<\/strong><\/em><\/p>\n<p><em><strong>Pour ajouter encore un souci, Sylviane \u00e9tait absente et c\u2019est donc Laurence qui s\u2019occupait de Bali.<\/strong><\/em><\/p>\n<p><em><strong>Nous avions aussi le plaisir d\u2019avoir deux mains suppl\u00e9mentaires en la personne de Val\u00e9rie, venue avec Rosie, et qui allait jouer l\u2019aboyeur pour les courses de la matin\u00e9e.<\/strong><\/em><\/p>\n<p><em><strong>Notre position dans la 3<sup>e<\/sup> division nous faisait jouer vers 10h, nous avions donc bien le temps de monter la tente du moment que l\u2019inscription avait \u00e9t\u00e9 confirm\u00e9e au secr\u00e9tariat.<\/strong><\/em><\/p>\n<p><em><strong>Etant les premi\u00e8res sur place, Nadine, Sandy et moi mont\u00e2mes la petite tente, question de nous abriter de la pluie qui jouait \u00e0 cache-cache avec les nuages et un vent s\u00e9rieux.<\/strong><\/em><\/p>\n<p><em><strong>Lorsque le reste de l\u2019\u00e9quipe arriva, nous mont\u00e2mes la grande tente puis nous install\u00e2mes pour attendre notre tour.<\/strong><\/em><\/p>\n<p><em><strong>Pas \u00e9vident de tout faire en m\u00eame temps, mais gr\u00e2ce \u00e0 la pr\u00e9sence de Val\u00e9rie, nous avons enfin quelques photos \u00e0 vous proposer !<\/strong><\/em><\/p>\n<p style=\"text-align:center;\"><a href=\"http:\/\/flyballbelgique2.files.wordpress.com\/2013\/06\/dscn0720-800x600.jpg\"><img loading=\"lazy\" decoding=\"async\" class=\"aligncenter size-full wp-image-310\" alt=\"DSCN0720 [800x600]\" src=\"http:\/\/flyballbelgique2.files.wordpress.com\/2013\/06\/dscn0720-800x600.jpg\" width=\"600\" height=\"450\" \/><\/a><em><strong><span style=\"color:#ff0000;\">Bon, alors le jaune avec le rouge ou le vert ?<\/span><\/strong><\/em><\/p>\n<p style=\"text-align:center;\"><a href=\"http:\/\/flyballbelgique2.files.wordpress.com\/2013\/06\/dscn0722-800x600.jpg\"><img loading=\"lazy\" decoding=\"async\" class=\"aligncenter size-full wp-image-311\" alt=\"DSCN0722 [800x600]\" src=\"http:\/\/flyballbelgique2.files.wordpress.com\/2013\/06\/dscn0722-800x600.jpg\" width=\"600\" height=\"450\" \/><\/a><span style=\"color:#ff0000;\"><em><strong>Les chiens attendent patiemment que les ma\u00eetres pr\u00e9parent leur espace&#8230;<\/strong><\/em><\/span><\/p>\n<p style=\"text-align:center;\"><a href=\"http:\/\/flyballbelgique2.files.wordpress.com\/2013\/06\/dscn0726-800x600.jpg\"><img loading=\"lazy\" decoding=\"async\" class=\"aligncenter size-full wp-image-312\" alt=\"DSCN0726 [800x600]\" src=\"http:\/\/flyballbelgique2.files.wordpress.com\/2013\/06\/dscn0726-800x600.jpg\" width=\"600\" height=\"450\" \/><\/a><span style=\"color:#ff0000;\"><em><strong>les barres sont en place, \u00e0 pr\u00e9sent, la toile !<\/strong><\/em><\/span><\/p>\n<p style=\"text-align:center;\"><a href=\"http:\/\/flyballbelgique2.files.wordpress.com\/2013\/06\/dscn0728-800x600.jpg\"><img loading=\"lazy\" decoding=\"async\" class=\"aligncenter size-full wp-image-313\" alt=\"DSCN0728 [800x600]\" src=\"http:\/\/flyballbelgique2.files.wordpress.com\/2013\/06\/dscn0728-800x600.jpg\" width=\"600\" height=\"450\" \/><\/a><span style=\"color:#ff0000;\"><em><strong>La toiture est fix\u00e9e, sans oublier les sangles qui emp\u00eacheront la tente de s&rsquo;envoler&#8230;<\/strong><\/em><\/span><\/p>\n<p style=\"text-align:center;\"><a href=\"http:\/\/flyballbelgique2.files.wordpress.com\/2013\/06\/dscn0732-800x600.jpg\"><img loading=\"lazy\" decoding=\"async\" class=\"aligncenter size-full wp-image-314\" alt=\"DSCN0732 [800x600]\" src=\"http:\/\/flyballbelgique2.files.wordpress.com\/2013\/06\/dscn0732-800x600.jpg\" width=\"600\" height=\"450\" \/><\/a><span style=\"color:#ff0000;\"><em><strong>Mission accomplie&#8230; et voici l&rsquo;installation de nos toutous !<\/strong><\/em><\/span><\/p>\n<p><em><strong>La premi\u00e8re manche nous opposait aux Bee Jumpers\u2026 Nous \u00e9tions bien r\u00f4d\u00e9es, Val\u00e9rie savait comment faire son boulot\u2026 mais Ella avait d\u00e9cid\u00e9 qu\u2019elle ferait de son nez\u2026 Elle d\u00e9marra donc un peu n\u2019importe comment, nous faisant perdre pas mal de temps.<\/strong><\/em><\/p>\n<p><em><strong>Nous ne gagn\u00e2mes qu\u2019une course sur les trois mais Laurence et Bali avaient eu l\u2019occasion de se tester mutuellement.<\/strong><\/em><\/p>\n<p><em><strong>Les trois autres courses, qui nous oppos\u00e8rent respectivement aux Dalton, aux Quickstep et enfin aux Turbo dogs ne furent gu\u00e8re meilleures\u2026 Et c\u2019est donc une sixi\u00e8me place tout \u00e0 fait pr\u00e9visible qui fut affich\u00e9e \u00e0 la mi-journ\u00e9e.<\/strong><\/em><\/p>\n<p><em><strong>Nous avions \u00e0 pr\u00e9sent plus que le temps de nous restaurer&#8230;<\/strong> <\/em><\/p>\n<p><a href=\"http:\/\/flyballbelgique2.files.wordpress.com\/2013\/06\/dscn0743-800x600.jpg\"><img loading=\"lazy\" decoding=\"async\" class=\"aligncenter size-full wp-image-315\" alt=\"DSCN0743 [800x600]\" src=\"http:\/\/flyballbelgique2.files.wordpress.com\/2013\/06\/dscn0743-800x600.jpg\" width=\"600\" height=\"450\" \/><\/a><em><strong>Val\u00e9rie, que d\u2019autres occupations attendaient, nous quitta \u00e0 ce moment.<\/strong><\/em><\/p>\n<p><em><strong>L\u2019apr\u00e8s-midi, le terrain \u00e9tait tout aussi lourd que le matin, si pas plus, vu la pluie qui continuait de venir g\u00e2cher, par moments, les \u00e9preuves.<\/strong><\/em><\/p>\n<p><em><strong>La premi\u00e8re course des doubles \u00e9liminations nous opposa aux Bee Jumpers.\u00a0 Au moment o\u00f9 nous montions sur le terrain, une averse particuli\u00e8rement forte commen\u00e7a \u00e0 nous arroser copieusement, douchant ma\u00eetres et chiens et rendant le terrain lourd mais heureusement, pas trop glissant\u2026Malgr\u00e9 de bonnes manches des chiens et une tentative, r\u00e9ussie, de reprise, nous d\u00fbmes tout de m\u00eame nous incliner.<\/strong><\/em><\/p>\n<p><em><strong>La course suivant nous opposait une nouvelle fois aux Turbo dogs, mais, l\u00e0 aussi, nos chiens ne firent pas des \u00e9tincelles question temps de course et nous perd\u00eemes aussi cette s\u00e9rie de courses\u2026 Pour nous, la journ\u00e9e \u00e9tait finie, du moins sur le terrain,.<\/strong><\/em><\/p>\n<p><em><strong>Mais nous nous inclinions sans regrets, en effet nos chiens avaient assur\u00e9 et s&rsquo;\u00e9taient amus\u00e9s\u2026 et \u00e7a, c&rsquo;est le principal.<\/strong><\/em><\/p>\n<p><em><strong>Au fur et \u00e0 mesure que les finales se terminaient, les concurrents d\u00e9montaient leur tente, nous f\u00eemes de m\u00eame en profitant d\u2019une \u00e9claircie qui, conjugu\u00e9e au vent, avait s\u00e9ch\u00e9 les toiles de notre tente.<\/strong><\/em><\/p>\n<p><em><strong>Le temps d\u2019accrocher la remorque et nous allions prendre un dernier verre sous la tente du bar, en attendant la remise des prix.<\/strong><\/em><\/p>\n<p><em><strong>Celle-ci termin\u00e9e, nous repr\u00eemes la route pour un retour sans histoire\u2026<\/strong><\/em><\/p>\n<p><em><strong>Et dimanche prochain, nous remettons le couvert\u00a0!<\/strong><\/em><\/p>\n","protected":false},"excerpt":{"rendered":"<p>Ce dimanche 23 juin, c\u2019est \u00e0 Brecht, au club des Black Brains, que nous avions rendez-vous. Nous jouions dans la cours des grands en effet, apr\u00e8s notre excellent r\u00e9sultat de la Hollande o\u00f9 nous avions battu le record de l\u2019\u00e9quipe avec un temps de 19\u201916, nous nous placions, pour cette comp\u00e9tition, en division 3 sur [&hellip;]<\/p>\n","protected":false},"author":1,"featured_media":0,"comment_status":"open","ping_status":"open","sticky":false,"template":"","format":"standard","meta":{"_et_pb_use_builder":"","_et_pb_old_content":"","_et_gb_content_width":"","footnotes":""},"categories":[16,18,22,24,6,7,10,12,13],"tags":[34,35,39,41,42,44,45,49,52,59,61,62,63,64,65,67,37,78,81,104,105,108],"class_list":["post-309","post","type-post","status-publish","format-standard","hentry","category-bali","category-coban","category-ella","category-fidji-male-brun-et-blanc","category-nos-chiens","category-nos-competitions","category-siska","category-the-arrows","category-the-blue-arrows","tag-arrows","tag-arrows-blue-arrows","tag-beauceron","tag-belgique","tag-berger-de-beauce","tag-blue-arrows","tag-border-collie","tag-brabant-wallon","tag-bue-arrows","tag-chien","tag-ciec","tag-club","tag-club-canin","tag-competition","tag-competition-canine","tag-concours","tag-equipe","tag-flyball","tag-genval","tag-sport","tag-sport-canin","tag-the-arrows"],"_links":{"self":[{"href":"https:\/\/ciec.be\/flyballbelgique\/index.php\/wp-json\/wp\/v2\/posts\/309","targetHints":{"allow":["GET"]}}],"collection":[{"href":"https:\/\/ciec.be\/flyballbelgique\/index.php\/wp-json\/wp\/v2\/posts"}],"about":[{"href":"https:\/\/ciec.be\/flyballbelgique\/index.php\/wp-json\/wp\/v2\/types\/post"}],"author":[{"embeddable":true,"href":"https:\/\/ciec.be\/flyballbelgique\/index.php\/wp-json\/wp\/v2\/users\/1"}],"replies":[{"embeddable":true,"href":"https:\/\/ciec.be\/flyballbelgique\/index.php\/wp-json\/wp\/v2\/comments?post=309"}],"version-history":[{"count":0,"href":"https:\/\/ciec.be\/flyballbelgique\/index.php\/wp-json\/wp\/v2\/posts\/309\/revisions"}],"wp:attachment":[{"href":"https:\/\/ciec.be\/flyballbelgique\/index.php\/wp-json\/wp\/v2\/media?parent=309"}],"wp:term":[{"taxonomy":"category","embeddable":true,"href":"https:\/\/ciec.be\/flyballbelgique\/index.php\/wp-json\/wp\/v2\/categories?post=309"},{"taxonomy":"post_tag","embeddable":true,"href":"https:\/\/ciec.be\/flyballbelgique\/index.php\/wp-json\/wp\/v2\/tags?post=309"}],"curies":[{"name":"wp","href":"https:\/\/api.w.org\/{rel}","templated":true}]}}