{"id":295,"date":"2013-05-01T10:44:40","date_gmt":"2013-05-01T10:44:40","guid":{"rendered":"http:\/\/flyballbelgique2.wordpress.com\/?p=295"},"modified":"2013-05-01T10:44:40","modified_gmt":"2013-05-01T10:44:40","slug":"la-releve-se-prepare","status":"publish","type":"post","link":"https:\/\/ciec.be\/flyballbelgique\/index.php\/2013\/05\/01\/la-releve-se-prepare\/","title":{"rendered":"La rel\u00e8ve se pr\u00e9pare"},"content":{"rendered":"<p><em><strong>Nous allons vers le beau temps&#8230; Les entra\u00eenements se succ\u00e8dent et deviennent plus pointus, de nouvelles t\u00eates font leur apparition&#8230;<\/strong><\/em><\/p>\n<p><em><strong>Entre deux courses, repos \u00e0 l&rsquo;ombre pour les chiens de l&rsquo;\u00e9quipe\u00a0 et leurs ma\u00eetres<\/strong><\/em><\/p>\n<p><a href=\"http:\/\/flyballbelgique2.files.wordpress.com\/2013\/05\/20130424_153434.jpg\"><img loading=\"lazy\" decoding=\"async\" class=\"aligncenter size-full wp-image-296\" alt=\"20130424_153434\" src=\"http:\/\/flyballbelgique2.files.wordpress.com\/2013\/05\/20130424_153434.jpg\" width=\"600\" height=\"450\" \/><\/a><\/p>\n<p><em><strong>Pendant que Maya (la d\u00e9butante de service) et sa ma\u00eetresse, s&rsquo;entra\u00eenent<\/strong><\/em><\/p>\n<p><a href=\"http:\/\/flyballbelgique2.files.wordpress.com\/2013\/05\/20130424_153449.jpg\"><img loading=\"lazy\" decoding=\"async\" class=\"aligncenter size-full wp-image-298\" alt=\"20130424_153449\" src=\"http:\/\/flyballbelgique2.files.wordpress.com\/2013\/05\/20130424_153449.jpg\" width=\"600\" height=\"450\" \/><\/a><\/p>\n<p><a href=\"http:\/\/flyballbelgique2.files.wordpress.com\/2013\/05\/20130424_153654_17.jpg\"><img loading=\"lazy\" decoding=\"async\" class=\"aligncenter size-full wp-image-299\" alt=\"20130424_153654_17\" src=\"http:\/\/flyballbelgique2.files.wordpress.com\/2013\/05\/20130424_153654_17.jpg\" width=\"600\" height=\"450\" \/><\/a><\/p>\n<p><a href=\"http:\/\/flyballbelgique2.files.wordpress.com\/2013\/05\/20130424_153452.jpg\"><img loading=\"lazy\" decoding=\"async\" class=\"aligncenter size-full wp-image-300\" alt=\"20130424_153452\" src=\"http:\/\/flyballbelgique2.files.wordpress.com\/2013\/05\/20130424_153452.jpg\" width=\"600\" height=\"450\" \/><\/a><\/p>\n<p>&nbsp;<\/p>\n","protected":false},"excerpt":{"rendered":"<p>Nous allons vers le beau temps&#8230; Les entra\u00eenements se succ\u00e8dent et deviennent plus pointus, de nouvelles t\u00eates font leur apparition&#8230; Entre deux courses, repos \u00e0 l&rsquo;ombre pour les chiens de l&rsquo;\u00e9quipe\u00a0 et leurs ma\u00eetres Pendant que Maya (la d\u00e9butante de service) et sa ma\u00eetresse, s&rsquo;entra\u00eenent &nbsp;<\/p>\n","protected":false},"author":1,"featured_media":0,"comment_status":"open","ping_status":"open","sticky":false,"template":"","format":"standard","meta":{"_et_pb_use_builder":"","_et_pb_old_content":"","_et_gb_content_width":"","footnotes":""},"categories":[3,6,10,12,13],"tags":[34,35,38,39,41,43,44,45,49,52,59,61,62,63,64,65,72,37,78,81,104,105,108],"class_list":["post-295","post","type-post","status-publish","format-standard","hentry","category-entrainements-de-nos-equipes","category-nos-chiens","category-siska","category-the-arrows","category-the-blue-arrows","tag-arrows","tag-arrows-blue-arrows","tag-balle","tag-beauceron","tag-belgique","tag-bfb","tag-blue-arrows","tag-border-collie","tag-brabant-wallon","tag-bue-arrows","tag-chien","tag-ciec","tag-club","tag-club-canin","tag-competition","tag-competition-canine","tag-entrainement","tag-equipe","tag-flyball","tag-genval","tag-sport","tag-sport-canin","tag-the-arrows"],"_links":{"self":[{"href":"https:\/\/ciec.be\/flyballbelgique\/index.php\/wp-json\/wp\/v2\/posts\/295","targetHints":{"allow":["GET"]}}],"collection":[{"href":"https:\/\/ciec.be\/flyballbelgique\/index.php\/wp-json\/wp\/v2\/posts"}],"about":[{"href":"https:\/\/ciec.be\/flyballbelgique\/index.php\/wp-json\/wp\/v2\/types\/post"}],"author":[{"embeddable":true,"href":"https:\/\/ciec.be\/flyballbelgique\/index.php\/wp-json\/wp\/v2\/users\/1"}],"replies":[{"embeddable":true,"href":"https:\/\/ciec.be\/flyballbelgique\/index.php\/wp-json\/wp\/v2\/comments?post=295"}],"version-history":[{"count":0,"href":"https:\/\/ciec.be\/flyballbelgique\/index.php\/wp-json\/wp\/v2\/posts\/295\/revisions"}],"wp:attachment":[{"href":"https:\/\/ciec.be\/flyballbelgique\/index.php\/wp-json\/wp\/v2\/media?parent=295"}],"wp:term":[{"taxonomy":"category","embeddable":true,"href":"https:\/\/ciec.be\/flyballbelgique\/index.php\/wp-json\/wp\/v2\/categories?post=295"},{"taxonomy":"post_tag","embeddable":true,"href":"https:\/\/ciec.be\/flyballbelgique\/index.php\/wp-json\/wp\/v2\/tags?post=295"}],"curies":[{"name":"wp","href":"https:\/\/api.w.org\/{rel}","templated":true}]}}