{"id":248,"date":"2012-11-18T18:24:59","date_gmt":"2012-11-18T18:24:59","guid":{"rendered":"http:\/\/flyballbelgique2.wordpress.com\/?p=248"},"modified":"2012-11-18T18:24:59","modified_gmt":"2012-11-18T18:24:59","slug":"entrainements-dhiver","status":"publish","type":"post","link":"https:\/\/ciec.be\/flyballbelgique\/index.php\/2012\/11\/18\/entrainements-dhiver\/","title":{"rendered":"Entra\u00eenements d&rsquo;hiver"},"content":{"rendered":"<p><em><strong>La mauvaise saison arrive, les entra\u00eenements vont donc \u00eatre quelque peu modifi\u00e9s.<\/strong><\/em><\/p>\n<p><em><strong>Si le mercredi reste inchang\u00e9, le samedi, nous aurons les cours individuels pour d\u00e9butants de 11 \u00e0 12h et de 12h \u00e0 13h l&rsquo;entra\u00eenement de l&rsquo;\u00e9quipe.<\/strong><\/em><\/p>\n<p><em><strong>Il n&rsquo;y aura pas cours si le sol est gel\u00e9 ou s&rsquo;il neige.<\/strong><\/em><\/p>\n","protected":false},"excerpt":{"rendered":"<p>La mauvaise saison arrive, les entra\u00eenements vont donc \u00eatre quelque peu modifi\u00e9s. Si le mercredi reste inchang\u00e9, le samedi, nous aurons les cours individuels pour d\u00e9butants de 11 \u00e0 12h et de 12h \u00e0 13h l&rsquo;entra\u00eenement de l&rsquo;\u00e9quipe. Il n&rsquo;y aura pas cours si le sol est gel\u00e9 ou s&rsquo;il neige.<\/p>\n","protected":false},"author":1,"featured_media":0,"comment_status":"open","ping_status":"open","sticky":false,"template":"","format":"standard","meta":{"_et_pb_use_builder":"","_et_pb_old_content":"","_et_gb_content_width":"","footnotes":""},"categories":[3,12],"tags":[34,44,49,61,62,72,78,81,106],"class_list":["post-248","post","type-post","status-publish","format-standard","hentry","category-entrainements-de-nos-equipes","category-the-arrows","tag-arrows","tag-blue-arrows","tag-brabant-wallon","tag-ciec","tag-club","tag-entrainement","tag-flyball","tag-genval","tag-sports-canins"],"_links":{"self":[{"href":"https:\/\/ciec.be\/flyballbelgique\/index.php\/wp-json\/wp\/v2\/posts\/248","targetHints":{"allow":["GET"]}}],"collection":[{"href":"https:\/\/ciec.be\/flyballbelgique\/index.php\/wp-json\/wp\/v2\/posts"}],"about":[{"href":"https:\/\/ciec.be\/flyballbelgique\/index.php\/wp-json\/wp\/v2\/types\/post"}],"author":[{"embeddable":true,"href":"https:\/\/ciec.be\/flyballbelgique\/index.php\/wp-json\/wp\/v2\/users\/1"}],"replies":[{"embeddable":true,"href":"https:\/\/ciec.be\/flyballbelgique\/index.php\/wp-json\/wp\/v2\/comments?post=248"}],"version-history":[{"count":0,"href":"https:\/\/ciec.be\/flyballbelgique\/index.php\/wp-json\/wp\/v2\/posts\/248\/revisions"}],"wp:attachment":[{"href":"https:\/\/ciec.be\/flyballbelgique\/index.php\/wp-json\/wp\/v2\/media?parent=248"}],"wp:term":[{"taxonomy":"category","embeddable":true,"href":"https:\/\/ciec.be\/flyballbelgique\/index.php\/wp-json\/wp\/v2\/categories?post=248"},{"taxonomy":"post_tag","embeddable":true,"href":"https:\/\/ciec.be\/flyballbelgique\/index.php\/wp-json\/wp\/v2\/tags?post=248"}],"curies":[{"name":"wp","href":"https:\/\/api.w.org\/{rel}","templated":true}]}}