{"id":102,"date":"2012-11-02T08:48:57","date_gmt":"2012-11-02T08:48:57","guid":{"rendered":"http:\/\/flyballbelgique2.wordpress.com\/?p=102"},"modified":"2012-11-02T08:48:57","modified_gmt":"2012-11-02T08:48:57","slug":"beerzel-17-avril-2011-premier-concours-des-arrows","status":"publish","type":"post","link":"https:\/\/ciec.be\/flyballbelgique\/index.php\/2012\/11\/02\/beerzel-17-avril-2011-premier-concours-des-arrows\/","title":{"rendered":"Beerzel &#8211; 17 avril 2011 &#8211; Premier concours des Arrows"},"content":{"rendered":"<p><em><strong>Le<\/strong> <\/em><b><i>17 avril, date importante puisque c&rsquo;est celle de notre premier concours sous le nom des arrows, m\u00eame si nous sommes encore en \u00e9quipe mixte avec les Bats !!<\/i><\/b><br \/>\n<b><i>6 chiens (et leur ma\u00eetre) \u00e9taient inscrits : pour les Blue Arrows : Bali, Fidji, Ella et Soledad, pour les Bats, Flight et Robin, deux border collie.\u00a0 Ajoutons les indispensables \u00ab\u00a0petites mains\u00a0\u00bb : Liota, aboyeur, Monique, ramasseur de balles, Laurence, coach de terrain et moi-m\u00eame, coach d&rsquo;\u00e9quipe + toutes les petites t\u00e2ches entourant l&rsquo;\u00e9quipe (hauteur des haies, v\u00e9rification des temps&#8230;), et Sh\u00fb, 1an et demi, mascotte en titre de l&rsquo;\u00e9quipe !<\/i><\/b><br \/>\n<b><i>Puisque c&rsquo;\u00e9tait notre premi\u00e8re comp\u00e9tition, nous n&rsquo;avions pas pu donner de temps limite, du coup, nous nous trouvions dans la division 5 (la plus \u00ab\u00a0basse\u00a0\u00bb) avec un temps limite de 22.30 secondes.<\/i><\/b><br \/>\n<b><i>Lors de l&rsquo;entra\u00eenement du jeudi pr\u00e9c\u00e9dent, nous en avions \u00e9videmment beaucoup parl\u00e9 parce que les 4 borders \u00ab\u00a0rod\u00e9s\u00a0\u00bb (Bali, Fidji, Flight et Robin) faisaient un temps nettement inf\u00e9rieur, il nous faudrait donc \u00eatre prudents dans les courses o\u00f9 ils se retrouveraient \u00e0 eux 4.\u00a0 Par contre, les courses o\u00f9 Ella et Soledad figureraient, l\u00e0 nous serions dans un temps acceptable.<\/i><\/b><br \/>\n<b><i>La journ\u00e9e commen\u00e7a \u00e0 6h30, par le d\u00e9marrage de Genval, remorque bien fix\u00e9e et tout le mat\u00e9riel + une partie des participants sur le pied de guerre.<\/i><\/b><br \/>\n<b><i>Nous arriv\u00e2mes 1 heure plus tard au club, o\u00f9 nous install\u00e2mes notre tente.<\/i><\/b><\/p>\n<p><img loading=\"lazy\" decoding=\"async\" class=\"aligncenter size-full wp-image-103\" title=\"100_7221\" alt=\"\" src=\"http:\/\/flyballbelgique2.files.wordpress.com\/2012\/11\/100_7221.jpg\" height=\"450\" width=\"600\" \/><br \/>\n<img loading=\"lazy\" decoding=\"async\" class=\"aligncenter size-full wp-image-105\" title=\"100_7222\" alt=\"\" src=\"http:\/\/flyballbelgique2.files.wordpress.com\/2012\/11\/100_72221.jpg\" height=\"450\" width=\"600\" \/><br \/>\n<b><i>Apr\u00e8s l&rsquo;inscription, le mesurage des chiens, la r\u00e9union des chefs d&rsquo;\u00e9quipe, les premi\u00e8res courses commenc\u00e8rent.<\/i><\/b><\/p>\n<p><img loading=\"lazy\" decoding=\"async\" class=\"aligncenter size-full wp-image-106\" title=\"100_7223\" alt=\"\" src=\"http:\/\/flyballbelgique2.files.wordpress.com\/2012\/11\/100_7223.jpg\" height=\"450\" width=\"600\" \/><\/p>\n<p><em><strong>Bali en retour de boxe<\/strong><\/em><\/p>\n<p><img loading=\"lazy\" decoding=\"async\" class=\"aligncenter size-full wp-image-107\" title=\"100_7225\" alt=\"\" src=\"http:\/\/flyballbelgique2.files.wordpress.com\/2012\/11\/100_7225.jpg\" height=\"450\" width=\"600\" \/><\/p>\n<p><em><strong>Soledad au boxe<\/strong><\/em><\/p>\n<p><img loading=\"lazy\" decoding=\"async\" class=\"aligncenter size-full wp-image-108\" title=\"100_7227\" alt=\"\" src=\"http:\/\/flyballbelgique2.files.wordpress.com\/2012\/11\/100_7227.jpg\" height=\"450\" width=\"600\" \/><\/p>\n<p><em><strong>Pr\u00eats pour le d\u00e9part d&rsquo;une nouvelle manche ?<\/strong><\/em><\/p>\n<p><img loading=\"lazy\" decoding=\"async\" class=\"aligncenter size-full wp-image-109\" title=\"100_7229\" alt=\"\" src=\"http:\/\/flyballbelgique2.files.wordpress.com\/2012\/11\/100_7229.jpg\" height=\"450\" width=\"600\" \/><\/p>\n<p><em><strong>Un beau retour pour Fidji<\/strong><\/em><\/p>\n<p><b><i>Ella, inqui\u00e8te, ne fit pas de parcours corrects, nous d\u00fbmes donc rapidement la remplacer par Soledad, les autres chiens jouant, chacun \u00e0 leur tour, pour former une \u00e9quipe de 4.<\/i><\/b><br \/>\n<b><i>Bien s\u00fbr, le temps des 4 border fut particuli\u00e8rement bas, il fallut donc en tenir compte syst\u00e9matiquement et ne pas laisser partir les chiens trop vite sous peine de perdre la manche. Vers 13h, les round robin \u00e9taient termin\u00e9es&#8230; nous all\u00e2mes voir quand nous devions courir l&rsquo;apr\u00e8s-midi et l\u00e0, surprise, nous \u00e9tions premiers des 6 \u00e9quipes de notre division !!!\u00a0 Personne n&rsquo;en revenait !<\/i><\/b><br \/>\n<b><i>L&rsquo;apr\u00e8s-midi, les choses s\u00e9rieuses commen\u00e7aient, nous jouions pour une place au classement du jour !<\/i><\/b><\/p>\n<p><img loading=\"lazy\" decoding=\"async\" class=\"aligncenter size-full wp-image-110\" title=\"100_7231\" alt=\"\" src=\"http:\/\/flyballbelgique2.files.wordpress.com\/2012\/11\/100_7231.jpg\" height=\"450\" width=\"600\" \/><br \/>\n<b><i>l&rsquo;\u00e9quipe, bien r\u00f4d\u00e9e, fit des flammes d\u00e8s la premi\u00e8re course&#8230;\u00a0 Mais, au moment o\u00f9 nous sortions du terrain, catastrophe : une mini tornade venait de se lever, de secouer la tente de restauration, de soulever un nuage de poussi\u00e8re sur le parking puis d&#8217;emener notre tente \u00e0 plusieurs m\u00e8tres du sol avant de cesser brusquement&#8230; Nous v\u00eemes donc avec horreur la toile et les piquets s&rsquo;abattre sur une autre tente&#8230;<\/i><\/b><br \/>\n<b><i>Tout le monde se pr\u00e9cipita pour aider les personnes prises sous l&rsquo;amas de tissu et de m\u00e9tal&#8230; heureusement, une seule personne avait re\u00e7u un coup sans trop de gravit\u00e9, mais les piquets de notre tente \u00e9taient pli\u00e9s comme s&rsquo;ils \u00e9taient en vulgaire plasticine&#8230; de nombreuses mains secourables nous aid\u00e8rent \u00e0 d\u00e9monter le mat\u00e9riel et tout fut remis dans la remorque&#8230;<\/i><\/b><br \/>\n<b><i>Mais sur le terrain, le spectacle continuait et nous n&rsquo;e\u00fbmes gu\u00e8re le temps de nous apitoyer sur le mat\u00e9riel, il fallait jouer !! De victoire en d\u00e9faite, nous nous retrouv\u00e2mes dans le quart puis la demi-finale&#8230; Incroyable pour une premi\u00e8re participation&#8230;<\/i><\/b><\/p>\n<p><img loading=\"lazy\" decoding=\"async\" class=\"aligncenter size-full wp-image-111\" title=\"100_7233\" alt=\"\" src=\"http:\/\/flyballbelgique2.files.wordpress.com\/2012\/11\/100_7233.jpg\" height=\"450\" width=\"600\" \/><br \/>\n<b><i>Une manche acharn\u00e9e nous opposa aux \u00ab\u00a02 fast\u00a0\u00bb mais, finalement, nous d\u00fbmes nous incliner&#8230; Gagnant une magnifique 2e place&#8230; Un double podium pour ce premier jour de comp\u00e9tition, que demander de plus ?<\/i><\/b><br \/>\n<img loading=\"lazy\" decoding=\"async\" class=\"aligncenter size-full wp-image-112\" title=\"100_7234\" alt=\"\" src=\"http:\/\/flyballbelgique2.files.wordpress.com\/2012\/11\/100_7234.jpg\" height=\"450\" width=\"600\" \/><\/p>\n<p><em><strong>Les vedettes du jour<\/strong><\/em><br \/>\n<img loading=\"lazy\" decoding=\"async\" class=\"aligncenter size-full wp-image-113\" title=\"100_7235\" alt=\"\" src=\"http:\/\/flyballbelgique2.files.wordpress.com\/2012\/11\/100_7235.jpg\" height=\"450\" width=\"600\" \/><br \/>\n<b><i>Le troph\u00e9e de notre premi\u00e8re place en round robin;<\/i><\/b><br \/>\n<b><i>Bravo \u00e0 tous !!!<\/i><\/b><\/p>\n<p>&nbsp;<\/p>\n","protected":false},"excerpt":{"rendered":"<p>Le 17 avril, date importante puisque c&rsquo;est celle de notre premier concours sous le nom des arrows, m\u00eame si nous sommes encore en \u00e9quipe mixte avec les Bats !! 6 chiens (et leur ma\u00eetre) \u00e9taient inscrits : pour les Blue Arrows : Bali, Fidji, Ella et Soledad, pour les Bats, Flight et Robin, deux border [&hellip;]<\/p>\n","protected":false},"author":1,"featured_media":0,"comment_status":"open","ping_status":"open","sticky":false,"template":"","format":"standard","meta":{"_et_pb_use_builder":"","_et_pb_old_content":"","_et_gb_content_width":"","footnotes":""},"categories":[16,22,24,6,7,11,12],"tags":[40,59,61,64,78,105],"class_list":["post-102","post","type-post","status-publish","format-standard","hentry","category-bali","category-ella","category-fidji-male-brun-et-blanc","category-nos-chiens","category-nos-competitions","category-soledad","category-the-arrows","tag-beerzel","tag-chien","tag-ciec","tag-competition","tag-flyball","tag-sport-canin"],"_links":{"self":[{"href":"https:\/\/ciec.be\/flyballbelgique\/index.php\/wp-json\/wp\/v2\/posts\/102","targetHints":{"allow":["GET"]}}],"collection":[{"href":"https:\/\/ciec.be\/flyballbelgique\/index.php\/wp-json\/wp\/v2\/posts"}],"about":[{"href":"https:\/\/ciec.be\/flyballbelgique\/index.php\/wp-json\/wp\/v2\/types\/post"}],"author":[{"embeddable":true,"href":"https:\/\/ciec.be\/flyballbelgique\/index.php\/wp-json\/wp\/v2\/users\/1"}],"replies":[{"embeddable":true,"href":"https:\/\/ciec.be\/flyballbelgique\/index.php\/wp-json\/wp\/v2\/comments?post=102"}],"version-history":[{"count":0,"href":"https:\/\/ciec.be\/flyballbelgique\/index.php\/wp-json\/wp\/v2\/posts\/102\/revisions"}],"wp:attachment":[{"href":"https:\/\/ciec.be\/flyballbelgique\/index.php\/wp-json\/wp\/v2\/media?parent=102"}],"wp:term":[{"taxonomy":"category","embeddable":true,"href":"https:\/\/ciec.be\/flyballbelgique\/index.php\/wp-json\/wp\/v2\/categories?post=102"},{"taxonomy":"post_tag","embeddable":true,"href":"https:\/\/ciec.be\/flyballbelgique\/index.php\/wp-json\/wp\/v2\/tags?post=102"}],"curies":[{"name":"wp","href":"https:\/\/api.w.org\/{rel}","templated":true}]}}