{"id":991,"date":"2013-12-15T15:25:12","date_gmt":"2013-12-15T15:25:12","guid":{"rendered":"http:\/\/ciecgenval.wordpress.com\/?p=991"},"modified":"2013-12-15T15:25:12","modified_gmt":"2013-12-15T15:25:12","slug":"calendrier-des-promenades-2014","status":"publish","type":"post","link":"https:\/\/ciec.be\/blog\/index.php\/2013\/12\/15\/calendrier-des-promenades-2014\/","title":{"rendered":"Calendrier des promenades 2014"},"content":{"rendered":"<p><em><strong>Voici l&rsquo;agenda des promenades pour 2014.\u00a0 Les lieux ne sont pas indiqu\u00e9s, je suis ouverte \u00e0 toute proposition pour peu que la promenade se fasse dans le Brabant Wallon de pr\u00e9f\u00e9rence ou du c\u00f4t\u00e9 de Bruxelles.\u00a0 Balade d&rsquo;environ 2h + possibilit\u00e9 de pouvoir se restaurer dans les environs, \u00e0 prix d\u00e9mocratique et si possible, chiens accept\u00e9s.<\/strong><\/em><br \/>\n<em><strong>Id\u00e9alement, nous recherchons des endroits o\u00f9 les chiens peuvent \u00eatre l\u00e2ch\u00e9s.<\/strong><\/em><\/p>\n<p><em><strong>19 janvier<\/strong><\/em><br \/>\n<em><strong>16 f\u00e9vrier<\/strong><\/em><br \/>\n<em><strong>16 mars<\/strong><\/em><br \/>\n<em><strong>27 avril<\/strong><\/em><br \/>\n<em><strong>25 mai<\/strong><\/em><br \/>\n<em><strong>du 7 au 9 juin : balade \u00e0 Calais<\/strong><\/em><br \/>\n<em><strong>17 au 21 juillet : Normandie<\/strong><\/em><br \/>\n<em><strong>10 ao\u00fbt<\/strong><\/em><br \/>\n<em><strong>12 octobre<\/strong><\/em> : <em><strong>barrage de l&rsquo;eau d&rsquo;Heure<\/strong><\/em><br \/>\n<em><strong>23 novembre<\/strong><strong> : mer du nord<\/strong><\/em><br \/>\n<em><strong>14 d\u00e9cembre<\/strong><\/em><\/p>\n","protected":false},"excerpt":{"rendered":"<p>Voici l&rsquo;agenda des promenades pour 2014.\u00a0 Les lieux ne sont pas indiqu\u00e9s, je suis ouverte \u00e0 toute proposition pour peu que la promenade se fasse dans le Brabant Wallon de pr\u00e9f\u00e9rence ou du c\u00f4t\u00e9 de Bruxelles.\u00a0 Balade d&rsquo;environ 2h + possibilit\u00e9 de pouvoir se restaurer dans les environs, \u00e0 prix d\u00e9mocratique et si possible, chiens [&hellip;]<\/p>\n","protected":false},"author":1,"featured_media":0,"comment_status":"open","ping_status":"open","sticky":false,"template":"","format":"standard","meta":{"_et_pb_use_builder":"","_et_pb_old_content":"","_et_gb_content_width":"","footnotes":""},"categories":[3,14],"tags":[35,48,52,58,59,74,75,76,77,88,101,28,29,105,109,115,118,135,151,166,167,178],"class_list":["post-991","post","type-post","status-publish","format-standard","hentry","category-calendrier","category-promenades","tag-balade-canine","tag-bois","tag-brabant-wallon","tag-calais","tag-calendrier","tag-chien","tag-ciec","tag-club","tag-club-canin","tag-cours-collectifs","tag-dressage","tag-education","tag-education-canine","tag-entrainement","tag-exercice","tag-france","tag-genval","tag-mer","tag-obeissance","tag-promenade","tag-promenade-canine","tag-sport-canin"],"_links":{"self":[{"href":"https:\/\/ciec.be\/blog\/index.php\/wp-json\/wp\/v2\/posts\/991","targetHints":{"allow":["GET"]}}],"collection":[{"href":"https:\/\/ciec.be\/blog\/index.php\/wp-json\/wp\/v2\/posts"}],"about":[{"href":"https:\/\/ciec.be\/blog\/index.php\/wp-json\/wp\/v2\/types\/post"}],"author":[{"embeddable":true,"href":"https:\/\/ciec.be\/blog\/index.php\/wp-json\/wp\/v2\/users\/1"}],"replies":[{"embeddable":true,"href":"https:\/\/ciec.be\/blog\/index.php\/wp-json\/wp\/v2\/comments?post=991"}],"version-history":[{"count":0,"href":"https:\/\/ciec.be\/blog\/index.php\/wp-json\/wp\/v2\/posts\/991\/revisions"}],"wp:attachment":[{"href":"https:\/\/ciec.be\/blog\/index.php\/wp-json\/wp\/v2\/media?parent=991"}],"wp:term":[{"taxonomy":"category","embeddable":true,"href":"https:\/\/ciec.be\/blog\/index.php\/wp-json\/wp\/v2\/categories?post=991"},{"taxonomy":"post_tag","embeddable":true,"href":"https:\/\/ciec.be\/blog\/index.php\/wp-json\/wp\/v2\/tags?post=991"}],"curies":[{"name":"wp","href":"https:\/\/api.w.org\/{rel}","templated":true}]}}