{"id":893,"date":"2013-08-28T09:46:36","date_gmt":"2013-08-28T09:46:36","guid":{"rendered":"http:\/\/ciecgenval.wordpress.com\/?p=893"},"modified":"2013-08-28T09:46:36","modified_gmt":"2013-08-28T09:46:36","slug":"journee-internationale-du-chien-a-soignies","status":"publish","type":"post","link":"https:\/\/ciec.be\/blog\/index.php\/2013\/08\/28\/journee-internationale-du-chien-a-soignies\/","title":{"rendered":"Journ\u00e9e internationale du chien \u00e0 Soignies"},"content":{"rendered":"<p><em><strong>Dimanche 11 ao\u00fbt, certains de nos membres ont expos\u00e9 leur chien \u00e0 la journ\u00e9e internationale du chien qui se tenait \u00e0 Soignies.<\/strong><\/em><\/p>\n<p><em><strong>Cette exposition de beaut\u00e9 \u00e9tait ouverte \u00e0 tous les chiens, Nadine et Liota en ont donc profit\u00e9 pour inscrire et pr\u00e9senter leurs toutous.<\/strong><\/em><\/p>\n<p><a href=\"http:\/\/ciecgenval.files.wordpress.com\/2013\/08\/dsc_003536.jpg\"><img loading=\"lazy\" decoding=\"async\" class=\"aligncenter size-medium wp-image-894\" alt=\"DSC_0035~36\" src=\"http:\/\/ciecgenval.files.wordpress.com\/2013\/08\/dsc_003536.jpg?w=198\" width=\"198\" height=\"300\" \/><\/a><em><strong><\/strong><\/em><\/p>\n<p><em><strong>Nadine exposait Yazy la petite golden retriever qu\u2019elle \u00e9duque en vue d\u2019en faire un chien d\u2019aide pour l\u2019association Dyadis mais aussi Fidji, son border collie, en classe travail.<\/strong><\/em><\/p>\n<p><a href=\"http:\/\/ciecgenval.files.wordpress.com\/2013\/08\/dsc_034610.jpg\"><img loading=\"lazy\" decoding=\"async\" class=\"aligncenter size-medium wp-image-895\" alt=\"DSC_0346~10\" src=\"http:\/\/ciecgenval.files.wordpress.com\/2013\/08\/dsc_034610.jpg?w=300\" width=\"300\" height=\"199\" srcset=\"https:\/\/ciec.be\/blog\/wp-content\/uploads\/2013\/08\/dsc_034610.jpg 640w, https:\/\/ciec.be\/blog\/wp-content\/uploads\/2013\/08\/dsc_034610-300x199.jpg 300w\" sizes=\"auto, (max-width: 300px) 100vw, 300px\" \/><\/a><\/p>\n<p><em><strong>De son c\u00f4t\u00e9, Liota avait inscrit, toujours en classe travail, sa border Coban.<\/strong><\/em><\/p>\n<p><em><strong>Les trois chiens furent s\u00e9lectionn\u00e9s, dans leur cat\u00e9gorie, pour les rings d\u2019honneur <\/strong><\/em><\/p>\n<p style=\"text-align:center;\"><em><strong><a href=\"http:\/\/ciecgenval.files.wordpress.com\/2013\/08\/dsc_029415.jpg\"><img loading=\"lazy\" decoding=\"async\" class=\"aligncenter\" alt=\"DSC_0294~15\" src=\"http:\/\/ciecgenval.files.wordpress.com\/2013\/08\/dsc_029415.jpg?w=300\" width=\"300\" height=\"199\" \/><\/a><\/strong><\/em><\/p>\n<p style=\"text-align:center;\"><a href=\"http:\/\/ciecgenval.files.wordpress.com\/2013\/08\/dsc_034011.jpg\"><img loading=\"lazy\" decoding=\"async\" class=\"aligncenter size-medium wp-image-897\" alt=\"DSC_0340~11\" src=\"http:\/\/ciecgenval.files.wordpress.com\/2013\/08\/dsc_034011.jpg?w=300\" width=\"300\" height=\"199\" srcset=\"https:\/\/ciec.be\/blog\/wp-content\/uploads\/2013\/08\/dsc_034011.jpg 640w, https:\/\/ciec.be\/blog\/wp-content\/uploads\/2013\/08\/dsc_034011-300x199.jpg 300w\" sizes=\"auto, (max-width: 300px) 100vw, 300px\" \/><\/a><\/p>\n<p style=\"text-align:left;\"><a href=\"http:\/\/ciecgenval.files.wordpress.com\/2013\/08\/dsc_03649.jpg\"><img loading=\"lazy\" decoding=\"async\" class=\"aligncenter size-medium wp-image-898\" alt=\"DSC_0364~9\" src=\"http:\/\/ciecgenval.files.wordpress.com\/2013\/08\/dsc_03649.jpg?w=300\" width=\"300\" height=\"199\" srcset=\"https:\/\/ciec.be\/blog\/wp-content\/uploads\/2013\/08\/dsc_03649.jpg 640w, https:\/\/ciec.be\/blog\/wp-content\/uploads\/2013\/08\/dsc_03649-300x199.jpg 300w\" sizes=\"auto, (max-width: 300px) 100vw, 300px\" \/><\/a><em><strong>et le couple Liota \u2013 Coban eurent m\u00eame l\u2019honneur d\u2019une tr\u00e8s belle coupe.<\/strong><\/em><\/p>\n<p style=\"text-align:left;\"><a href=\"http:\/\/ciecgenval.files.wordpress.com\/2013\/08\/dsc_03719.jpg\"><img loading=\"lazy\" decoding=\"async\" class=\"aligncenter size-medium wp-image-899\" alt=\"DSC_0371~9\" src=\"http:\/\/ciecgenval.files.wordpress.com\/2013\/08\/dsc_03719.jpg?w=198\" width=\"198\" height=\"300\" \/><\/a><\/p>\n<p><a href=\"http:\/\/ciecgenval.files.wordpress.com\/2013\/08\/dsc_03729.jpg\"><img loading=\"lazy\" decoding=\"async\" class=\"aligncenter size-medium wp-image-900\" alt=\"DSC_0372~9\" src=\"http:\/\/ciecgenval.files.wordpress.com\/2013\/08\/dsc_03729.jpg?w=198\" width=\"198\" height=\"300\" \/><\/a><em><strong>D\u2019autres photos de l\u2019exposition peuvent \u00eatre vues ici <a href=\"http:\/\/www.soignies-festif.net\/galerie\/thumbnails.php?album=139\">http:\/\/www.soignies-festif.net\/galerie\/thumbnails.php?album=139<\/a><\/strong><\/em><\/p>\n<p><em><strong>\u00a0Ajoutons que notre \u00e9quipe des blue arrows a aussi r\u00e9alis\u00e9, l\u2019apr\u00e8s-midi, une d\u00e9monstration de flyball dont vous trouverez les photos sur notre blog sp\u00e9cial fly <span style=\"text-decoration:underline;\"><a title=\"blocked::http:\/\/flyballbelgique2.wordpress.com\/\" href=\"http:\/\/flyballbelgique2.wordpress.com\">http:\/\/flyballbelgique2.wordpress.com<\/a><\/span><\/strong><\/em><\/p>\n<p><em><strong>Merci \u00e0 Thierry, photographe du jour <a href=\"http:\/\/www.soignies-festif.net\/\">http:\/\/www.soignies-festif.net\/<\/a><\/strong><\/em><\/p>\n","protected":false},"excerpt":{"rendered":"<p>Dimanche 11 ao\u00fbt, certains de nos membres ont expos\u00e9 leur chien \u00e0 la journ\u00e9e internationale du chien qui se tenait \u00e0 Soignies. Cette exposition de beaut\u00e9 \u00e9tait ouverte \u00e0 tous les chiens, Nadine et Liota en ont donc profit\u00e9 pour inscrire et pr\u00e9senter leurs toutous. Nadine exposait Yazy la petite golden retriever qu\u2019elle \u00e9duque en [&hellip;]<\/p>\n","protected":false},"author":1,"featured_media":0,"comment_status":"open","ping_status":"open","sticky":false,"template":"","format":"standard","meta":{"_et_pb_use_builder":"","_et_pb_old_content":"","_et_gb_content_width":"","footnotes":""},"categories":[3,4,8,9,10,12],"tags":[49,50,52,59,74,75,76,77,80,82,84,99,28,29,110,111,113,118,151,166,167,174,177,178],"class_list":["post-893","post","type-post","status-publish","format-standard","hentry","category-calendrier","category-competitions","category-exposition-de-beaute","category-flyball","category-les-membres-du-club","category-nos-chiens","tag-border","tag-border-collie","tag-brabant-wallon","tag-calendrier","tag-chien","tag-ciec","tag-club","tag-club-canin","tag-competition","tag-concours","tag-concours-de-beaute","tag-dog-show","tag-education","tag-education-canine","tag-exposition","tag-exposition-de-beaute","tag-flyball","tag-genval","tag-obeissance","tag-promenade","tag-promenade-canine","tag-show-canin","tag-soignies","tag-sport-canin"],"_links":{"self":[{"href":"https:\/\/ciec.be\/blog\/index.php\/wp-json\/wp\/v2\/posts\/893","targetHints":{"allow":["GET"]}}],"collection":[{"href":"https:\/\/ciec.be\/blog\/index.php\/wp-json\/wp\/v2\/posts"}],"about":[{"href":"https:\/\/ciec.be\/blog\/index.php\/wp-json\/wp\/v2\/types\/post"}],"author":[{"embeddable":true,"href":"https:\/\/ciec.be\/blog\/index.php\/wp-json\/wp\/v2\/users\/1"}],"replies":[{"embeddable":true,"href":"https:\/\/ciec.be\/blog\/index.php\/wp-json\/wp\/v2\/comments?post=893"}],"version-history":[{"count":0,"href":"https:\/\/ciec.be\/blog\/index.php\/wp-json\/wp\/v2\/posts\/893\/revisions"}],"wp:attachment":[{"href":"https:\/\/ciec.be\/blog\/index.php\/wp-json\/wp\/v2\/media?parent=893"}],"wp:term":[{"taxonomy":"category","embeddable":true,"href":"https:\/\/ciec.be\/blog\/index.php\/wp-json\/wp\/v2\/categories?post=893"},{"taxonomy":"post_tag","embeddable":true,"href":"https:\/\/ciec.be\/blog\/index.php\/wp-json\/wp\/v2\/tags?post=893"}],"curies":[{"name":"wp","href":"https:\/\/api.w.org\/{rel}","templated":true}]}}