{"id":85,"date":"2012-02-26T16:02:08","date_gmt":"2012-02-26T16:02:08","guid":{"rendered":"http:\/\/ciecgenval.wordpress.com\/?p=85"},"modified":"2012-02-26T16:02:08","modified_gmt":"2012-02-26T16:02:08","slug":"promenade-a-villers-la-ville","status":"publish","type":"post","link":"https:\/\/ciec.be\/blog\/index.php\/2012\/02\/26\/promenade-a-villers-la-ville\/","title":{"rendered":"Promenade \u00e0 Villers-la-Ville"},"content":{"rendered":"<p><em><strong>Comme annonc\u00e9, nous avions donc rendez-vous, ce dimanche 26 f\u00e9vrier, \u00e0 Villers-la-Ville pour une balade dans les bois et les champs.<\/strong><\/em><\/p>\n<p><em><strong>Sur le parking, nous commen\u00e7\u00e2mes par retrouver les habitu\u00e9s&#8230;<\/strong><\/em><\/p>\n<p><img loading=\"lazy\" decoding=\"async\" class=\"aligncenter size-full wp-image-86\" title=\"100_9506\" src=\"http:\/\/ciecgenval.files.wordpress.com\/2012\/02\/100_9506.jpg\" alt=\"\" width=\"604\" height=\"453\" \/><\/p>\n<p><em><strong>Didier et Claudine avec Rita<\/strong><\/em><\/p>\n<p><img loading=\"lazy\" decoding=\"async\" class=\"aligncenter size-full wp-image-87\" title=\"100_9507\" src=\"http:\/\/ciecgenval.files.wordpress.com\/2012\/02\/100_9507.jpg\" alt=\"\" width=\"604\" height=\"453\" \/><\/p>\n<p><em><strong>Patricia et son fils, Maryse et, en arri\u00e8re plan, Genevi\u00e8ve, notre guide du jour<\/strong><\/em><\/p>\n<p><img loading=\"lazy\" decoding=\"async\" class=\"aligncenter size-full wp-image-88\" title=\"100_9508\" src=\"http:\/\/ciecgenval.files.wordpress.com\/2012\/02\/100_9508.jpg\" alt=\"\" width=\"604\" height=\"453\" \/><\/p>\n<p><em><strong>Liota, Annie, Muriel et son compagnon<\/strong><\/em><\/p>\n<p><img loading=\"lazy\" decoding=\"async\" class=\"aligncenter size-full wp-image-89\" title=\"100_9509\" src=\"http:\/\/ciecgenval.files.wordpress.com\/2012\/02\/100_9509.jpg\" alt=\"\" width=\"604\" height=\"453\" \/><\/p>\n<p><em><strong>Jo\u00eblle, Rita, Cindy<\/strong><\/em><\/p>\n<p><img loading=\"lazy\" decoding=\"async\" class=\"aligncenter size-full wp-image-90\" title=\"100_9510\" src=\"http:\/\/ciecgenval.files.wordpress.com\/2012\/02\/100_9510.jpg\" alt=\"\" width=\"604\" height=\"453\" \/><\/p>\n<p><em><strong>Et C\u00e9line.\u00a0 Sans oublier Mich\u00e8le, arriv\u00e9e un rien plus tard.<\/strong><\/em><\/p>\n<p><em><strong>Bient\u00f4t notre petit groupe, fort de 17 personnes et de 25 chiens, d\u00e9marrait.<\/strong><\/em><\/p>\n<p><img loading=\"lazy\" decoding=\"async\" class=\"aligncenter size-full wp-image-91\" title=\"100_9511\" src=\"http:\/\/ciecgenval.files.wordpress.com\/2012\/02\/100_9511.jpg\" alt=\"\" width=\"604\" height=\"453\" \/><\/p>\n<p><em><strong>Lib\u00e9r\u00e9s, les chiens prirent leur \u00ab\u00a0vitesse de croisi\u00e8re\u00a0\u00bb apr\u00e8s les galops et inspections de retrouvailles<\/strong><\/em>.<\/p>\n<p><img loading=\"lazy\" decoding=\"async\" class=\"aligncenter size-full wp-image-92\" title=\"100_9512\" src=\"http:\/\/ciecgenval.files.wordpress.com\/2012\/02\/100_9512.jpg\" alt=\"\" width=\"604\" height=\"453\" \/><\/p>\n<p><img loading=\"lazy\" decoding=\"async\" class=\"aligncenter size-full wp-image-93\" title=\"100_9513\" src=\"http:\/\/ciecgenval.files.wordpress.com\/2012\/02\/100_9513.jpg\" alt=\"\" width=\"604\" height=\"453\" \/><\/p>\n<p><em><strong>Apr\u00e8s la mont\u00e9e le long du mur de l&rsquo;abbaye, nous d\u00e9bouch\u00e2mes au niveau des 4 ch\u00eanes, un lieu hautement symboliques puisqu&rsquo;on y pendait les condamn\u00e9s au Moyen-Age.<\/strong><\/em><\/p>\n<p><em><strong>Peu impressionn\u00e9s, nos toutous profitaient \u00e0 fond des champs en jach\u00e8re, levant m\u00eame un faisan au passage.<\/strong><\/em><\/p>\n<p><img loading=\"lazy\" decoding=\"async\" class=\"aligncenter size-full wp-image-94\" title=\"100_9514\" src=\"http:\/\/ciecgenval.files.wordpress.com\/2012\/02\/100_9514.jpg\" alt=\"\" width=\"604\" height=\"453\" \/><\/p>\n<p><em><strong>Apr\u00e8s ce passage en plaine, nous nous engage\u00e2mes ensuite dans une section bois\u00e9e<\/strong><\/em><\/p>\n<p><img loading=\"lazy\" decoding=\"async\" class=\"aligncenter size-full wp-image-95\" title=\"100_9515\" src=\"http:\/\/ciecgenval.files.wordpress.com\/2012\/02\/100_9515.jpg\" alt=\"\" width=\"604\" height=\"453\" \/><\/p>\n<p><img loading=\"lazy\" decoding=\"async\" class=\"aligncenter size-full wp-image-96\" title=\"100_9516\" src=\"http:\/\/ciecgenval.files.wordpress.com\/2012\/02\/100_9516.jpg\" alt=\"\" width=\"604\" height=\"453\" \/><\/p>\n<p><img loading=\"lazy\" decoding=\"async\" class=\"aligncenter size-full wp-image-98\" title=\"100_9517\" src=\"http:\/\/ciecgenval.files.wordpress.com\/2012\/02\/100_9517.jpg\" alt=\"\" width=\"604\" height=\"453\" \/><\/p>\n<p><img loading=\"lazy\" decoding=\"async\" class=\"aligncenter size-full wp-image-99\" title=\"100_9519\" src=\"http:\/\/ciecgenval.files.wordpress.com\/2012\/02\/100_9519.jpg\" alt=\"\" width=\"604\" height=\"453\" \/><\/p>\n<p><img loading=\"lazy\" decoding=\"async\" class=\"aligncenter size-full wp-image-100\" title=\"100_9521\" src=\"http:\/\/ciecgenval.files.wordpress.com\/2012\/02\/100_9521.jpg\" alt=\"\" width=\"604\" height=\"453\" \/><\/p>\n<p><em><strong>Attention, des chevaux arrivent&#8230; et ils sont inquiets par notre meute&#8230; C&rsquo;est le moment de faire un exercice de rappel et de remettre tout notre petit monde en laisse !<\/strong><\/em><\/p>\n<p><img loading=\"lazy\" decoding=\"async\" class=\"aligncenter size-full wp-image-101\" title=\"100_9522\" src=\"http:\/\/ciecgenval.files.wordpress.com\/2012\/02\/100_9522.jpg\" alt=\"\" width=\"604\" height=\"453\" \/><\/p>\n<p><img loading=\"lazy\" decoding=\"async\" class=\"aligncenter size-full wp-image-102\" title=\"100_9523\" src=\"http:\/\/ciecgenval.files.wordpress.com\/2012\/02\/100_9523.jpg\" alt=\"\" width=\"604\" height=\"453\" \/><\/p>\n<p><em><strong>La voie est libre&#8230; les cavaliers passent \u00e0 l&rsquo;aise, pour permettre \u00e0 leur monture de d\u00e9couvrir notre groupe et de se rassurer.<\/strong><\/em><\/p>\n<p><img loading=\"lazy\" decoding=\"async\" class=\"aligncenter size-full wp-image-103\" title=\"100_9524\" src=\"http:\/\/ciecgenval.files.wordpress.com\/2012\/02\/100_9524.jpg\" alt=\"\" width=\"604\" height=\"453\" \/><\/p>\n<p><em><strong>Apr\u00e8s l&rsquo;incursion dans les bois, petit passage sur route&#8230; heureusement pas bien long&#8230;<\/strong><\/em><\/p>\n<p><em><strong>La pluie a aussi fait son apparition&#8230; mais ce ne sont certes pas quelques gouttes qui vont nous arr\u00eater !<\/strong><\/em><\/p>\n<p><img loading=\"lazy\" decoding=\"async\" class=\"aligncenter size-full wp-image-104\" title=\"100_9525\" src=\"http:\/\/ciecgenval.files.wordpress.com\/2012\/02\/100_9525.jpg\" alt=\"\" width=\"604\" height=\"453\" \/><\/p>\n<p><img loading=\"lazy\" decoding=\"async\" class=\"aligncenter size-full wp-image-105\" title=\"100_9527\" src=\"http:\/\/ciecgenval.files.wordpress.com\/2012\/02\/100_9527.jpg\" alt=\"\" width=\"604\" height=\"453\" \/><\/p>\n<p><em><strong>Retour dans les champs&#8230; La pluie a abandonn\u00e9 la partie&#8230; reste la boue, glissante, qui provoque la chute de Rita C !\u00a0 Heureusement, ce ne fut pas trop grave&#8230;<\/strong><\/em><\/p>\n<p><a href=\"http:\/\/ciecgenval.files.wordpress.com\/2012\/02\/100_9528.jpg\"><img loading=\"lazy\" decoding=\"async\" class=\"aligncenter size-full wp-image-106\" title=\"100_9528\" src=\"http:\/\/ciecgenval.files.wordpress.com\/2012\/02\/100_9528.jpg\" alt=\"\" width=\"604\" height=\"453\" \/><\/a><\/p>\n<p><img loading=\"lazy\" decoding=\"async\" class=\"aligncenter size-full wp-image-107\" title=\"100_9529\" src=\"http:\/\/ciecgenval.files.wordpress.com\/2012\/02\/100_9529.jpg\" alt=\"\" width=\"604\" height=\"453\" \/><\/p>\n<p><img loading=\"lazy\" decoding=\"async\" class=\"aligncenter size-full wp-image-108\" title=\"100_9532\" src=\"http:\/\/ciecgenval.files.wordpress.com\/2012\/02\/100_9532.jpg\" alt=\"\" width=\"604\" height=\"453\" \/><\/p>\n<p><em><strong>Et nous terminons la balade en empruntant le sentier des \u00ab\u00a0arbres \u00e0 clous\u00a0\u00bb lieu o\u00f9, depuis fort longtemps et jusqu&rsquo;il y a une trentaine d&rsquo;ann\u00e9es, les habitants des environs venaient enfoncer un clou dans les arbres pour esp\u00e9rer que leur voeu se r\u00e9alise.<\/strong><\/em><\/p>\n<p><em><strong>N&rsquo;oublions toutefois pas la \u00ab\u00a03e mi-temps\u00a0\u00bb !\u00a0\u00a0 Nous \u00e9tions en effet quatre \u00e0 rester pour mangrun petit quelque chose au \u00ab\u00a0Chalet de la for\u00eat\u00a0\u00bb&#8230; pendant que nos chiens prenaient un repos bien m\u00e9rit\u00e9.<\/strong><\/em><\/p>\n<p>&nbsp;<\/p>\n","protected":false},"excerpt":{"rendered":"<p>Comme annonc\u00e9, nous avions donc rendez-vous, ce dimanche 26 f\u00e9vrier, \u00e0 Villers-la-Ville pour une balade dans les bois et les champs. Sur le parking, nous commen\u00e7\u00e2mes par retrouver les habitu\u00e9s&#8230; Didier et Claudine avec Rita Patricia et son fils, Maryse et, en arri\u00e8re plan, Genevi\u00e8ve, notre guide du jour Liota, Annie, Muriel et son compagnon [&hellip;]<\/p>\n","protected":false},"author":1,"featured_media":0,"comment_status":"open","ping_status":"open","sticky":false,"template":"","format":"standard","meta":{"_et_pb_use_builder":"","_et_pb_old_content":"","_et_gb_content_width":"","footnotes":""},"categories":[14],"tags":[48,71,166,190],"class_list":["post-85","post","type-post","status-publish","format-standard","hentry","category-promenades","tag-bois","tag-champs","tag-promenade","tag-villers-la-ville"],"_links":{"self":[{"href":"https:\/\/ciec.be\/blog\/index.php\/wp-json\/wp\/v2\/posts\/85","targetHints":{"allow":["GET"]}}],"collection":[{"href":"https:\/\/ciec.be\/blog\/index.php\/wp-json\/wp\/v2\/posts"}],"about":[{"href":"https:\/\/ciec.be\/blog\/index.php\/wp-json\/wp\/v2\/types\/post"}],"author":[{"embeddable":true,"href":"https:\/\/ciec.be\/blog\/index.php\/wp-json\/wp\/v2\/users\/1"}],"replies":[{"embeddable":true,"href":"https:\/\/ciec.be\/blog\/index.php\/wp-json\/wp\/v2\/comments?post=85"}],"version-history":[{"count":0,"href":"https:\/\/ciec.be\/blog\/index.php\/wp-json\/wp\/v2\/posts\/85\/revisions"}],"wp:attachment":[{"href":"https:\/\/ciec.be\/blog\/index.php\/wp-json\/wp\/v2\/media?parent=85"}],"wp:term":[{"taxonomy":"category","embeddable":true,"href":"https:\/\/ciec.be\/blog\/index.php\/wp-json\/wp\/v2\/categories?post=85"},{"taxonomy":"post_tag","embeddable":true,"href":"https:\/\/ciec.be\/blog\/index.php\/wp-json\/wp\/v2\/tags?post=85"}],"curies":[{"name":"wp","href":"https:\/\/api.w.org\/{rel}","templated":true}]}}