{"id":72,"date":"2012-02-11T22:15:08","date_gmt":"2012-02-11T22:15:08","guid":{"rendered":"http:\/\/ciecgenval.wordpress.com\/?p=72"},"modified":"2012-02-11T22:15:08","modified_gmt":"2012-02-11T22:15:08","slug":"promenade-le-27-fevrier","status":"publish","type":"post","link":"https:\/\/ciec.be\/blog\/index.php\/2012\/02\/11\/promenade-le-27-fevrier\/","title":{"rendered":"Promenade le 27 f\u00e9vrier"},"content":{"rendered":"<p><em><strong>Le dimanche 26 f\u00e9vrier, nous vous invitons \u00e0 une promenade \u00e0 travers bois et champs du c\u00f4t\u00e9 de Villers-la-Ville.<\/strong><\/em><br \/>\n<em><strong>Rendez-vous \u00e0 10 h sur le parking qui se trouve devant le restaurant \u00ab le chalet de la for\u00eat \u00bb \u00e0 l\u2019entr\u00e9e des ruines.<\/strong><\/em><br \/>\n<em><strong>Apr\u00e8s la balade, nous irons manger au chalet de la for\u00eat.<\/strong><\/em><br \/>\n<em><strong>Si les temp\u00e9ratures sont positives, pr\u00e9voyez une paire de bottes !<\/strong><\/em><\/p>\n","protected":false},"excerpt":{"rendered":"<p>Le dimanche 26 f\u00e9vrier, nous vous invitons \u00e0 une promenade \u00e0 travers bois et champs du c\u00f4t\u00e9 de Villers-la-Ville. Rendez-vous \u00e0 10 h sur le parking qui se trouve devant le restaurant \u00ab le chalet de la for\u00eat \u00bb \u00e0 l\u2019entr\u00e9e des ruines. Apr\u00e8s la balade, nous irons manger au chalet de la for\u00eat. Si [&hellip;]<\/p>\n","protected":false},"author":1,"featured_media":0,"comment_status":"open","ping_status":"open","sticky":false,"template":"","format":"standard","meta":{"_et_pb_use_builder":"","_et_pb_old_content":"","_et_gb_content_width":"","footnotes":""},"categories":[3,14],"tags":[48,74,76,166,190],"class_list":["post-72","post","type-post","status-publish","format-standard","hentry","category-calendrier","category-promenades","tag-bois","tag-chien","tag-club","tag-promenade","tag-villers-la-ville"],"_links":{"self":[{"href":"https:\/\/ciec.be\/blog\/index.php\/wp-json\/wp\/v2\/posts\/72","targetHints":{"allow":["GET"]}}],"collection":[{"href":"https:\/\/ciec.be\/blog\/index.php\/wp-json\/wp\/v2\/posts"}],"about":[{"href":"https:\/\/ciec.be\/blog\/index.php\/wp-json\/wp\/v2\/types\/post"}],"author":[{"embeddable":true,"href":"https:\/\/ciec.be\/blog\/index.php\/wp-json\/wp\/v2\/users\/1"}],"replies":[{"embeddable":true,"href":"https:\/\/ciec.be\/blog\/index.php\/wp-json\/wp\/v2\/comments?post=72"}],"version-history":[{"count":0,"href":"https:\/\/ciec.be\/blog\/index.php\/wp-json\/wp\/v2\/posts\/72\/revisions"}],"wp:attachment":[{"href":"https:\/\/ciec.be\/blog\/index.php\/wp-json\/wp\/v2\/media?parent=72"}],"wp:term":[{"taxonomy":"category","embeddable":true,"href":"https:\/\/ciec.be\/blog\/index.php\/wp-json\/wp\/v2\/categories?post=72"},{"taxonomy":"post_tag","embeddable":true,"href":"https:\/\/ciec.be\/blog\/index.php\/wp-json\/wp\/v2\/tags?post=72"}],"curies":[{"name":"wp","href":"https:\/\/api.w.org\/{rel}","templated":true}]}}