{"id":662,"date":"2013-05-23T13:15:25","date_gmt":"2013-05-23T13:15:25","guid":{"rendered":"http:\/\/ciecgenval.wordpress.com\/?p=662"},"modified":"2013-05-23T13:15:25","modified_gmt":"2013-05-23T13:15:25","slug":"paques-a-calais","status":"publish","type":"post","link":"https:\/\/ciec.be\/blog\/index.php\/2013\/05\/23\/paques-a-calais\/","title":{"rendered":"P\u00e2ques \u00e0 Calais"},"content":{"rendered":"<p><em><strong>Afin de profiter du long week-end, cette ann\u00e9e, j\u2019ai pr\u00e9vu d\u2019organiser notre sortie calaisienne annuelle \u00e0 P\u00e2ques, c&rsquo;est-\u00e0-dire du 30 mars au 1<sup>e<\/sup> avril.<\/strong><\/em><\/p>\n<p><em><strong>Une dizaine de personnes \u00e9taient inscrites pour cette vir\u00e9e le long de la c\u00f4te d\u2019opale et comme nous avions donn\u00e9 cong\u00e9 au club, nous p\u00fbmes partir, bien \u00e0 notre aise, Nadine et moi, tandis que les autres participants \u00e9taient d\u00e9j\u00e0 sur place ou nous y rejoignaient en journ\u00e9e.<\/strong><\/em><\/p>\n<p><em><strong>Apr\u00e8s une route sans histoire, nous arrivions sur le grand parking situ\u00e9 au sud de la plage de Calais, lieu o\u00f9 nous avons l\u2019habitude de nous donner rendez-vous.<\/strong><\/em><\/p>\n<p><em><strong>Rita, avertie de notre venue, arriva quelques minutes plus tard et c\u2019est \u00e0 trois, accompagn\u00e9es de nos chiens, que nous d\u00e9but\u00e2mes notre week-end par une promenade le long de la plage, en bordure de dunes, mar\u00e9e haute obligeant.<\/strong><\/em><\/p>\n<p><a href=\"http:\/\/ciecgenval.files.wordpress.com\/2013\/05\/dscn0043.jpg\"><img loading=\"lazy\" decoding=\"async\" class=\"aligncenter size-medium wp-image-663\" alt=\"DSCN0043\" src=\"http:\/\/ciecgenval.files.wordpress.com\/2013\/05\/dscn0043.jpg?w=300\" width=\"300\" height=\"225\" \/><\/a><\/p>\n<p style=\"text-align:center;\"><span style=\"color:#ff0000;\"><em><strong>Angie, Fidji et Fangio&#8230; en pleine d\u00e9couverte olfactive.<\/strong><\/em><\/span><\/p>\n<p><em><strong>Inutile de dire que nos chiens en profit\u00e8rent royalement pour courir mais aussi pour analyser avec beaucoup d\u2019int\u00e9r\u00eat les trop nombreux objets les plus divers, et polluants, d\u00e9pos\u00e9s par la mar\u00e9e\u2026<\/strong><\/em><\/p>\n<p><a href=\"http:\/\/ciecgenval.files.wordpress.com\/2013\/05\/dscn0050.jpg\"><img loading=\"lazy\" decoding=\"async\" class=\"aligncenter size-medium wp-image-664\" alt=\"DSCN0050\" src=\"http:\/\/ciecgenval.files.wordpress.com\/2013\/05\/dscn0050.jpg?w=300\" width=\"300\" height=\"225\" \/><\/a><\/p>\n<p style=\"text-align:center;\"><span style=\"color:#ff0000;\"><em><strong>Iazy, un peu jeune pour faire une longue distance \u00e0 pied, est install\u00e9e dans le sac \u00e0 dos.<\/strong><\/em><\/span><\/p>\n<p><em><strong>De notre c\u00f4t\u00e9, nous avions l\u2019\u00e9tendue marine comme seul horizon, et si le temps n\u2019\u00e9tait pas bien chaud, le soleil \u00e9tait tout de m\u00eame pr\u00e9sent.<\/strong><\/em><\/p>\n<p><a href=\"http:\/\/ciecgenval.files.wordpress.com\/2013\/05\/dscn0057-800x600.jpg\"><img loading=\"lazy\" decoding=\"async\" class=\"aligncenter size-medium wp-image-665\" alt=\"DSCN0057 [800x600]\" src=\"http:\/\/ciecgenval.files.wordpress.com\/2013\/05\/dscn0057-800x600.jpg?w=300\" width=\"300\" height=\"225\" \/><\/a><\/p>\n<p><em><strong>Apr\u00e8s l\u2019aller en bordure de plage, nous pr\u00eemes l\u2019arri\u00e8re des dunes pour le retour, question de changer de paysage.<\/strong><\/em><\/p>\n<p><em><strong>Ensuite, comme nous avions encore un peu de temps avant le rendez-vous pr\u00e9vu \u00e0 l\u2019h\u00f4tel, nous all\u00e2mes d\u00e9guster un caf\u00e9 ou un chocolat bien chaud dans une boulangerie o\u00f9 la d\u00e9licieuse odeur du pain cuit ber\u00e7a le sommeil, bien m\u00e9rit\u00e9, de nos toutous.<\/strong><\/em><\/p>\n<p><a href=\"http:\/\/ciecgenval.files.wordpress.com\/2013\/05\/dscn0060-800x600.jpg\"><img loading=\"lazy\" decoding=\"async\" class=\"aligncenter size-medium wp-image-666\" alt=\"DSCN0060 [800x600]\" src=\"http:\/\/ciecgenval.files.wordpress.com\/2013\/05\/dscn0060-800x600.jpg?w=300\" width=\"300\" height=\"225\" \/><\/a><\/p>\n<p><em><strong>A l\u2019h\u00f4tel, tout le petit groupe se retrouva et la r\u00e9partition des chambres fut rondement men\u00e9e et nous pr\u00eemes ensuite la route vers la ville o\u00f9 nous avions pr\u00e9vu de souper \u00e0 la cr\u00eaperie bretonne o\u00f9 nous avons nos habitudes depuis des ann\u00e9es.<\/strong><\/em><\/p>\n<p><em><strong>Avant de nous attabler, nous pr\u00eemes quand m\u00eame le temps d\u2019aller jusqu\u2019au bout du m\u00f4le, regarder le coucher du soleil malgr\u00e9 le vent glacial et admirer l\u2019agilit\u00e9 des cormorans nageant sur le sommet des vagues.<\/strong><\/em><\/p>\n<p><a href=\"http:\/\/ciecgenval.files.wordpress.com\/2013\/05\/dscn0063-800x600.jpg\"><img loading=\"lazy\" decoding=\"async\" class=\"aligncenter size-medium wp-image-667\" alt=\"DSCN0063 [800x600]\" src=\"http:\/\/ciecgenval.files.wordpress.com\/2013\/05\/dscn0063-800x600.jpg?w=300\" width=\"300\" height=\"225\" \/><\/a><\/p>\n<p><em><strong>Apr\u00e8s une nuit sans histoire, nous pr\u00eemes le chemin du cap blanc nez, avec bien s\u00fbr la mont\u00e9es jusqu\u2019\u00e0 l\u2019ob\u00e9lisque\u2026 mais les c\u00f4tes anglaises \u00e9taient encore trop dans la brume matinale.<\/strong><\/em><\/p>\n<p><a href=\"http:\/\/ciecgenval.files.wordpress.com\/2013\/05\/dscn0065-800x600.jpg\"><img loading=\"lazy\" decoding=\"async\" class=\"aligncenter size-medium wp-image-668\" alt=\"DSCN0065 [800x600]\" src=\"http:\/\/ciecgenval.files.wordpress.com\/2013\/05\/dscn0065-800x600.jpg?w=300\" width=\"300\" height=\"225\" \/><\/a><\/p>\n<p><em><strong>Plusieurs des participants d\u00e9cid\u00e8rent ensuite de descendre, par le sentier, jusqu\u2019au cran d\u2019Escalles tandis que nous retournions \u00e0 nos voitures pour les rejoindre via la route.<\/strong><\/em><\/p>\n<p><a href=\"http:\/\/ciecgenval.files.wordpress.com\/2013\/05\/dsc00127-800x600.jpg\"><img loading=\"lazy\" decoding=\"async\" class=\"aligncenter size-medium wp-image-669\" alt=\"DSC00127 [800x600]\" src=\"http:\/\/ciecgenval.files.wordpress.com\/2013\/05\/dsc00127-800x600.jpg?w=300\" width=\"300\" height=\"225\" \/><\/a><\/p>\n<p><em><strong>A cette heure, pas encore grand monde sur le parking, nous p\u00fbmes donc sans difficult\u00e9s installer nos voitures puis, apr\u00e8s avoir pris notre mat\u00e9riel, ce fut la descente vers la plage.<\/strong><\/em><\/p>\n<p><a href=\"http:\/\/ciecgenval.files.wordpress.com\/2013\/05\/dsc00133-800x600.jpg\"><img loading=\"lazy\" decoding=\"async\" class=\"aligncenter size-medium wp-image-670\" alt=\"DSC00133 [800x600]\" src=\"http:\/\/ciecgenval.files.wordpress.com\/2013\/05\/dsc00133-800x600.jpg?w=300\" width=\"300\" height=\"225\" \/><\/a><\/p>\n<p><a href=\"http:\/\/ciecgenval.files.wordpress.com\/2013\/05\/dscn0066-800x600.jpg\"><img loading=\"lazy\" decoding=\"async\" class=\"aligncenter size-medium wp-image-671\" alt=\"DSCN0066 [800x600]\" src=\"http:\/\/ciecgenval.files.wordpress.com\/2013\/05\/dscn0066-800x600.jpg?w=300\" width=\"300\" height=\"225\" \/><\/a><\/p>\n<p><em><strong>Cette fois, la mar\u00e9e \u00e9tait basse et la plage tout \u00e0 nous\u2026<\/strong><\/em><\/p>\n<p><a href=\"http:\/\/ciecgenval.files.wordpress.com\/2013\/05\/dsc00136-800x600.jpg\"><img loading=\"lazy\" decoding=\"async\" class=\"aligncenter size-medium wp-image-673\" alt=\"DSC00136 [800x600]\" src=\"http:\/\/ciecgenval.files.wordpress.com\/2013\/05\/dsc00136-800x600.jpg?w=300\" width=\"300\" height=\"225\" \/><\/a><\/p>\n<p style=\"text-align:center;\"><a href=\"http:\/\/ciecgenval.files.wordpress.com\/2013\/05\/dsc00148-800x600.jpg\"><img loading=\"lazy\" decoding=\"async\" class=\"aligncenter size-medium wp-image-674\" alt=\"DSC00148 [800x600]\" src=\"http:\/\/ciecgenval.files.wordpress.com\/2013\/05\/dsc00148-800x600.jpg?w=300\" width=\"300\" height=\"225\" \/><\/a><\/p>\n<p style=\"text-align:center;\"><span style=\"color:#ff0000;\"><em><strong>jeux de \u00ab\u00a0grands\u00a0\u00bb chiens, dans les vagues<\/strong><\/em><\/span><\/p>\n<p style=\"text-align:center;\"><a href=\"http:\/\/ciecgenval.files.wordpress.com\/2013\/05\/dsc00166-800x600.jpg\"><img loading=\"lazy\" decoding=\"async\" class=\"aligncenter size-medium wp-image-675\" alt=\"DSC00166 [800x600]\" src=\"http:\/\/ciecgenval.files.wordpress.com\/2013\/05\/dsc00166-800x600.jpg?w=300\" width=\"300\" height=\"225\" \/><\/a><\/p>\n<p style=\"text-align:center;\"><span style=\"color:#ff0000;\"><em><strong>Mais les \u00ab\u00a0petits\u00a0\u00bb ne sont pas en reste !<\/strong><\/em><\/span><\/p>\n<p><a href=\"http:\/\/ciecgenval.files.wordpress.com\/2013\/05\/dsc00153-800x600.jpg\"><img loading=\"lazy\" decoding=\"async\" class=\"aligncenter size-medium wp-image-676\" alt=\"DSC00153 [800x600]\" src=\"http:\/\/ciecgenval.files.wordpress.com\/2013\/05\/dsc00153-800x600.jpg?w=300\" width=\"300\" height=\"225\" \/><\/a><\/p>\n<p><a href=\"http:\/\/ciecgenval.files.wordpress.com\/2013\/05\/dsc00170-800x600.jpg\"><img loading=\"lazy\" decoding=\"async\" class=\"aligncenter size-medium wp-image-677\" alt=\"DSC00170 [800x600]\" src=\"http:\/\/ciecgenval.files.wordpress.com\/2013\/05\/dsc00170-800x600.jpg?w=300\" width=\"300\" height=\"225\" \/><\/a><\/p>\n<p><em><strong>Nous part\u00eemes donc vers le sud.\u00a0 Sans m\u00eame nous en apercevoir, nous arriv\u00e2mes au village de Wissant, nous d\u00e9cid\u00e2mes alors de manger sur place puis, de revenir \u00e0 notre aise, via la falaise puisque la mar\u00e9e allait remonter entretemps.<\/strong><\/em><\/p>\n<p><em><strong>Pour le repas de midi, notre point de chute habituel \u00e9tait complet, mais ce n\u2019\u00e9tait pas dramatique, nous trouv\u00e2mes \u00e0 nous installer, \u00e0 l\u2019int\u00e9rieur et avec nos chiens, et nous p\u00fbmes manger un petit bout \u00e0 notre aise.<\/strong><\/em><\/p>\n<p><a href=\"http:\/\/ciecgenval.files.wordpress.com\/2013\/05\/dsc00180-800x600.jpg\"><img loading=\"lazy\" decoding=\"async\" class=\"aligncenter\" alt=\"DSC00180 [800x600]\" src=\"http:\/\/ciecgenval.files.wordpress.com\/2013\/05\/dsc00180-800x600.jpg?w=300\" width=\"300\" height=\"225\" \/><\/a><\/p>\n<p><em><strong>Pour le retour, nous pass\u00e2mes d\u2019abord sur quelques centaines de m\u00e8tres par la plage avant de monter un escalier qui nous amena sur le sentier de la falaise.<\/strong><\/em><\/p>\n<p><a href=\"http:\/\/ciecgenval.files.wordpress.com\/2013\/05\/dscn0072-800x600.jpg\"><img loading=\"lazy\" decoding=\"async\" class=\"aligncenter size-medium wp-image-679\" alt=\"DSCN0072 [800x600]\" src=\"http:\/\/ciecgenval.files.wordpress.com\/2013\/05\/dscn0072-800x600.jpg?w=300\" width=\"300\" height=\"225\" \/><\/a><\/p>\n<p><a href=\"http:\/\/ciecgenval.files.wordpress.com\/2013\/05\/dscn0075-800x600.jpg\"><img loading=\"lazy\" decoding=\"async\" class=\"aligncenter size-medium wp-image-680\" alt=\"DSCN0075 [800x600]\" src=\"http:\/\/ciecgenval.files.wordpress.com\/2013\/05\/dscn0075-800x600.jpg?w=300\" width=\"300\" height=\"225\" \/><\/a><\/p>\n<p><a href=\"http:\/\/ciecgenval.files.wordpress.com\/2013\/05\/dscn0080-800x600.jpg\"><img loading=\"lazy\" decoding=\"async\" class=\"aligncenter size-medium wp-image-681\" alt=\"DSCN0080 [800x600]\" src=\"http:\/\/ciecgenval.files.wordpress.com\/2013\/05\/dscn0080-800x600.jpg?w=300\" width=\"300\" height=\"225\" \/><\/a><\/p>\n<p><em><strong>Comme souvent, le groupe s\u2019\u00e9tait un peu \u00e9parpill\u00e9 et dans la premi\u00e8re partie de celui-ci se trouvait Nadine.<\/strong><\/em><\/p>\n<p><em><strong>Marc et moi \u00e9tions un peu plus en arri\u00e8re, avec quelques autres et, bien s\u00fbr, nos chiens.<\/strong><\/em><\/p>\n<p><a href=\"http:\/\/ciecgenval.files.wordpress.com\/2013\/05\/dsc00183-800x600.jpg\"><img loading=\"lazy\" decoding=\"async\" class=\"aligncenter size-medium wp-image-682\" alt=\"DSC00183 [800x600]\" src=\"http:\/\/ciecgenval.files.wordpress.com\/2013\/05\/dsc00183-800x600.jpg?w=300\" width=\"300\" height=\"225\" \/><\/a><\/p>\n<p><em><strong>Parmi ces chiens, Kh\u00e9pri jouait avec Fidji et au moment de monter l\u2019escalier, alors que Kh\u00e9pri ob\u00e9issait \u00e0 son ma\u00eetre en nous rejoignant, Fidji continua tout droit, pensant que sa ma\u00eetresse \u00e9tait plus loin, devant lui.<\/strong><\/em><\/p>\n<p><a href=\"http:\/\/ciecgenval.files.wordpress.com\/2013\/05\/dsc00190-800x600.jpg\"><img loading=\"lazy\" decoding=\"async\" class=\"aligncenter size-medium wp-image-683\" alt=\"DSC00190 [800x600]\" src=\"http:\/\/ciecgenval.files.wordpress.com\/2013\/05\/dsc00190-800x600.jpg?w=300\" width=\"300\" height=\"225\" \/><\/a><\/p>\n<p><em><strong>Le temps de voir qu\u2019il filait, de l\u2019appeler, sans r\u00e9sultat, puis de rejoindre Nadine et de lui dire d\u2019appeler son chien\u2026 il se passa plusieurs minutes\u2026 tandis que Nadine partait \u00e0 la recherche de son chien, le reste du groupe se rassembla et nous attend\u00eemes, sous un doux soleil, le retour de nos deux lascars\u2026<\/strong><\/em><\/p>\n<p><em><strong>H\u00e9las, Nadine revint bredouille et tr\u00e8s paniqu\u00e9e\u2026 Elle avait rencontr\u00e9 plusieurs personnes qui se trouvaient plus loin que nous, tous \u00e9taient bloqu\u00e9s par la mar\u00e9e et attendaient que la mer se retire pour pouvoir continuer leur progression entre mer et falaise.<\/strong><\/em><\/p>\n<p><em><strong>Imaginant que Fidji avait peut-\u00eatre d\u00e9cid\u00e9 de continuer et de nager en direction du nord, nous continu\u00e2mes notre progression jusqu\u2019au cran d\u2019Escalles mais, aucune trace du chien le long de la plage, r\u00e9duite \u00e0 sa plus simple expression par la mar\u00e9e haute.<\/strong><\/em><\/p>\n<p><em><strong>Nadine \u00e9tait d\u00e9sesp\u00e9r\u00e9e et, tous, nous imaginions le pauvre Fidji noy\u00e9\u2026<\/strong><\/em><\/p>\n<p><em><strong>Esp\u00e9rant malgr\u00e9 tout qu\u2019il soit dans les environs, Nadine avait donn\u00e9 son num\u00e9ro de t\u00e9l\u00e9phone \u00e0 tous ceux qu\u2019elle avait rencontr\u00e9s. Nous f\u00eemes un dernier tour, infructueux, \u00e0 l\u2019endroit o\u00f9 nous l\u2019avions vu pour la derni\u00e8re fois, cela nous permit de voir que le mot \u00e9tait pass\u00e9, nous f\u00fbmes accueillis par un \u00ab\u00a0ah c\u2019est vous qui avez perdu votre border brun\u00a0\u00bb\u00a0!<\/strong><\/em><\/p>\n<p><em><strong>Attendre sur place \u00e9tait inutile, nous d\u00e9cid\u00e2mes donc de rentrer \u00e0 l\u2019h\u00f4tel et de revenir le long de la falaise, une fois la mar\u00e9e descendue, soit une bonne heure plus tard.<\/strong><\/em><\/p>\n<p><em><strong>Le r\u00e9ceptionniste de l\u2019h\u00f4tel nous aida \u00e9norm\u00e9ment en nous trouvant les coordonn\u00e9es de la SPA locale et en nous permettant de t\u00e9l\u00e9phoner \u00e0 la police afin de les avertir de la disparition du chien.\u00a0 Deux \u00e9quipes furent aussit\u00f4t mises sur pied afin d\u2019aller voir sur place.<\/strong><\/em><\/p>\n<p><em><strong>Et puis, une vingtaine de minutes plus tard, le miracle\u00a0: un appel sur le gsm de Nadine\u00a0: Fidji \u00e9tait retrouv\u00e9, sain et sauf, les personnes qui l\u2019avaient vu et pris nous l\u2019amenaient directement \u00e0 l\u2019h\u00f4tel.<\/strong><\/em><\/p>\n<p><em><strong>Cette fois, ce furent des larmes de joie et de soulagement que Nadine versa pendant que j\u2019appelais la police afin de les avertir de la bonne nouvelle et que le mot passait aupr\u00e8s de tout notre groupe\u00a0!<\/strong><\/em><\/p>\n<p><em><strong>Peu apr\u00e8s, c\u2019est un Fidji compl\u00e8tement d\u00e9shydrat\u00e9, \u00e0 la robe blanche de craie mais toujours aussi aboyeur qui retrouva sa ma\u00eetresse\u00a0!<\/strong><\/em><\/p>\n<p><em><strong>Ouf, une m\u00e9saventure qui finissait bien\u2026<\/strong><\/em><\/p>\n<p><em><strong>Le soir, nous all\u00e2mes jusqu\u2019\u00e0 l\u2019\u00e9norme centre commercial \u00ab\u00a0europe\u00a0\u00bb, non loin du tunnel sous la Manche, pour prendre notre repas du soir, laissant nos chiens sagement couch\u00e9s \u00e0 l\u2019h\u00f4tel, pour la circonstance.<\/strong><\/em><\/p>\n<p><em><strong>Le lundi matin, nous avions d\u00e9cid\u00e9 de faire une derni\u00e8re balade tous ensemble\u2026 le long de la plage, comme il se doit.<\/strong><\/em><\/p>\n<p><a href=\"http:\/\/ciecgenval.files.wordpress.com\/2013\/05\/dsc00198-800x600.jpg\"><img loading=\"lazy\" decoding=\"async\" class=\"aligncenter size-medium wp-image-684\" alt=\"DSC00198 [800x600]\" src=\"http:\/\/ciecgenval.files.wordpress.com\/2013\/05\/dsc00198-800x600.jpg?w=300\" width=\"300\" height=\"225\" \/><\/a><\/p>\n<p><em><strong>A peine arriv\u00e9s sur le sable, Fangio d\u00e9marra comme une fl\u00e8che et, en quelques minutes, il n\u2019\u00e9tait plus qu\u2019un tout petit point cr\u00e8me \u00e0 peine visible sur le sable des dunes\u2026D\u00e9cid\u00e9ment, Nadine n\u2019avait pas la cote avec ses chiens, cette ann\u00e9e.<\/strong><\/em><\/p>\n<p><a href=\"http:\/\/ciecgenval.files.wordpress.com\/2013\/05\/dsc00203-800x600.jpg\"><img loading=\"lazy\" decoding=\"async\" class=\"aligncenter size-medium wp-image-685\" alt=\"DSC00203 [800x600]\" src=\"http:\/\/ciecgenval.files.wordpress.com\/2013\/05\/dsc00203-800x600.jpg?w=300\" width=\"300\" height=\"225\" \/><\/a><\/p>\n<p><em><strong>Nous arriv\u00e2mes bient\u00f4t au chien et d\u00e9couvr\u00eemes qu\u2019il avait senti la d\u00e9licate odeur d\u2019un jeune phoque en putr\u00e9faction\u00a0!! Et bien s\u00fbr, quoi de plus d\u00e9licieux que d\u2019en d\u00e9vorer les entrailles\u00a0?<\/strong><\/em><\/p>\n<p><em><strong>Bref, c\u2019est le museau ensanglant\u00e9 et tr\u00e8s satisfait de lui que notre comp\u00e8re accepta enfin de nous rejoindre en laissant sa d\u00e9licieuse trouvaille sur place\u00a0!<\/strong><\/em><\/p>\n<p><em><strong>Le temps \u00e9tait parfait et nous en profit\u00e2mes donc pour fouler une derni\u00e8re fois l\u2019\u00e9tendue sableuse avant de revenir \u00e0 nos voitures.<\/strong><\/em><\/p>\n<p><em><strong>L\u00e0, notre groupe se dispersa en effet les uns rentraient directement sur la Belgique, d\u2019autres allaient dans un magasin sp\u00e9cialis\u00e9 o\u00f9 ils avaient vu du mat\u00e9riel \u00e0 des prix nettement inf\u00e9rieurs \u00e0 ceux pratiqu\u00e9s chez nous et Nadine et moi avions d\u00e9cid\u00e9 de faire quelques courses apr\u00e8s avoir \u00e9t\u00e9 visiter une bourse aux min\u00e9raux organis\u00e9es dans un village des environs.<\/strong><\/em><\/p>\n<p><em><strong>Nous nous salu\u00e2mes donc en nous disant que, l\u2019an prochain, nous allions refaire notre escapade annuelle\u2026 sans perdre Fidji, cette fois\u00a0!<\/strong><\/em><\/p>\n<p><a href=\"http:\/\/ciecgenval.files.wordpress.com\/2013\/05\/dsc00214-800x600.jpg\"><img loading=\"lazy\" decoding=\"async\" class=\"aligncenter size-medium wp-image-686\" alt=\"DSC00214 [800x600]\" src=\"http:\/\/ciecgenval.files.wordpress.com\/2013\/05\/dsc00214-800x600.jpg?w=300\" width=\"300\" height=\"225\" \/><\/a><\/p>\n<p><em><strong>\u00a0<\/strong><\/em><\/p>\n","protected":false},"excerpt":{"rendered":"<p>Afin de profiter du long week-end, cette ann\u00e9e, j\u2019ai pr\u00e9vu d\u2019organiser notre sortie calaisienne annuelle \u00e0 P\u00e2ques, c&rsquo;est-\u00e0-dire du 30 mars au 1e avril. Une dizaine de personnes \u00e9taient inscrites pour cette vir\u00e9e le long de la c\u00f4te d\u2019opale et comme nous avions donn\u00e9 cong\u00e9 au club, nous p\u00fbmes partir, bien \u00e0 notre aise, Nadine [&hellip;]<\/p>\n","protected":false},"author":1,"featured_media":0,"comment_status":"open","ping_status":"open","sticky":false,"template":"","format":"standard","meta":{"_et_pb_use_builder":"","_et_pb_old_content":"","_et_gb_content_width":"","footnotes":""},"categories":[3,12,14],"tags":[26,35,40,41,49,50,52,58,59,65,74,75,76,77,87,88,101,28,29,107,118,135,151,159,161,166,167,171,178,195],"class_list":["post-662","post","type-post","status-publish","format-standard","hentry","category-calendrier","category-nos-chiens","category-promenades","tag-australien","tag-balade-canine","tag-berger","tag-berger-australien","tag-border","tag-border-collie","tag-brabant-wallon","tag-calais","tag-calendrier","tag-cap-blanc-nez-cote-dopale","tag-chien","tag-ciec","tag-club","tag-club-canin","tag-cours","tag-cours-collectifs","tag-dressage","tag-education","tag-education-canine","tag-escalles","tag-genval","tag-mer","tag-obeissance","tag-pas-de-calais","tag-plage","tag-promenade","tag-promenade-canine","tag-sable","tag-sport-canin","tag-wissant"],"_links":{"self":[{"href":"https:\/\/ciec.be\/blog\/index.php\/wp-json\/wp\/v2\/posts\/662","targetHints":{"allow":["GET"]}}],"collection":[{"href":"https:\/\/ciec.be\/blog\/index.php\/wp-json\/wp\/v2\/posts"}],"about":[{"href":"https:\/\/ciec.be\/blog\/index.php\/wp-json\/wp\/v2\/types\/post"}],"author":[{"embeddable":true,"href":"https:\/\/ciec.be\/blog\/index.php\/wp-json\/wp\/v2\/users\/1"}],"replies":[{"embeddable":true,"href":"https:\/\/ciec.be\/blog\/index.php\/wp-json\/wp\/v2\/comments?post=662"}],"version-history":[{"count":0,"href":"https:\/\/ciec.be\/blog\/index.php\/wp-json\/wp\/v2\/posts\/662\/revisions"}],"wp:attachment":[{"href":"https:\/\/ciec.be\/blog\/index.php\/wp-json\/wp\/v2\/media?parent=662"}],"wp:term":[{"taxonomy":"category","embeddable":true,"href":"https:\/\/ciec.be\/blog\/index.php\/wp-json\/wp\/v2\/categories?post=662"},{"taxonomy":"post_tag","embeddable":true,"href":"https:\/\/ciec.be\/blog\/index.php\/wp-json\/wp\/v2\/tags?post=662"}],"curies":[{"name":"wp","href":"https:\/\/api.w.org\/{rel}","templated":true}]}}