{"id":637,"date":"2013-03-17T10:01:16","date_gmt":"2013-03-17T10:01:16","guid":{"rendered":"http:\/\/ciecgenval.wordpress.com\/?p=637"},"modified":"2013-03-17T10:01:16","modified_gmt":"2013-03-17T10:01:16","slug":"walhain-17-fevrier","status":"publish","type":"post","link":"https:\/\/ciec.be\/blog\/index.php\/2013\/03\/17\/walhain-17-fevrier\/","title":{"rendered":"Walhain &#8211; 17 f\u00e9vrier"},"content":{"rendered":"<p><em><strong>Le 17 f\u00e9vrier dernier, c\u2019est \u00e0 Walhain, que nous avions pr\u00e9vu de r\u00e9aliser notre promenade mensuelle.<\/strong><\/em><\/p>\n<p><em><strong>Heureusement, nous n\u2019avions pas de neige au programme, par contre la pluie et le brouillard \u00e9taient pile au rendez-vous.<\/strong><\/em><\/p>\n<p><em><strong>Outre les habitu\u00e9s de nos sorties, nous avions aussi de nouveaux participants ainsi que des anciens, revenus apr\u00e8s une dizaine d\u2019ann\u00e9e d\u2019absence\u2026 Comme quoi, le virus agit longtemps\u00a0!<\/strong><\/em><\/p>\n<p><em><strong>Apr\u00e8s l\u2019habitue accueil des ma\u00eetres et des chiens, ce fut le rassemblement \u00ab\u00a0des troupes\u00a0\u00bb et le d\u00e9marrage, le long de la nationale 4\u2026<\/strong><\/em><\/p>\n<p><a href=\"http:\/\/ciecgenval.files.wordpress.com\/2013\/03\/dscf0095.jpg\"><img loading=\"lazy\" decoding=\"async\" class=\"aligncenter size-medium wp-image-638\" alt=\"DSCF0095\" src=\"http:\/\/ciecgenval.files.wordpress.com\/2013\/03\/dscf0095.jpg?w=300\" width=\"300\" height=\"166\" \/><\/a><\/p>\n<p><em><strong>Trajet heureusement tr\u00e8s court qui nous amenait ensuite vers quelques maisons encore endormies puis nous entrions dans une ruelle donnant sur les champs\u2026 Moment le plus agr\u00e9able pour les chiens qui furent aussit\u00f4t lib\u00e9r\u00e9s de leur laisse\u2026<\/strong><\/em><\/p>\n<p><a href=\"http:\/\/ciecgenval.files.wordpress.com\/2013\/03\/dscf0099.jpg\"><img loading=\"lazy\" decoding=\"async\" class=\"aligncenter size-medium wp-image-639\" alt=\"DSCF0099\" src=\"http:\/\/ciecgenval.files.wordpress.com\/2013\/03\/dscf0099.jpg?w=300\" width=\"300\" height=\"169\" \/><\/a><\/p>\n<p><em><strong>De notre c\u00f4t\u00e9, nous devions avancer prudemment en effet la route, heureusement b\u00e9tonn\u00e9e, \u00e9tait couverte d\u2019une fine couche argileuse particuli\u00e8rement grasse et tra\u00eetre sous les semelles.<\/strong><\/em><\/p>\n<p><a href=\"http:\/\/ciecgenval.files.wordpress.com\/2013\/03\/dscf0102.jpg\"><img loading=\"lazy\" decoding=\"async\" class=\"aligncenter size-medium wp-image-641\" alt=\"DSCF0102\" src=\"http:\/\/ciecgenval.files.wordpress.com\/2013\/03\/dscf0102.jpg?w=300\" width=\"300\" height=\"169\" \/><\/a><\/p>\n<p><em><strong>Le ciel \u00e9tait particuli\u00e8rement bouch\u00e9 ce qui ne nous permet gu\u00e8re de profiter de la vue sur la plaine\u2026 mais qu\u2019importe, nous \u00e9tions entre amis, au grand air et avec le plaisir de voir jouer et galoper nos chiens.<\/strong><\/em><\/p>\n<p><a href=\"http:\/\/ciecgenval.files.wordpress.com\/2013\/03\/dscf0115.jpg\"><img loading=\"lazy\" decoding=\"async\" class=\"aligncenter size-medium wp-image-642\" alt=\"DSCF0115\" src=\"http:\/\/ciecgenval.files.wordpress.com\/2013\/03\/dscf0115.jpg?w=300\" width=\"300\" height=\"169\" \/><\/a><\/p>\n<p><a href=\"http:\/\/ciecgenval.files.wordpress.com\/2013\/03\/dscf0123.jpg\"><img loading=\"lazy\" decoding=\"async\" class=\"aligncenter size-medium wp-image-643\" alt=\"DSCF0123\" src=\"http:\/\/ciecgenval.files.wordpress.com\/2013\/03\/dscf0123.jpg?w=300\" width=\"300\" height=\"169\" \/><\/a><\/p>\n<p><a href=\"http:\/\/ciecgenval.files.wordpress.com\/2013\/03\/dscf0137.jpg\"><img loading=\"lazy\" decoding=\"async\" class=\"aligncenter size-medium wp-image-644\" alt=\"DSCF0137\" src=\"http:\/\/ciecgenval.files.wordpress.com\/2013\/03\/dscf0137.jpg?w=300\" width=\"300\" height=\"169\" \/><\/a><\/p>\n<p><em><strong>L\u2019in\u00e9vitable tas de fumier, aussi attractif pour nos chiens que Walibi pour des ados, fut \u00e9videmment vite rep\u00e9r\u00e9\u2026 et les chiens y firent une incursion qui ne fut toutefois pas du go\u00fbt des ma\u00eetres\u2026<\/strong><\/em><\/p>\n<p><a href=\"http:\/\/ciecgenval.files.wordpress.com\/2013\/03\/dscf0145.jpg\"><img loading=\"lazy\" decoding=\"async\" class=\"aligncenter size-medium wp-image-645\" alt=\"DSCF0145\" src=\"http:\/\/ciecgenval.files.wordpress.com\/2013\/03\/dscf0145.jpg?w=300\" width=\"300\" height=\"169\" \/><\/a><\/p>\n<p><a href=\"http:\/\/ciecgenval.files.wordpress.com\/2013\/03\/dscf0178.jpg\"><img loading=\"lazy\" decoding=\"async\" class=\"aligncenter size-medium wp-image-646\" alt=\"DSCF0178\" src=\"http:\/\/ciecgenval.files.wordpress.com\/2013\/03\/dscf0178.jpg?w=300\" width=\"300\" height=\"169\" \/><\/a><\/p>\n<p><em><strong>Plus loin, la route de remembrement \u00e9tait coup\u00e9e par une autre, bord\u00e9e d\u2019arbres et quelque peu fr\u00e9quent\u00e9e\u2026 Nous rappel\u00e2mes donc nos chiens qui furent remis en laisse.<\/strong><\/em><\/p>\n<p><a href=\"http:\/\/ciecgenval.files.wordpress.com\/2013\/03\/dscf0161.jpg\"><img loading=\"lazy\" decoding=\"async\" class=\"aligncenter size-medium wp-image-647\" alt=\"DSCF0161\" src=\"http:\/\/ciecgenval.files.wordpress.com\/2013\/03\/dscf0161.jpg?w=300\" width=\"300\" height=\"169\" \/><\/a><\/p>\n<p><a href=\"http:\/\/ciecgenval.files.wordpress.com\/2013\/03\/dscf0166.jpg\"><img loading=\"lazy\" decoding=\"async\" class=\"aligncenter size-medium wp-image-650\" alt=\"DSCF0166\" src=\"http:\/\/ciecgenval.files.wordpress.com\/2013\/03\/dscf0166.jpg?w=300\" width=\"300\" height=\"169\" \/><\/a><\/p>\n<p><a href=\"http:\/\/ciecgenval.files.wordpress.com\/2013\/03\/dscf0169.jpg\"><img loading=\"lazy\" decoding=\"async\" class=\"aligncenter size-medium wp-image-651\" alt=\"DSCF0169\" src=\"http:\/\/ciecgenval.files.wordpress.com\/2013\/03\/dscf0169.jpg?w=300\" width=\"300\" height=\"169\" \/><\/a><\/p>\n<p><em><strong>La m\u00e9t\u00e9o peu cl\u00e9mente \u00e9tait un atout de poids\u00a0: nous ne f\u00fbmes d\u00e9rang\u00e9s par aucun cycliste alors que nous d\u00e9ambulions sur la piste cyclable, seul endroit prot\u00e9g\u00e9 pour rejoindre un autre chemin, parall\u00e8le au premier et o\u00f9 nous nous engage\u00e2mes bient\u00f4t.<\/strong><\/em><\/p>\n<p style=\"text-align:center;\"><a href=\"http:\/\/ciecgenval.files.wordpress.com\/2013\/03\/dscf0174.jpg\"><img loading=\"lazy\" decoding=\"async\" class=\"aligncenter\" alt=\"DSCF0174\" src=\"http:\/\/ciecgenval.files.wordpress.com\/2013\/03\/dscf0174.jpg?w=300\" width=\"300\" height=\"169\" \/><\/a><\/p>\n<p><em><strong>L\u2019heure avan\u00e7ant, le soleil se fit un rien plus pr\u00e9sent et parvint \u00e0 r\u00e9duire quelque peu la brume qui noyait le paysage, sans pouvoir, toutefois, nous offrir une bonne visibilit\u00e9 \u00e0 plus d\u2019une trentaine de m\u00e8tres.<\/strong><\/em><\/p>\n<p><a href=\"http:\/\/ciecgenval.files.wordpress.com\/2013\/03\/dscf0183.jpg\"><img loading=\"lazy\" decoding=\"async\" class=\"aligncenter size-medium wp-image-653\" alt=\"DSCF0183\" src=\"http:\/\/ciecgenval.files.wordpress.com\/2013\/03\/dscf0183.jpg?w=300\" width=\"300\" height=\"169\" \/><\/a><\/p>\n<p><em><strong>Bient\u00f4t, nous retrouv\u00e2mes notre rue de d\u00e9part\u2026 Le temps d\u2019une photo, \u00e0 un endroit particuli\u00e8rement bienvenu, vu l\u2019\u00e9tat de nos chiens\u2026 <\/strong><\/em><\/p>\n<p><a href=\"http:\/\/ciecgenval.files.wordpress.com\/2013\/03\/dscf0202.jpg\"><img loading=\"lazy\" decoding=\"async\" class=\"aligncenter size-medium wp-image-654\" alt=\"DSCF0202\" src=\"http:\/\/ciecgenval.files.wordpress.com\/2013\/03\/dscf0202.jpg?w=300\" width=\"300\" height=\"169\" \/><\/a><\/p>\n<p><em><strong>et nous arriv\u00e2mes \u00e0 notre point de d\u00e9part, le parking du restaurant o\u00f9 nous avions pr\u00e9vu de terminer cette balade somme toute bien sympathique et agr\u00e9able.<\/strong><\/em><\/p>\n<p><a href=\"http:\/\/ciecgenval.files.wordpress.com\/2013\/03\/dscf0225.jpg\"><img loading=\"lazy\" decoding=\"async\" class=\"aligncenter size-medium wp-image-656\" alt=\"DSCF0225\" src=\"http:\/\/ciecgenval.files.wordpress.com\/2013\/03\/dscf0225.jpg?w=300\" width=\"300\" height=\"169\" \/><\/a><\/p>\n<p><a href=\"http:\/\/ciecgenval.files.wordpress.com\/2013\/03\/dscf0226.jpg\"><img loading=\"lazy\" decoding=\"async\" class=\"aligncenter size-medium wp-image-657\" alt=\"DSCF0226\" src=\"http:\/\/ciecgenval.files.wordpress.com\/2013\/03\/dscf0226.jpg?w=300\" width=\"300\" height=\"169\" \/><\/a><\/p>\n<p><a href=\"http:\/\/ciecgenval.files.wordpress.com\/2013\/03\/dscf0231.jpg\"><img loading=\"lazy\" decoding=\"async\" class=\"aligncenter size-medium wp-image-655\" alt=\"DSCF0231\" src=\"http:\/\/ciecgenval.files.wordpress.com\/2013\/03\/dscf0231.jpg?w=300\" width=\"300\" height=\"169\" \/><\/a><\/p>\n","protected":false},"excerpt":{"rendered":"<p>Le 17 f\u00e9vrier dernier, c\u2019est \u00e0 Walhain, que nous avions pr\u00e9vu de r\u00e9aliser notre promenade mensuelle. Heureusement, nous n\u2019avions pas de neige au programme, par contre la pluie et le brouillard \u00e9taient pile au rendez-vous. Outre les habitu\u00e9s de nos sorties, nous avions aussi de nouveaux participants ainsi que des anciens, revenus apr\u00e8s une dizaine [&hellip;]<\/p>\n","protected":false},"author":1,"featured_media":0,"comment_status":"open","ping_status":"open","sticky":false,"template":"","format":"standard","meta":{"_et_pb_use_builder":"","_et_pb_old_content":"","_et_gb_content_width":"","footnotes":""},"categories":[3,12,14],"tags":[25,26,35,41,49,50,52,59,71,74,75,76,77,29,118,166,167],"class_list":["post-637","post","type-post","status-publish","format-standard","hentry","category-calendrier","category-nos-chiens","category-promenades","tag-aussie","tag-australien","tag-balade-canine","tag-berger-australien","tag-border","tag-border-collie","tag-brabant-wallon","tag-calendrier","tag-champs","tag-chien","tag-ciec","tag-club","tag-club-canin","tag-education-canine","tag-genval","tag-promenade","tag-promenade-canine"],"_links":{"self":[{"href":"https:\/\/ciec.be\/blog\/index.php\/wp-json\/wp\/v2\/posts\/637","targetHints":{"allow":["GET"]}}],"collection":[{"href":"https:\/\/ciec.be\/blog\/index.php\/wp-json\/wp\/v2\/posts"}],"about":[{"href":"https:\/\/ciec.be\/blog\/index.php\/wp-json\/wp\/v2\/types\/post"}],"author":[{"embeddable":true,"href":"https:\/\/ciec.be\/blog\/index.php\/wp-json\/wp\/v2\/users\/1"}],"replies":[{"embeddable":true,"href":"https:\/\/ciec.be\/blog\/index.php\/wp-json\/wp\/v2\/comments?post=637"}],"version-history":[{"count":0,"href":"https:\/\/ciec.be\/blog\/index.php\/wp-json\/wp\/v2\/posts\/637\/revisions"}],"wp:attachment":[{"href":"https:\/\/ciec.be\/blog\/index.php\/wp-json\/wp\/v2\/media?parent=637"}],"wp:term":[{"taxonomy":"category","embeddable":true,"href":"https:\/\/ciec.be\/blog\/index.php\/wp-json\/wp\/v2\/categories?post=637"},{"taxonomy":"post_tag","embeddable":true,"href":"https:\/\/ciec.be\/blog\/index.php\/wp-json\/wp\/v2\/tags?post=637"}],"curies":[{"name":"wp","href":"https:\/\/api.w.org\/{rel}","templated":true}]}}