{"id":61,"date":"2012-02-11T15:55:37","date_gmt":"2012-02-11T15:55:37","guid":{"rendered":"http:\/\/ciecgenval.wordpress.com\/?p=61"},"modified":"2012-02-11T15:55:37","modified_gmt":"2012-02-11T15:55:37","slug":"cours-dhiver","status":"publish","type":"post","link":"https:\/\/ciec.be\/blog\/index.php\/2012\/02\/11\/cours-dhiver\/","title":{"rendered":"Cours d&rsquo;hiver"},"content":{"rendered":"<p><em><strong>Tant que le sol sera gel\u00e9, les cours d&rsquo;agility et de flyball seront suspendus, les circonstances \u00e9tant beaucoup trop dangereuses pour les articulations des chiens&#8230; et de certain ma\u00eetres.<\/strong><\/em><\/p>\n<p><em><strong>Par contre, l&rsquo;ob\u00e9issance, elle, se poursuivra normalement !<\/strong><\/em><\/p>\n<p><em><strong>Voici d&rsquo;ailleurs quelques images du cours de mercredi dernier, nous avions un petit -10\u00b0 au thermom\u00e8tre mais le vent augmentait encore l&rsquo;impression de froid&#8230;<\/strong><\/em><\/p>\n<p><em><strong>Cela n&rsquo;a pas emp\u00each\u00e9 quelques irr\u00e9ductibles de venir faire un peu d&rsquo;exercice.<\/strong><\/em><\/p>\n<p><img loading=\"lazy\" decoding=\"async\" class=\"aligncenter size-full wp-image-62\" title=\"100_9464\" src=\"http:\/\/ciecgenval.files.wordpress.com\/2012\/02\/100_9464.jpg\" alt=\"\" width=\"604\" height=\"453\" \/><\/p>\n<p><em><strong>Coban profite d&rsquo;un peu d&rsquo;espace sans neige pour son rester en place<\/strong><\/em><\/p>\n<p><img loading=\"lazy\" decoding=\"async\" class=\"aligncenter size-full wp-image-63\" title=\"100_9467\" src=\"http:\/\/ciecgenval.files.wordpress.com\/2012\/02\/100_9467.jpg\" alt=\"\" width=\"604\" height=\"453\" \/><\/p>\n<p><em><strong>Laya au rappel avec corde&#8230; elle aime !<\/strong><\/em><\/p>\n<p><img loading=\"lazy\" decoding=\"async\" class=\"aligncenter size-full wp-image-64\" title=\"100_9469\" src=\"http:\/\/ciecgenval.files.wordpress.com\/2012\/02\/100_9469.jpg\" alt=\"\" width=\"604\" height=\"453\" \/><\/p>\n<p><em><strong>Chara, privil\u00e9gi\u00e9e, surveille les exercices de pr\u00e8s.<\/strong><\/em><\/p>\n<p><img loading=\"lazy\" decoding=\"async\" class=\"aligncenter size-full wp-image-65\" title=\"100_9470\" src=\"http:\/\/ciecgenval.files.wordpress.com\/2012\/02\/100_9470.jpg\" alt=\"\" width=\"604\" height=\"453\" \/><\/p>\n<p><em><strong>Au tour de Keiko de venir au rappel<\/strong><\/em><\/p>\n<p><img loading=\"lazy\" decoding=\"async\" class=\"aligncenter size-full wp-image-66\" title=\"100_9471\" src=\"http:\/\/ciecgenval.files.wordpress.com\/2012\/02\/100_9471.jpg\" alt=\"\" width=\"604\" height=\"453\" \/><\/p>\n<p><em><strong>Et pour terminer, les positions&#8230; Un couch\u00e9&#8230;<\/strong><\/em><\/p>\n<p><img loading=\"lazy\" decoding=\"async\" class=\"aligncenter size-full wp-image-67\" title=\"100_9472\" src=\"http:\/\/ciecgenval.files.wordpress.com\/2012\/02\/100_9472.jpg\" alt=\"\" width=\"604\" height=\"453\" \/><\/p>\n<p><em><strong>Suivi du assis<\/strong><\/em><\/p>\n<p><img loading=\"lazy\" decoding=\"async\" class=\"aligncenter size-full wp-image-68\" title=\"100_9473\" src=\"http:\/\/ciecgenval.files.wordpress.com\/2012\/02\/100_9473.jpg\" alt=\"\" width=\"604\" height=\"453\" \/><\/p>\n<p><em><strong>Et du debout !<\/strong><\/em><\/p>\n<p><img loading=\"lazy\" decoding=\"async\" class=\"aligncenter size-full wp-image-69\" title=\"100_9474\" src=\"http:\/\/ciecgenval.files.wordpress.com\/2012\/02\/100_9474.jpg\" alt=\"\" width=\"604\" height=\"453\" \/><\/p>\n","protected":false},"excerpt":{"rendered":"<p>Tant que le sol sera gel\u00e9, les cours d&rsquo;agility et de flyball seront suspendus, les circonstances \u00e9tant beaucoup trop dangereuses pour les articulations des chiens&#8230; et de certain ma\u00eetres. Par contre, l&rsquo;ob\u00e9issance, elle, se poursuivra normalement ! Voici d&rsquo;ailleurs quelques images du cours de mercredi dernier, nous avions un petit -10\u00b0 au thermom\u00e8tre mais le [&hellip;]<\/p>\n","protected":false},"author":1,"featured_media":0,"comment_status":"open","ping_status":"open","sticky":false,"template":"","format":"standard","meta":{"_et_pb_use_builder":"","_et_pb_old_content":"","_et_gb_content_width":"","footnotes":""},"categories":[6],"tags":[26,40,50,74,78,87,28,151],"class_list":["post-61","post","type-post","status-publish","format-standard","hentry","category-cours-dobeissance","tag-australien","tag-berger","tag-border-collie","tag-chien","tag-collectif","tag-cours","tag-education","tag-obeissance"],"_links":{"self":[{"href":"https:\/\/ciec.be\/blog\/index.php\/wp-json\/wp\/v2\/posts\/61","targetHints":{"allow":["GET"]}}],"collection":[{"href":"https:\/\/ciec.be\/blog\/index.php\/wp-json\/wp\/v2\/posts"}],"about":[{"href":"https:\/\/ciec.be\/blog\/index.php\/wp-json\/wp\/v2\/types\/post"}],"author":[{"embeddable":true,"href":"https:\/\/ciec.be\/blog\/index.php\/wp-json\/wp\/v2\/users\/1"}],"replies":[{"embeddable":true,"href":"https:\/\/ciec.be\/blog\/index.php\/wp-json\/wp\/v2\/comments?post=61"}],"version-history":[{"count":0,"href":"https:\/\/ciec.be\/blog\/index.php\/wp-json\/wp\/v2\/posts\/61\/revisions"}],"wp:attachment":[{"href":"https:\/\/ciec.be\/blog\/index.php\/wp-json\/wp\/v2\/media?parent=61"}],"wp:term":[{"taxonomy":"category","embeddable":true,"href":"https:\/\/ciec.be\/blog\/index.php\/wp-json\/wp\/v2\/categories?post=61"},{"taxonomy":"post_tag","embeddable":true,"href":"https:\/\/ciec.be\/blog\/index.php\/wp-json\/wp\/v2\/tags?post=61"}],"curies":[{"name":"wp","href":"https:\/\/api.w.org\/{rel}","templated":true}]}}