{"id":604,"date":"2013-01-03T09:24:27","date_gmt":"2013-01-03T09:24:27","guid":{"rendered":"http:\/\/ciecgenval.wordpress.com\/?p=604"},"modified":"2013-01-03T09:24:27","modified_gmt":"2013-01-03T09:24:27","slug":"2-decembre-promenade-a-dion","status":"publish","type":"post","link":"https:\/\/ciec.be\/blog\/index.php\/2013\/01\/03\/2-decembre-promenade-a-dion\/","title":{"rendered":"2 d\u00e9cembre &#8211; Promenade \u00e0 Dion"},"content":{"rendered":"<p><em><strong>Ce 2 d\u00e9cembre, c&rsquo;est devant l&rsquo;\u00e9glise de Dion que Genevi\u00e8ve nous invitait afin de l&rsquo;accompagner dans une petite d\u00e9couverte des champs et des bois environnants.<\/strong><\/em><\/p>\n<p><img loading=\"lazy\" decoding=\"async\" class=\"aligncenter size-medium wp-image-605\" alt=\"IMG_0052\" src=\"http:\/\/ciecgenval.files.wordpress.com\/2013\/01\/img_0052.jpg?w=300\" width=\"300\" height=\"225\" \/><\/p>\n<p><em><strong>La neige, tomb\u00e9e en abondance la nuit et qui avait recommenc\u00e9 \u00e0 blanchir le paysage, \u00e9tait bien pr\u00e9sente et tenait.<\/strong><\/em><\/p>\n<p><img loading=\"lazy\" decoding=\"async\" class=\"aligncenter size-medium wp-image-606\" alt=\"IMG_0050\" src=\"http:\/\/ciecgenval.files.wordpress.com\/2013\/01\/img_0050.jpg?w=300\" width=\"300\" height=\"224\" \/><\/p>\n<p><em><strong>Malgr\u00e9 l&rsquo;\u00e9tat un peu glissant des routes, nombreux \u00e9taient les courageux venus au rendez-vous.<\/strong><\/em><\/p>\n<p><img loading=\"lazy\" decoding=\"async\" class=\"aligncenter size-medium wp-image-607\" alt=\"IMG_0051\" src=\"http:\/\/ciecgenval.files.wordpress.com\/2013\/01\/img_0051.jpg?w=300\" width=\"300\" height=\"224\" \/><\/p>\n<p><img loading=\"lazy\" decoding=\"async\" class=\"aligncenter size-medium wp-image-608\" alt=\"IMG_0054\" src=\"http:\/\/ciecgenval.files.wordpress.com\/2013\/01\/img_0054.jpg?w=300\" width=\"300\" height=\"225\" \/><\/p>\n<p><img loading=\"lazy\" decoding=\"async\" class=\"aligncenter size-medium wp-image-609\" alt=\"IMG_0055\" src=\"http:\/\/ciecgenval.files.wordpress.com\/2013\/01\/img_0055.jpg?w=300\" width=\"300\" height=\"220\" \/><\/p>\n<p><em><strong>D\u00e8s que le groupe fut au complet, ce fut le d\u00e9marrage dans un sentier, entre les champs&#8230; avec boue et flaques glac\u00e9es au menu !<\/strong><\/em><\/p>\n<p><img loading=\"lazy\" decoding=\"async\" class=\"aligncenter size-medium wp-image-610\" alt=\"IMG_0057\" src=\"http:\/\/ciecgenval.files.wordpress.com\/2013\/01\/img_0057.jpg?w=300\" width=\"300\" height=\"225\" \/><\/p>\n<p><img loading=\"lazy\" decoding=\"async\" class=\"aligncenter size-medium wp-image-611\" alt=\"IMG_0058\" src=\"http:\/\/ciecgenval.files.wordpress.com\/2013\/01\/img_0058.jpg?w=300\" width=\"300\" height=\"225\" \/><\/p>\n<p><em><strong>Mais pas de quoi d\u00e9go\u00fbter nos chiens, au contraire, ils semblent appr\u00e9cier !<\/strong><\/em><\/p>\n<p><img loading=\"lazy\" decoding=\"async\" class=\"aligncenter size-medium wp-image-612\" alt=\"IMG_0059\" src=\"http:\/\/ciecgenval.files.wordpress.com\/2013\/01\/img_0059.jpg?w=300\" width=\"300\" height=\"225\" \/><\/p>\n<p style=\"text-align:center;\"><img loading=\"lazy\" decoding=\"async\" class=\"aligncenter\" alt=\"IMG_0067\" src=\"http:\/\/ciecgenval.files.wordpress.com\/2013\/01\/img_0067.jpg?w=300\" width=\"300\" height=\"225\" \/><\/p>\n<p><img loading=\"lazy\" decoding=\"async\" class=\"aligncenter size-medium wp-image-614\" alt=\"IMG_0064\" src=\"http:\/\/ciecgenval.files.wordpress.com\/2013\/01\/img_0064.jpg?w=300\" width=\"300\" height=\"225\" \/><\/p>\n<p><img loading=\"lazy\" decoding=\"async\" class=\"aligncenter size-medium wp-image-615\" alt=\"IMG_0065\" src=\"http:\/\/ciecgenval.files.wordpress.com\/2013\/01\/img_0065.jpg?w=300\" width=\"300\" height=\"225\" \/><\/p>\n<p><img loading=\"lazy\" decoding=\"async\" class=\"aligncenter size-medium wp-image-616\" alt=\"IMG_0066\" src=\"http:\/\/ciecgenval.files.wordpress.com\/2013\/01\/img_0066.jpg?w=300\" width=\"300\" height=\"225\" \/><\/p>\n<p><img loading=\"lazy\" decoding=\"async\" class=\"aligncenter size-medium wp-image-618\" alt=\"IMG_0070\" src=\"http:\/\/ciecgenval.files.wordpress.com\/2013\/01\/img_0070.jpg?w=300\" width=\"300\" height=\"222\" \/><\/p>\n","protected":false},"excerpt":{"rendered":"<p>Ce 2 d\u00e9cembre, c&rsquo;est devant l&rsquo;\u00e9glise de Dion que Genevi\u00e8ve nous invitait afin de l&rsquo;accompagner dans une petite d\u00e9couverte des champs et des bois environnants. La neige, tomb\u00e9e en abondance la nuit et qui avait recommenc\u00e9 \u00e0 blanchir le paysage, \u00e9tait bien pr\u00e9sente et tenait. Malgr\u00e9 l&rsquo;\u00e9tat un peu glissant des routes, nombreux \u00e9taient les [&hellip;]<\/p>\n","protected":false},"author":1,"featured_media":0,"comment_status":"open","ping_status":"open","sticky":false,"template":"","format":"standard","meta":{"_et_pb_use_builder":"","_et_pb_old_content":"","_et_gb_content_width":"","footnotes":""},"categories":[3,14],"tags":[35,52,74,75,97,98,118,148,166,167],"class_list":["post-604","post","type-post","status-publish","format-standard","hentry","category-calendrier","category-promenades","tag-balade-canine","tag-brabant-wallon","tag-chien","tag-ciec","tag-dion","tag-dion-valmont","tag-genval","tag-neige","tag-promenade","tag-promenade-canine"],"_links":{"self":[{"href":"https:\/\/ciec.be\/blog\/index.php\/wp-json\/wp\/v2\/posts\/604","targetHints":{"allow":["GET"]}}],"collection":[{"href":"https:\/\/ciec.be\/blog\/index.php\/wp-json\/wp\/v2\/posts"}],"about":[{"href":"https:\/\/ciec.be\/blog\/index.php\/wp-json\/wp\/v2\/types\/post"}],"author":[{"embeddable":true,"href":"https:\/\/ciec.be\/blog\/index.php\/wp-json\/wp\/v2\/users\/1"}],"replies":[{"embeddable":true,"href":"https:\/\/ciec.be\/blog\/index.php\/wp-json\/wp\/v2\/comments?post=604"}],"version-history":[{"count":0,"href":"https:\/\/ciec.be\/blog\/index.php\/wp-json\/wp\/v2\/posts\/604\/revisions"}],"wp:attachment":[{"href":"https:\/\/ciec.be\/blog\/index.php\/wp-json\/wp\/v2\/media?parent=604"}],"wp:term":[{"taxonomy":"category","embeddable":true,"href":"https:\/\/ciec.be\/blog\/index.php\/wp-json\/wp\/v2\/categories?post=604"},{"taxonomy":"post_tag","embeddable":true,"href":"https:\/\/ciec.be\/blog\/index.php\/wp-json\/wp\/v2\/tags?post=604"}],"curies":[{"name":"wp","href":"https:\/\/api.w.org\/{rel}","templated":true}]}}