{"id":594,"date":"2012-12-12T22:04:13","date_gmt":"2012-12-12T22:04:13","guid":{"rendered":"http:\/\/ciecgenval.wordpress.com\/?p=594"},"modified":"2012-12-12T22:04:13","modified_gmt":"2012-12-12T22:04:13","slug":"calendrier-des-promenades-2013","status":"publish","type":"post","link":"https:\/\/ciec.be\/blog\/index.php\/2012\/12\/12\/calendrier-des-promenades-2013\/","title":{"rendered":"Calendrier des promenades 2013"},"content":{"rendered":"<p><em><strong>Voici le calendrier pr\u00e9vu pour nos promenades en 2013.<\/strong><\/em><\/p>\n<p><em><strong>Actuellement, tous les lieux ne sont pas d\u00e9termin\u00e9s, ils seront mis au fur et \u00e0 mesure&#8230;<\/strong><\/em><em><strong>\u00a0Venez donc r\u00e9guli\u00e8rement visiter cette page !<\/strong><\/em><\/p>\n<p><em><strong><span style=\"color:#ff0000;\">20 janvier<\/span> &#8211; promenade \u00e0 La Hulpe, derri\u00e8re le domaine Solvay.\u00a0 Rendez-vous \u00e0 10h, sur le parking \u00ab\u00a0folon\u00a0\u00bb \u00e0 l&rsquo;arri\u00e8re du ch\u00e2teau de La Hulpe (Gaillemarde).<\/strong><\/em><\/p>\n<p><span style=\"color:#ff0000;\"><em><strong>17 f\u00e9vrier &#8211; <span style=\"color:#000000;\">promenade \u00e0 Walhain, dans les chemins de remembrement<\/span><br \/>\n<\/strong><\/em><\/span><\/p>\n<p><em><strong><span style=\"color:#ff0000;\">3 mars <\/span>&#8211; Promenade<\/strong><\/em><\/p>\n<p><em><strong><span style=\"color:#ff0000;\">30 mars au 1e avril<\/span> : promenade \u00e0 Calais, d\u00e9part le samedi et retour le lundi.\u00a0 Attention, c&rsquo;est le WE de P\u00e2ques !<\/strong><\/em><\/p>\n<p><span style=\"color:#ff0000;\"><em><strong>12 mai <\/strong><\/em><\/span><\/p>\n<p><span style=\"color:#ff0000;\"><em><strong>16 juin<\/strong><\/em><\/span><\/p>\n<p><span style=\"color:#ff0000;\"><em><strong>14 juillet<\/strong><\/em><\/span><\/p>\n<p><em><strong><span style=\"color:#ff0000;\">22 juillet<\/span> :<\/strong> <\/em><strong>sous r\u00e9serve de confirmation : promenade au Mont St Michel (en compl\u00e9ment du concours de flyball en Normandie)<\/strong><\/p>\n<p><span style=\"color:#ff0000;\"><em><strong>25 ao\u00fbt<\/strong><\/em><\/span><\/p>\n<p><span style=\"color:#ff0000;\"><em><strong>20 octobre <span style=\"color:#000000;\">: promenade \u00e0 la mer du nord<\/span><\/strong><\/em><\/span><\/p>\n<p><span style=\"color:#ff0000;\"><em><strong>17 novembre<\/strong><\/em><\/span><\/p>\n<p><span style=\"color:#ff0000;\"><em><strong>15 d\u00e9cembre<\/strong><\/em><\/span><\/p>\n","protected":false},"excerpt":{"rendered":"<p>Voici le calendrier pr\u00e9vu pour nos promenades en 2013. Actuellement, tous les lieux ne sont pas d\u00e9termin\u00e9s, ils seront mis au fur et \u00e0 mesure&#8230;\u00a0Venez donc r\u00e9guli\u00e8rement visiter cette page ! 20 janvier &#8211; promenade \u00e0 La Hulpe, derri\u00e8re le domaine Solvay.\u00a0 Rendez-vous \u00e0 10h, sur le parking \u00ab\u00a0folon\u00a0\u00bb \u00e0 l&rsquo;arri\u00e8re du ch\u00e2teau de La [&hellip;]<\/p>\n","protected":false},"author":1,"featured_media":0,"comment_status":"open","ping_status":"open","sticky":false,"template":"","format":"standard","meta":{"_et_pb_use_builder":"","_et_pb_old_content":"","_et_gb_content_width":"","footnotes":""},"categories":[3,14],"tags":[34,52,74,75,77,101,29,118,166],"class_list":["post-594","post","type-post","status-publish","format-standard","hentry","category-calendrier","category-promenades","tag-balade-educative","tag-brabant-wallon","tag-chien","tag-ciec","tag-club-canin","tag-dressage","tag-education-canine","tag-genval","tag-promenade"],"_links":{"self":[{"href":"https:\/\/ciec.be\/blog\/index.php\/wp-json\/wp\/v2\/posts\/594","targetHints":{"allow":["GET"]}}],"collection":[{"href":"https:\/\/ciec.be\/blog\/index.php\/wp-json\/wp\/v2\/posts"}],"about":[{"href":"https:\/\/ciec.be\/blog\/index.php\/wp-json\/wp\/v2\/types\/post"}],"author":[{"embeddable":true,"href":"https:\/\/ciec.be\/blog\/index.php\/wp-json\/wp\/v2\/users\/1"}],"replies":[{"embeddable":true,"href":"https:\/\/ciec.be\/blog\/index.php\/wp-json\/wp\/v2\/comments?post=594"}],"version-history":[{"count":0,"href":"https:\/\/ciec.be\/blog\/index.php\/wp-json\/wp\/v2\/posts\/594\/revisions"}],"wp:attachment":[{"href":"https:\/\/ciec.be\/blog\/index.php\/wp-json\/wp\/v2\/media?parent=594"}],"wp:term":[{"taxonomy":"category","embeddable":true,"href":"https:\/\/ciec.be\/blog\/index.php\/wp-json\/wp\/v2\/categories?post=594"},{"taxonomy":"post_tag","embeddable":true,"href":"https:\/\/ciec.be\/blog\/index.php\/wp-json\/wp\/v2\/tags?post=594"}],"curies":[{"name":"wp","href":"https:\/\/api.w.org\/{rel}","templated":true}]}}