{"id":556,"date":"2012-11-21T20:43:01","date_gmt":"2012-11-21T20:43:01","guid":{"rendered":"http:\/\/ciecgenval.wordpress.com\/?p=556"},"modified":"2012-11-21T20:43:01","modified_gmt":"2012-11-21T20:43:01","slug":"11-novembre-promenade-a-la-panne","status":"publish","type":"post","link":"https:\/\/ciec.be\/blog\/index.php\/2012\/11\/21\/11-novembre-promenade-a-la-panne\/","title":{"rendered":"11 novembre &#8211; Promenade \u00e0 la Panne"},"content":{"rendered":"<p><em><strong>Bien que nous soyons quasi \u00e0 la moiti\u00e9 du mois de novembre, ce dimanche promettait d\u2019\u00eatre beau.<\/strong><\/em><\/p>\n<p><em><strong>Lors de notre d\u00e9part, dans le petit matin sombre, de larges bandes de brouillard s\u2019\u00e9tendaient sur la route.\u00a0 Nous \u00e9tions deux, moi avec Bob et Abha, Jo\u00eblle avec Belle, pour ce d\u00e9marrage.<\/strong><\/em><\/p>\n<p><em><strong>Apr\u00e8s avoir p\u00each\u00e9, au passage, Sophie et ses deux chiens, nous retrouvions Liota et Laurence sur un parking \u00e0 l\u2019entr\u00e9e de l\u2019autoroute.<\/strong><\/em><\/p>\n<p><em><strong>L\u2019heure et demie de voyage se d\u00e9roula sans probl\u00e8me, le brouillard ayant fait place \u00e0 un radieux soleil.<\/strong><\/em><\/p>\n<p><em><strong>Sur le lieu de notre rendez-vous, nous ne rest\u00e2mes pas longtemps seuls\u2026 Petit \u00e0 petit, les participants arriv\u00e8rent\u2026<\/strong><\/em><\/p>\n<p style=\"text-align:center;\"><img loading=\"lazy\" decoding=\"async\" class=\"aligncenter  wp-image-557\" title=\"100_1744\" alt=\"\" src=\"http:\/\/ciecgenval.files.wordpress.com\/2012\/11\/100_1744.jpg\" height=\"198\" width=\"264\" \/><\/p>\n<p><em><strong>Pour transporter plus facilement Sh\u00fb, Laurence avait command\u00e9 un chariot \u00ab\u00a0high tech\u00a0\u00bb \u00e0 Sylviane\u2026 en un tour de main il fut mont\u00e9 et le petit pu s\u2019y installer \u00e0 l\u2019aise.<\/strong><\/em><\/p>\n<p><img loading=\"lazy\" decoding=\"async\" class=\"aligncenter size-medium wp-image-558\" title=\"100_1745\" alt=\"\" src=\"http:\/\/ciecgenval.files.wordpress.com\/2012\/11\/100_1745.jpg?w=300\" height=\"225\" width=\"300\" \/><\/p>\n<p><em><strong>Lorsque les derni\u00e8res retardataires furent l\u00e0, nous emprunt\u00e2mes le sentier menant \u00e0 la plage.<\/strong><\/em><\/p>\n<p><img loading=\"lazy\" decoding=\"async\" class=\"aligncenter size-medium wp-image-559\" title=\"100_1746\" alt=\"\" src=\"http:\/\/ciecgenval.files.wordpress.com\/2012\/11\/100_1746.jpg?w=300\" height=\"225\" width=\"300\" \/><\/p>\n<p><em><strong>Cela fait de nombreuses ann\u00e9es que nous allons \u00e0 la mer mais c\u2019\u00e9tait la premi\u00e8re fois que la mar\u00e9e \u00e9tait totalement haute\u2026 qu\u2019importe, la digue \u00e9tait tout \u00e0 fait praticable<\/strong><\/em><\/p>\n<p><a href=\"http:\/\/ciecgenval.files.wordpress.com\/2012\/11\/100_1747.jpg\"><img loading=\"lazy\" decoding=\"async\" class=\"aligncenter size-medium wp-image-560\" title=\"100_1747\" alt=\"\" src=\"http:\/\/ciecgenval.files.wordpress.com\/2012\/11\/100_1747.jpg?w=300\" height=\"225\" width=\"300\" \/><\/a><\/p>\n<p><img loading=\"lazy\" decoding=\"async\" class=\"aligncenter size-medium wp-image-561\" title=\"100_1748\" alt=\"\" src=\"http:\/\/ciecgenval.files.wordpress.com\/2012\/11\/100_1748.jpg?w=300\" height=\"225\" width=\"300\" \/><\/p>\n<p><em><strong> et, plus loin, une \u00e9tendue de sable trop \u00e9loign\u00e9e pour subir les assauts de la mer nous permit de donner un peu plus d\u2019espace aux chiens, qui ne s\u2019en priv\u00e8rent \u00e9videmment pas.<\/strong><\/em><\/p>\n<p><img loading=\"lazy\" decoding=\"async\" class=\"aligncenter size-medium wp-image-562\" title=\"100_1750\" alt=\"\" src=\"http:\/\/ciecgenval.files.wordpress.com\/2012\/11\/100_1750.jpg?w=300\" height=\"225\" width=\"300\" \/><\/p>\n<p><img loading=\"lazy\" decoding=\"async\" class=\"aligncenter size-medium wp-image-563\" title=\"100_1751\" alt=\"\" src=\"http:\/\/ciecgenval.files.wordpress.com\/2012\/11\/100_1751.jpg?w=300\" height=\"225\" width=\"300\" \/><\/p>\n<p><em><strong>Au fur et \u00e0 mesure de notre progression la mer commen\u00e7a \u00e0 se retirer et le chariot pu \u00eatre men\u00e9 sur un sable plus dur, \u00e9pargnant ainsi pas mal d\u2019\u00e9nergie \u00e0 ceux qui se relayaient pour le tirer.<\/strong><\/em><\/p>\n<p><img loading=\"lazy\" decoding=\"async\" class=\"aligncenter size-medium wp-image-564\" title=\"100_1752\" alt=\"\" src=\"http:\/\/ciecgenval.files.wordpress.com\/2012\/11\/100_1752.jpg?w=300\" height=\"225\" width=\"300\" \/><\/p>\n<p><em><strong>De leur c\u00f4t\u00e9, les chiens s\u2019en donnaient \u00e0 c\u0153ur joie <\/strong><\/em><\/p>\n<p><img loading=\"lazy\" decoding=\"async\" class=\"aligncenter size-medium wp-image-565\" title=\"100_1756\" alt=\"\" src=\"http:\/\/ciecgenval.files.wordpress.com\/2012\/11\/100_1756.jpg?w=300\" height=\"225\" width=\"300\" \/><\/p>\n<p><em><strong>et m\u00eame Wubit fut l\u00e2ch\u00e9e pour un petit temps\u2026 <\/strong><\/em><\/p>\n<p><img loading=\"lazy\" decoding=\"async\" class=\"aligncenter size-medium wp-image-566\" title=\"100_1758\" alt=\"\" src=\"http:\/\/ciecgenval.files.wordpress.com\/2012\/11\/100_1758.jpg?w=300\" height=\"225\" width=\"300\" \/><\/p>\n<p><em><strong>mais son instinct de chasse prenant le dessus, elle risquait de devenir dangereuse pour les petits chiens du groupe et Laurence la repris en laisse.<\/strong><\/em><\/p>\n<p><img loading=\"lazy\" decoding=\"async\" class=\"aligncenter size-medium wp-image-567\" title=\"100_1754\" alt=\"\" src=\"http:\/\/ciecgenval.files.wordpress.com\/2012\/11\/100_1754.jpg?w=300\" height=\"225\" width=\"300\" \/><\/p>\n<p><em><strong>L\u2019heure avan\u00e7ant, il fut bient\u00f4t temps de rebrousser chemin\u2026<\/strong><\/em><\/p>\n<p><img loading=\"lazy\" decoding=\"async\" class=\"aligncenter size-medium wp-image-568\" title=\"100_1759\" alt=\"\" src=\"http:\/\/ciecgenval.files.wordpress.com\/2012\/11\/100_1759.jpg?w=300\" height=\"225\" width=\"300\" \/><\/p>\n<p><img loading=\"lazy\" decoding=\"async\" class=\"aligncenter size-medium wp-image-569\" title=\"100_1760\" alt=\"\" src=\"http:\/\/ciecgenval.files.wordpress.com\/2012\/11\/100_1760.jpg?w=300\" height=\"225\" width=\"300\" \/><\/p>\n<p><img loading=\"lazy\" decoding=\"async\" class=\"aligncenter size-medium wp-image-570\" title=\"100_1761\" alt=\"\" src=\"http:\/\/ciecgenval.files.wordpress.com\/2012\/11\/100_1761.jpg?w=300\" height=\"225\" width=\"300\" \/><\/p>\n<p><img loading=\"lazy\" decoding=\"async\" class=\"aligncenter size-medium wp-image-571\" title=\"100_1765\" alt=\"\" src=\"http:\/\/ciecgenval.files.wordpress.com\/2012\/11\/100_1765.jpg?w=300\" height=\"225\" width=\"300\" \/><\/p>\n<p><img loading=\"lazy\" decoding=\"async\" class=\"aligncenter size-medium wp-image-572\" title=\"100_1771\" alt=\"\" src=\"http:\/\/ciecgenval.files.wordpress.com\/2012\/11\/100_1771.jpg?w=300\" height=\"225\" width=\"300\" \/><\/p>\n<p><em><strong>Vers la fin de la balade, nous e\u00fbmes une petite frayeur en effet une petite chienne qui nous accompagnait, avec ses ma\u00eetres, pour la premi\u00e8re fois, se cru perdue\u2026 et commen\u00e7a \u00e0 rebrousser chemin.<\/strong><\/em><\/p>\n<p><img loading=\"lazy\" decoding=\"async\" class=\"aligncenter size-medium wp-image-573\" title=\"100_1772\" alt=\"\" src=\"http:\/\/ciecgenval.files.wordpress.com\/2012\/11\/100_1772.jpg?w=300\" height=\"225\" width=\"300\" \/><\/p>\n<p><em><strong>Heureusement son ma\u00eetre vit nos signaux et revint la chercher.<\/strong><\/em><\/p>\n<p><em><strong>Arriv\u00e9s aux voitures, nous donn\u00e2mes une nouvelle fois \u00e0 boire aux chiens avant de nous changer, puis nous pr\u00eemes le chemin du man\u00e8ge o\u00f9 nous avions pr\u00e9vu de d\u00eener.<\/strong><\/em><\/p>\n<p><img loading=\"lazy\" decoding=\"async\" class=\"aligncenter size-medium wp-image-574\" title=\"100_1773\" alt=\"\" src=\"http:\/\/ciecgenval.files.wordpress.com\/2012\/11\/100_1773.jpg?w=300\" height=\"225\" width=\"300\" \/><\/p>\n<p><em><strong>Comme d\u2019habitude, ce fut une d\u00e9licieuse et agr\u00e9able fa\u00e7on de terminer cette journ\u00e9e.<\/strong><\/em><\/p>\n<p><em><strong>Ensuite, certains prirent la route du retour, d\u2019autres d\u00e9cid\u00e8rent d\u2019aller faire du l\u00e8che-vitrines \u00e0 la Panne\u2026 et c\u2019est \u00e0 trois que nous f\u00eemes un dernier petit tour pr\u00e8s des \u00e9tangs proches du restaurant avant de remonter en voiture.<\/strong><\/em><\/p>\n<p><img loading=\"lazy\" decoding=\"async\" class=\"aligncenter size-medium wp-image-575\" title=\"100_1774\" alt=\"\" src=\"http:\/\/ciecgenval.files.wordpress.com\/2012\/11\/100_1774.jpg?w=300\" height=\"225\" width=\"300\" \/><\/p>\n<p><img loading=\"lazy\" decoding=\"async\" class=\"aligncenter size-medium wp-image-576\" title=\"100_1775\" alt=\"\" src=\"http:\/\/ciecgenval.files.wordpress.com\/2012\/11\/100_1775.jpg?w=300\" height=\"225\" width=\"300\" \/><\/p>\n<p><em><strong>Le retour ne fut gu\u00e8re compliqu\u00e9 et nous d\u00e9pos\u00e2mes Sophie non loin de chez elle avant de terminer notre p\u00e9riple \u00ab\u00a0marin\u00a0\u00bb sous un ciel clair et \u00e9toil\u00e9.<\/strong><\/em><\/p>\n","protected":false},"excerpt":{"rendered":"<p>Bien que nous soyons quasi \u00e0 la moiti\u00e9 du mois de novembre, ce dimanche promettait d\u2019\u00eatre beau. Lors de notre d\u00e9part, dans le petit matin sombre, de larges bandes de brouillard s\u2019\u00e9tendaient sur la route.\u00a0 Nous \u00e9tions deux, moi avec Bob et Abha, Jo\u00eblle avec Belle, pour ce d\u00e9marrage. Apr\u00e8s avoir p\u00each\u00e9, au passage, Sophie [&hellip;]<\/p>\n","protected":false},"author":1,"featured_media":0,"comment_status":"open","ping_status":"open","sticky":false,"template":"","format":"standard","meta":{"_et_pb_use_builder":"","_et_pb_old_content":"","_et_gb_content_width":"","footnotes":""},"categories":[3,14],"tags":[52,74,77,118,129,135,167],"class_list":["post-556","post","type-post","status-publish","format-standard","hentry","category-calendrier","category-promenades","tag-brabant-wallon","tag-chien","tag-club-canin","tag-genval","tag-la-panne","tag-mer","tag-promenade-canine"],"_links":{"self":[{"href":"https:\/\/ciec.be\/blog\/index.php\/wp-json\/wp\/v2\/posts\/556","targetHints":{"allow":["GET"]}}],"collection":[{"href":"https:\/\/ciec.be\/blog\/index.php\/wp-json\/wp\/v2\/posts"}],"about":[{"href":"https:\/\/ciec.be\/blog\/index.php\/wp-json\/wp\/v2\/types\/post"}],"author":[{"embeddable":true,"href":"https:\/\/ciec.be\/blog\/index.php\/wp-json\/wp\/v2\/users\/1"}],"replies":[{"embeddable":true,"href":"https:\/\/ciec.be\/blog\/index.php\/wp-json\/wp\/v2\/comments?post=556"}],"version-history":[{"count":0,"href":"https:\/\/ciec.be\/blog\/index.php\/wp-json\/wp\/v2\/posts\/556\/revisions"}],"wp:attachment":[{"href":"https:\/\/ciec.be\/blog\/index.php\/wp-json\/wp\/v2\/media?parent=556"}],"wp:term":[{"taxonomy":"category","embeddable":true,"href":"https:\/\/ciec.be\/blog\/index.php\/wp-json\/wp\/v2\/categories?post=556"},{"taxonomy":"post_tag","embeddable":true,"href":"https:\/\/ciec.be\/blog\/index.php\/wp-json\/wp\/v2\/tags?post=556"}],"curies":[{"name":"wp","href":"https:\/\/api.w.org\/{rel}","templated":true}]}}