{"id":513,"date":"2012-10-29T10:22:18","date_gmt":"2012-10-29T10:22:18","guid":{"rendered":"http:\/\/ciecgenval.wordpress.com\/?p=513"},"modified":"2012-10-29T10:22:18","modified_gmt":"2012-10-29T10:22:18","slug":"14-octobre-promenade-a-loupoigne","status":"publish","type":"post","link":"https:\/\/ciec.be\/blog\/index.php\/2012\/10\/29\/14-octobre-promenade-a-loupoigne\/","title":{"rendered":"14 octobre &#8211; promenade \u00e0 Loupoigne"},"content":{"rendered":"<p><em><strong>Qui a dit qu\u2019il pleut en Belgique\u00a0?\u00a0\u00a0 Il y a des mauvaises langues partout\u00a0!<\/strong><\/em><\/p>\n<p><em><strong>Ce dimanche apr\u00e8s-midi, apr\u00e8s que chacun ait effectu\u00e9 son devoir \u00e9lectoral, nous nous retrouvions donc chez Jo\u00eblle, r\u00e9f\u00e9rente d\u2019Activ\u2019dog, pour une promenade concoct\u00e9e par ses soins et au terme de laquelle, un go\u00fbter \u00e9tait pr\u00e9vu chez elle.<\/strong><\/em><\/p>\n<p><em><strong>Une bonne vingtaine de minutes avant 14h, les premiers participants arrivaient\u2026 <\/strong><\/em><\/p>\n<p><em><strong><img loading=\"lazy\" decoding=\"async\" class=\"aligncenter size-full wp-image-515\" title=\"IMG_0181\" alt=\"\" src=\"http:\/\/ciecgenval.files.wordpress.com\/2012\/10\/img_0181.jpg\" height=\"453\" width=\"604\" \/><\/strong><\/em><\/p>\n<p><img loading=\"lazy\" decoding=\"async\" class=\"aligncenter size-full wp-image-517\" title=\"IMG_0178\" alt=\"\" src=\"http:\/\/ciecgenval.files.wordpress.com\/2012\/10\/img_01781.jpg\" height=\"453\" width=\"604\" \/><\/p>\n<p><img loading=\"lazy\" decoding=\"async\" class=\"aligncenter size-full wp-image-519\" title=\"IMG_0182\" alt=\"\" src=\"http:\/\/ciecgenval.files.wordpress.com\/2012\/10\/img_0182.jpg\" height=\"453\" width=\"604\" \/><\/p>\n<p><img loading=\"lazy\" decoding=\"async\" class=\"aligncenter size-full wp-image-520\" title=\"IMG_0188\" alt=\"\" src=\"http:\/\/ciecgenval.files.wordpress.com\/2012\/10\/img_0188.jpg\" height=\"453\" width=\"604\" \/><\/p>\n<p><img loading=\"lazy\" decoding=\"async\" class=\"aligncenter size-full wp-image-521\" title=\"IMG_0191\" alt=\"\" src=\"http:\/\/ciecgenval.files.wordpress.com\/2012\/10\/img_0191.jpg\" height=\"453\" width=\"604\" \/><\/p>\n<p><em><strong>mais ce n\u2019est que lorsque Liota et Guillemine arriv\u00e8rent que nous d\u00e9marr\u00e2mes.<\/strong><\/em><\/p>\n<p><img loading=\"lazy\" decoding=\"async\" class=\"aligncenter size-full wp-image-522\" title=\"IMG_0194\" alt=\"\" src=\"http:\/\/ciecgenval.files.wordpress.com\/2012\/10\/img_0194.jpg\" height=\"453\" width=\"604\" \/><\/p>\n<p><em><strong>Apr\u00e8s un court trajet entre maisons, ruisseau et fermes, nous d\u00e9bouchions sur les champs et les chiens \u00e9taient lib\u00e9r\u00e9s, pour leur \u00e9vident plaisir.<\/strong><\/em><\/p>\n<p><img loading=\"lazy\" decoding=\"async\" class=\"aligncenter size-full wp-image-524\" title=\"IMG_0197\" alt=\"\" src=\"http:\/\/ciecgenval.files.wordpress.com\/2012\/10\/img_0197.jpg\" height=\"453\" width=\"604\" \/><\/p>\n<p><em><strong>Bient\u00f4t, de petits groupes se formaient parmi les promeneurs, en fonction des affinit\u00e9s ou encore de leur vitesse de d\u00e9placement<\/strong><\/em><\/p>\n<p><img loading=\"lazy\" decoding=\"async\" class=\"aligncenter size-full wp-image-525\" title=\"IMG_0198\" alt=\"\" src=\"http:\/\/ciecgenval.files.wordpress.com\/2012\/10\/img_0198.jpg\" height=\"453\" width=\"604\" \/><\/p>\n<p><em><strong>le junior de la bande, Sh\u00fb, 2 ans et demi, fermant la marche \u00e0 petits pas d\u00e9cid\u00e9s.<\/strong><\/em><\/p>\n<p><img loading=\"lazy\" decoding=\"async\" class=\"aligncenter size-full wp-image-526\" title=\"IMG_0199\" alt=\"\" src=\"http:\/\/ciecgenval.files.wordpress.com\/2012\/10\/img_0199.jpg\" height=\"453\" width=\"604\" \/><\/p>\n<p><em><strong>Pendant que les chiens galopaient dans les labour\u00e9s, nous recherchions le passage le moins glissant dans le sentier\u2026 heureusement, les bottes avaient \u00e9t\u00e9 pr\u00e9vues par tout le monde.<\/strong><\/em><\/p>\n<p><img loading=\"lazy\" decoding=\"async\" class=\"aligncenter size-full wp-image-529\" title=\"IMG_0203\" alt=\"\" src=\"http:\/\/ciecgenval.files.wordpress.com\/2012\/10\/img_0203.jpg\" height=\"453\" width=\"604\" \/><\/p>\n<p><em><strong>Nous arriv\u00e2mes ensuite en bordure d\u2019un bois o\u00f9 tout le monde se regroupa\u2026 <\/strong><\/em><\/p>\n<p><img loading=\"lazy\" decoding=\"async\" class=\"aligncenter size-full wp-image-530\" title=\"IMG_0205\" alt=\"\" src=\"http:\/\/ciecgenval.files.wordpress.com\/2012\/10\/img_0205.jpg\" height=\"453\" width=\"604\" \/><\/p>\n<p><img loading=\"lazy\" decoding=\"async\" class=\"aligncenter size-full wp-image-531\" title=\"IMG_0216\" alt=\"\" src=\"http:\/\/ciecgenval.files.wordpress.com\/2012\/10\/img_0216.jpg\" height=\"453\" width=\"604\" \/><\/p>\n<p><img loading=\"lazy\" decoding=\"async\" class=\"aligncenter size-full wp-image-532\" title=\"IMG_0218\" alt=\"\" src=\"http:\/\/ciecgenval.files.wordpress.com\/2012\/10\/img_0218.jpg\" height=\"453\" width=\"604\" \/><\/p>\n<p><em><strong>Le temps de quelques photos et nous d\u00e9marrions \u00e0 l\u2019assaut d\u2019une pente l\u00e9g\u00e8re mais continue, couverte d\u2019une herbe haute mais heureusement pas trop glissante.<\/strong><\/em><\/p>\n<p><img loading=\"lazy\" decoding=\"async\" class=\"aligncenter size-full wp-image-533\" title=\"IMG_0220\" alt=\"\" src=\"http:\/\/ciecgenval.files.wordpress.com\/2012\/10\/img_0220.jpg\" height=\"453\" width=\"604\" \/><\/p>\n<p><img loading=\"lazy\" decoding=\"async\" class=\"aligncenter size-full wp-image-534\" title=\"IMG_0224\" alt=\"\" src=\"http:\/\/ciecgenval.files.wordpress.com\/2012\/10\/img_0224.jpg\" height=\"453\" width=\"604\" \/><\/p>\n<p><img loading=\"lazy\" decoding=\"async\" class=\"aligncenter size-full wp-image-535\" title=\"IMG_0225\" alt=\"\" src=\"http:\/\/ciecgenval.files.wordpress.com\/2012\/10\/img_0225.jpg\" height=\"453\" width=\"604\" \/><\/p>\n<p><img loading=\"lazy\" decoding=\"async\" class=\"aligncenter size-full wp-image-536\" title=\"IMG_0226\" alt=\"\" src=\"http:\/\/ciecgenval.files.wordpress.com\/2012\/10\/img_0226.jpg\" height=\"453\" width=\"604\" \/><\/p>\n<p><em><strong>Cette prairie abandonn\u00e9e d\u00e9boucha sur une route de remembrement o\u00f9 les chiens les moins ob\u00e9issants furent mis en laisse par pr\u00e9caution\u2026\u00a0 Heureusement, nous ne rencontr\u00e2mes qu\u2019un seul v\u00e9hicule\u2026 nos chiens purent donc fol\u00e2trer \u00e0 l\u2019aise.<\/strong><\/em><\/p>\n<p><img loading=\"lazy\" decoding=\"async\" class=\"aligncenter size-full wp-image-537\" title=\"IMG_0228\" alt=\"\" src=\"http:\/\/ciecgenval.files.wordpress.com\/2012\/10\/img_0228.jpg\" height=\"453\" width=\"604\" \/><\/p>\n<p><em><strong>Les champs firent bient\u00f4t place \u00e0 des prairies ou plusieurs groupes de chevaux \u00e9taient parqu\u00e9s.<\/strong><\/em><\/p>\n<p><em><strong>Curieux, ils s\u2019approch\u00e8rent afin de faire connaissance, de loin, avec nos chiens.<\/strong><\/em><\/p>\n<p><img loading=\"lazy\" decoding=\"async\" class=\"aligncenter size-full wp-image-538\" title=\"IMG_0231\" alt=\"\" src=\"http:\/\/ciecgenval.files.wordpress.com\/2012\/10\/img_0231.jpg\" height=\"453\" width=\"604\" \/><\/p>\n<p><img loading=\"lazy\" decoding=\"async\" class=\"aligncenter size-full wp-image-540\" title=\"IMG_0232\" alt=\"\" src=\"http:\/\/ciecgenval.files.wordpress.com\/2012\/10\/img_02321.jpg\" height=\"453\" width=\"604\" \/><\/p>\n<p><img loading=\"lazy\" decoding=\"async\" class=\"aligncenter size-full wp-image-541\" title=\"IMG_0235\" alt=\"\" src=\"http:\/\/ciecgenval.files.wordpress.com\/2012\/10\/img_0235.jpg\" height=\"453\" width=\"604\" \/><\/p>\n<p><em><strong>Plus loin, un autre groupe de chevaux galopait en tous sens, ce qui incita Abha \u00e0 se joindre \u00e0 eux\u2026 heureusement, elle revint bien vite au rappel et fut mise en laisse tant que nous longe\u00e2mes les p\u00e2tures.<\/strong><\/em><\/p>\n<p><em><strong>Lorsque le sentier borda \u00e0 nouveau les champs, toute la meute repris sa libert\u00e9\u2026 <\/strong><\/em><\/p>\n<p><img loading=\"lazy\" decoding=\"async\" class=\"aligncenter size-full wp-image-542\" title=\"IMG_0238\" alt=\"\" src=\"http:\/\/ciecgenval.files.wordpress.com\/2012\/10\/img_0238.jpg\" height=\"453\" width=\"604\" \/><\/p>\n<p><em><strong>jouant \u00e0 cache-cache parmi les betteraves, se roulant sur la terre o\u00f9 le ma\u00efs avait \u00e9t\u00e9 r\u00e9colt\u00e9 ou pataugeant dans les nombreuses flaques n\u00e9es des orni\u00e8res laiss\u00e9es par un \u00e9norme tracteur.<\/strong><\/em><\/p>\n<p><img loading=\"lazy\" decoding=\"async\" class=\"aligncenter size-full wp-image-543\" title=\"IMG_0241\" alt=\"\" src=\"http:\/\/ciecgenval.files.wordpress.com\/2012\/10\/img_0241.jpg\" height=\"453\" width=\"604\" \/><\/p>\n<p><img loading=\"lazy\" decoding=\"async\" title=\"IMG_0239\" alt=\"\" src=\"http:\/\/ciecgenval.files.wordpress.com\/2012\/10\/img_0239.jpg\" height=\"453\" width=\"604\" \/><\/p>\n<p><em><strong>Notre chemin rejoignit ensuite une route b\u00e9tonn\u00e9e, facilitant notre progression. <\/strong><\/em><\/p>\n<p><img loading=\"lazy\" decoding=\"async\" class=\"aligncenter size-full wp-image-546\" title=\"IMG_0247\" alt=\"\" src=\"http:\/\/ciecgenval.files.wordpress.com\/2012\/10\/img_0247.jpg\" height=\"453\" width=\"604\" \/><\/p>\n<p><em><strong>Autour de nous, \u00e0 perte de vue, ce n\u2019\u00e9taient que champs et prairies\u2026 un vrai bonheur pas bien loin de nos lieux de vie o\u00f9 la brique envahit petit \u00e0 petit tous les espaces encore verts\u00a0!<\/strong><\/em><\/p>\n<p><img loading=\"lazy\" decoding=\"async\" class=\"aligncenter size-full wp-image-547\" title=\"IMG_0249\" alt=\"\" src=\"http:\/\/ciecgenval.files.wordpress.com\/2012\/10\/img_0249.jpg\" height=\"453\" width=\"604\" \/><\/p>\n<p><em><strong>Un dernier petit trajet sur les gros pav\u00e9s blancs et ronds, typiques du Brabant et nous retrouvions notre chemin de d\u00e9part\u2026<\/strong><\/em><\/p>\n<p><img loading=\"lazy\" decoding=\"async\" class=\"aligncenter size-full wp-image-548\" title=\"IMG_0250\" alt=\"\" src=\"http:\/\/ciecgenval.files.wordpress.com\/2012\/10\/img_0250.jpg\" height=\"453\" width=\"604\" \/><\/p>\n<p><em><strong>Il \u00e9tait temps de remettre les chiens en laisse pour le retour dans le village\u00a0!<\/strong><\/em><\/p>\n<p><img loading=\"lazy\" decoding=\"async\" class=\"aligncenter size-full wp-image-549\" title=\"IMG_0253\" alt=\"\" src=\"http:\/\/ciecgenval.files.wordpress.com\/2012\/10\/img_0253.jpg\" height=\"453\" width=\"604\" \/><\/p>\n<p><img loading=\"lazy\" decoding=\"async\" class=\"aligncenter size-full wp-image-550\" title=\"IMG_0254\" alt=\"\" src=\"http:\/\/ciecgenval.files.wordpress.com\/2012\/10\/img_0254.jpg\" height=\"453\" width=\"604\" \/><\/p>\n<p><em><strong>Le temps de remplacer nos bottes par des chaussures, de mettre une partie des chiens en voiture et nous entrions chez notre h\u00f4tesse du jour\u2026<\/strong><\/em><\/p>\n<p><em><strong>Comme nous \u00e9tions nombreux, ce fut \u00e0 la fortune du pot que chacun s\u2019installa, les hommes allant chercher et nettoyant rapidement des chaises de jardin afin de mettre tout le monde \u00e0 l\u2019aise.<\/strong><\/em><\/p>\n<p><em><strong>Chacun ayant apport\u00e9 un g\u00e2teau ou une sucrerie, nous p\u00fbmes go\u00fbter \u00e0 diverses sp\u00e9cialit\u00e9s plus ou moins locales tout en buvant une boisson fra\u00eeche ou chaude et en parlant de tout et de rien, du moment que les chiens en \u00e9taient le domaine\u2026<\/strong><\/em><\/p>\n<p><em><strong>Apr\u00e8s cette troisi\u00e8me mi-temps bien agr\u00e9able, les h\u00f4tes de Jo\u00eblle prirent cong\u00e9 les uns apr\u00e8s les autres\u2026en se donnant rendez-vous \u00e0 la mer, au mois de novembre.<\/strong><\/em><\/p>\n<p><em><strong>\u00a0<\/strong><\/em><\/p>\n<p><em><strong>Un tout grand merci \u00e0 Jo\u00eblle pour son accueil\u2026 et pour nous avoir fait d\u00e9couvrir un superbe petit coin de chez elle.<\/strong><\/em><\/p>\n","protected":false},"excerpt":{"rendered":"<p>Qui a dit qu\u2019il pleut en Belgique\u00a0?\u00a0\u00a0 Il y a des mauvaises langues partout\u00a0! Ce dimanche apr\u00e8s-midi, apr\u00e8s que chacun ait effectu\u00e9 son devoir \u00e9lectoral, nous nous retrouvions donc chez Jo\u00eblle, r\u00e9f\u00e9rente d\u2019Activ\u2019dog, pour une promenade concoct\u00e9e par ses soins et au terme de laquelle, un go\u00fbter \u00e9tait pr\u00e9vu chez elle. Une bonne vingtaine de [&hellip;]<\/p>\n","protected":false},"author":1,"featured_media":0,"comment_status":"open","ping_status":"open","sticky":false,"template":"","format":"standard","meta":{"_et_pb_use_builder":"","_et_pb_old_content":"","_et_gb_content_width":"","footnotes":""},"categories":[14],"tags":[33,74,75,77,101,29,116,118,132,166,167],"class_list":["post-513","post","type-post","status-publish","format-standard","hentry","category-promenades","tag-balade","tag-chien","tag-ciec","tag-club-canin","tag-dressage","tag-education-canine","tag-genappe","tag-genval","tag-loupoigne","tag-promenade","tag-promenade-canine"],"_links":{"self":[{"href":"https:\/\/ciec.be\/blog\/index.php\/wp-json\/wp\/v2\/posts\/513","targetHints":{"allow":["GET"]}}],"collection":[{"href":"https:\/\/ciec.be\/blog\/index.php\/wp-json\/wp\/v2\/posts"}],"about":[{"href":"https:\/\/ciec.be\/blog\/index.php\/wp-json\/wp\/v2\/types\/post"}],"author":[{"embeddable":true,"href":"https:\/\/ciec.be\/blog\/index.php\/wp-json\/wp\/v2\/users\/1"}],"replies":[{"embeddable":true,"href":"https:\/\/ciec.be\/blog\/index.php\/wp-json\/wp\/v2\/comments?post=513"}],"version-history":[{"count":0,"href":"https:\/\/ciec.be\/blog\/index.php\/wp-json\/wp\/v2\/posts\/513\/revisions"}],"wp:attachment":[{"href":"https:\/\/ciec.be\/blog\/index.php\/wp-json\/wp\/v2\/media?parent=513"}],"wp:term":[{"taxonomy":"category","embeddable":true,"href":"https:\/\/ciec.be\/blog\/index.php\/wp-json\/wp\/v2\/categories?post=513"},{"taxonomy":"post_tag","embeddable":true,"href":"https:\/\/ciec.be\/blog\/index.php\/wp-json\/wp\/v2\/tags?post=513"}],"curies":[{"name":"wp","href":"https:\/\/api.w.org\/{rel}","templated":true}]}}