{"id":481,"date":"2012-10-11T22:49:49","date_gmt":"2012-10-11T22:49:49","guid":{"rendered":"http:\/\/ciecgenval.wordpress.com\/?p=481"},"modified":"2023-06-29T06:13:25","modified_gmt":"2023-06-29T06:13:25","slug":"7-octobre-championnat-if-de-belgique-dagility","status":"publish","type":"post","link":"https:\/\/ciec.be\/blog\/index.php\/2012\/10\/11\/7-octobre-championnat-if-de-belgique-dagility\/","title":{"rendered":"7 octobre championnat IF de Belgique d&rsquo;agility"},"content":{"rendered":"<p><em><strong>C\u2019est en Wallonie, \u00e0 Quaregnon plus pr\u00e9cis\u00e9ment, que le championnat de Belgique IF d\u2019agility se d\u00e9roulait cette ann\u00e9e.<\/strong><\/em><\/p>\n<p><em><strong>Par chance cette ann\u00e9e, ce dimanche \u00e9tait libre pour moi en effet depuis plusieurs ann\u00e9es, le premier WE d\u2019octobre voit se terminer la saison de flyball \u00e0 Beerzel, mais cette ann\u00e9e, la date choisie par le club \u00e9tait le dernier dimanche de septembre, chance donc\u2026 D\u2019autant que j\u2019\u00e9tais en plus, demand\u00e9e comme juge&nbsp;!<\/strong><\/em><\/p>\n<p><em><strong>D\u00e8s le matin, c\u2019\u00e9tait l\u2019ambiance des grands jours&nbsp;: installation du mat\u00e9riel sur le terrain, pr\u00e9paration du secr\u00e9tariat\u2026 la cantine \u00e9tait aussi au boulot\u2026<\/strong><\/em><\/p>\n<p><img loading=\"lazy\" decoding=\"async\" class=\"aligncenter size-full wp-image-482\" title=\"100_1504\" alt=\"\" src=\"http:\/\/ciecgenval.files.wordpress.com\/2012\/10\/100_1504.jpg\" height=\"453\" width=\"604\"><\/p>\n<p><em><strong>Malgr\u00e9 une brume parfois \u00e9paisse durant le trajet, le ciel commen\u00e7a rapidement \u00e0 se d\u00e9gager, laissant place \u00e0 un timide soleil qui nous changeait agr\u00e9ablement de la veille o\u00f9 la pluie nous avait abondamment rinc\u00e9s&nbsp;!<\/strong><\/em><\/p>\n<p><em><strong>Le matin, nous commen\u00e7\u00e2mes par le jumping, avec, championnat oblige, un parcours comportant quelques difficult\u00e9s\u2026mais assez \u00ab&nbsp;coulant&nbsp;\u00bb pour les chiens.<\/strong><\/em><\/p>\n<p><em><strong>Pour cette comp\u00e9tition qui cl\u00f4turait la saison sportive, deux chiens du CIEC \u00e9taient engag\u00e9s&nbsp;: Patch, le chien de Lulu, en S2 (small car c\u2019est un Jack, et division 2 puisque ce n\u2019est plus un d\u00e9butant) et Django, berger shetland de Gaby en M3 (Medium puisque le chien toise entre 40 et 50 cm, et division 3, celle des meilleurs).<\/strong><\/em><\/p>\n<p><em><strong>Tous les deux \u00e9taient conduits par Gaby.<\/strong><\/em><\/p>\n<p><img loading=\"lazy\" decoding=\"async\" class=\"aligncenter size-full wp-image-483\" title=\"100_1511\" alt=\"\" src=\"http:\/\/ciecgenval.files.wordpress.com\/2012\/10\/100_1511.jpg\" height=\"453\" width=\"604\"><\/p>\n<p><span style=\"color:#ff0000;\"><em><strong>Patch au d\u00e9part<\/strong><\/em><\/span><\/p>\n<p><img loading=\"lazy\" decoding=\"async\" class=\"aligncenter size-full wp-image-484\" title=\"100_1512\" alt=\"\" src=\"http:\/\/ciecgenval.files.wordpress.com\/2012\/10\/100_1512.jpg\" height=\"453\" width=\"604\"><\/p>\n<p><img loading=\"lazy\" decoding=\"async\" class=\"aligncenter size-full wp-image-485\" title=\"100_1514\" alt=\"\" src=\"http:\/\/ciecgenval.files.wordpress.com\/2012\/10\/100_1514.jpg\" height=\"453\" width=\"604\"><\/p>\n<p><img loading=\"lazy\" decoding=\"async\" class=\"aligncenter size-full wp-image-486\" title=\"100_1517\" alt=\"\" src=\"http:\/\/ciecgenval.files.wordpress.com\/2012\/10\/100_1517.jpg\" height=\"453\" width=\"604\"><\/p>\n<p><em><strong>Sur ce premier parcours, Patch se tira assez bien d\u2019affaire\u2026 faisait un parcours correct et ob\u00e9issant parfaitement \u00e0 son guide\u2026Il se pla\u00e7a en 2<sup>e<\/sup> position, place tr\u00e8s honorable.<\/strong><\/em><\/p>\n<p><img loading=\"lazy\" decoding=\"async\" class=\"aligncenter size-full wp-image-487\" title=\"100_1526\" alt=\"\" src=\"http:\/\/ciecgenval.files.wordpress.com\/2012\/10\/100_1526.jpg\" height=\"453\" width=\"604\"><\/p>\n<p><img loading=\"lazy\" decoding=\"async\" class=\"aligncenter size-full wp-image-488\" title=\"100_1528\" alt=\"\" src=\"http:\/\/ciecgenval.files.wordpress.com\/2012\/10\/100_1528.jpg\" height=\"453\" width=\"604\"><\/p>\n<p><img loading=\"lazy\" decoding=\"async\" class=\"aligncenter size-full wp-image-489\" title=\"100_1529\" alt=\"\" src=\"http:\/\/ciecgenval.files.wordpress.com\/2012\/10\/100_1529.jpg\" height=\"453\" width=\"604\"><\/p>\n<p><em><strong>Django, malgr\u00e9 un refus au tunnel rigide (\u00e9tonnant, il n\u2019avait jamais fait ce genre de fantaisie), se positionna lui aussi en 2<sup>e<\/sup> de son groupe.<\/strong><\/em><\/p>\n<p><img loading=\"lazy\" decoding=\"async\" class=\"aligncenter size-full wp-image-490\" title=\"100_1531\" alt=\"\" src=\"http:\/\/ciecgenval.files.wordpress.com\/2012\/10\/100_1531.jpg\" height=\"453\" width=\"604\"><\/p>\n<p><span style=\"color:#ff0000;\"><em><strong>Lulu pr\u00e9pare Patch pour son parcours de l&rsquo;apr\u00e8s-midi !<\/strong><\/em><\/span><\/p>\n<p><img loading=\"lazy\" decoding=\"async\" class=\"aligncenter size-full wp-image-491\" title=\"100_1534\" alt=\"\" src=\"http:\/\/ciecgenval.files.wordpress.com\/2012\/10\/100_1534.jpg\" height=\"453\" width=\"604\"><\/p>\n<p><img loading=\"lazy\" decoding=\"async\" class=\"aligncenter size-full wp-image-492\" title=\"100_1538\" alt=\"\" src=\"http:\/\/ciecgenval.files.wordpress.com\/2012\/10\/100_1538.jpg\" height=\"453\" width=\"604\"><\/p>\n<p><img loading=\"lazy\" decoding=\"async\" class=\"aligncenter size-full wp-image-494\" title=\"100_1540\" alt=\"\" src=\"http:\/\/ciecgenval.files.wordpress.com\/2012\/10\/100_1540.jpg\" height=\"453\" width=\"604\"><\/p>\n<p><span style=\"color:#ff0000;\"><em><strong>Fin de parcours pour Patch<\/strong><\/em><\/span><\/p>\n<p><em><strong>L\u2019apr\u00e8s-midi, c\u2019\u00e9tait le parcours \u00ab&nbsp;classique&nbsp;\u00bb o\u00f9 Patch, poursuivant sur sa lanc\u00e9e du matin, r\u00e9alisa un bon score.<\/strong><\/em><\/p>\n<p><img loading=\"lazy\" decoding=\"async\" class=\"aligncenter size-full wp-image-493\" title=\"100_1541\" alt=\"\" src=\"http:\/\/ciecgenval.files.wordpress.com\/2012\/10\/100_1541.jpg\" height=\"453\" width=\"604\"><\/p>\n<p><img loading=\"lazy\" decoding=\"async\" class=\"aligncenter size-full wp-image-495\" title=\"100_1543\" alt=\"\" src=\"http:\/\/ciecgenval.files.wordpress.com\/2012\/10\/100_1543.jpg\" height=\"453\" width=\"604\"><\/p>\n<p><img loading=\"lazy\" decoding=\"async\" class=\"aligncenter size-full wp-image-496\" title=\"100_1545\" alt=\"\" src=\"http:\/\/ciecgenval.files.wordpress.com\/2012\/10\/100_1545.jpg\" height=\"453\" width=\"604\"><\/p>\n<p><em><strong>Django, lui, fit un refus exactement au m\u00eame obstacle que le matin, mais pour le reste, il s\u2019en tira fort bien, conservant, comme Patch, un score proche de celui de la premi\u00e8re partie de la journ\u00e9e.<\/strong><\/em><\/p>\n<p><img loading=\"lazy\" decoding=\"async\" class=\"aligncenter size-full wp-image-497\" title=\"100_1550\" alt=\"\" src=\"http:\/\/ciecgenval.files.wordpress.com\/2012\/10\/100_1550.jpg\" height=\"805\" width=\"604\"><\/p>\n<p><span style=\"color:#ff0000;\"><em><strong>Le podium<\/strong><\/em><\/span><\/p>\n<p><em><strong>Apr\u00e8s que le secr\u00e9tariat eu termin\u00e9 l\u2019impression des r\u00e9sultats, ce fut la remise des prix du super prestige tout d\u2019abord et du concours du jour ensuite.<\/strong><\/em><\/p>\n<p><em><strong>Le super prestige r\u00e9compense la r\u00e9gularit\u00e9 des concurrents lors des diff\u00e9rentes comp\u00e9titions de la saison, il&nbsp; est r\u00e9serv\u00e9 aux chiens ayant fait une bonne partie des concours.<\/strong><\/em><\/p>\n<p><img loading=\"lazy\" decoding=\"async\" class=\"aligncenter size-full wp-image-498\" title=\"100_1548\" alt=\"\" src=\"http:\/\/ciecgenval.files.wordpress.com\/2012\/10\/100_1548.jpg\" height=\"453\" width=\"604\"><\/p>\n<p><span style=\"color:#ff0000;\"><em><strong>Les coupes du concours du jour<\/strong><\/em><\/span><\/p>\n<p><img loading=\"lazy\" decoding=\"async\" class=\"aligncenter size-full wp-image-499\" title=\"100_1549\" alt=\"\" src=\"http:\/\/ciecgenval.files.wordpress.com\/2012\/10\/100_1549.jpg\" height=\"453\" width=\"604\"><\/p>\n<p><span style=\"color:#ff0000;\"><em><strong>Et celles du super prestige<\/strong><\/em><\/span><\/p>\n<p><em><strong>Nos deux membres y participaient et tandis que Patch gagnait la m\u00e9daille d\u2019argent en se positionnant en 2<sup>e<\/sup> place.<\/strong><\/em><\/p>\n<p><img loading=\"lazy\" decoding=\"async\" class=\"aligncenter size-full wp-image-500\" title=\"100_1551\" alt=\"\" src=\"http:\/\/ciecgenval.files.wordpress.com\/2012\/10\/100_1551.jpg\" height=\"453\" width=\"604\"><\/p>\n<p><img loading=\"lazy\" decoding=\"async\" class=\"aligncenter size-full wp-image-501\" title=\"100_1553\" alt=\"\" src=\"http:\/\/ciecgenval.files.wordpress.com\/2012\/10\/100_1553.jpg\" height=\"453\" width=\"604\"><\/p>\n<p><span style=\"color:#ff0000;\"><em><strong>Notre petite \u00e9quipe, tr\u00e8s fi\u00e8re<\/strong><\/em><\/span><\/p>\n<p><img loading=\"lazy\" decoding=\"async\" class=\"aligncenter size-full wp-image-502\" title=\"100_1556\" alt=\"\" src=\"http:\/\/ciecgenval.files.wordpress.com\/2012\/10\/100_1556.jpg\" height=\"453\" width=\"604\"><\/p>\n<p><em><strong>Django, lui, \u00e9tait premier !&nbsp; Un superbe couronnement de saison pour cette \u00e9quipe qui arr\u00eate la comp\u00e9tition sur ce r\u00e9sultat magnifique.<\/strong><\/em><\/p>\n<p><em><strong>En ce qui concerne le concours de championnat en lui-m\u00eame,&nbsp; nous avions deux deuxi\u00e8mes&nbsp;!!!<\/strong><\/em><\/p>\n<p><img loading=\"lazy\" decoding=\"async\" class=\"aligncenter size-full wp-image-503\" title=\"100_1559\" alt=\"\" src=\"http:\/\/ciecgenval.files.wordpress.com\/2012\/10\/100_1559.jpg\" height=\"805\" width=\"604\"><\/p>\n<p><img loading=\"lazy\" decoding=\"async\" class=\"aligncenter size-full wp-image-504\" title=\"100_1563\" alt=\"\" src=\"http:\/\/ciecgenval.files.wordpress.com\/2012\/10\/100_1563.jpg\" height=\"453\" width=\"604\"><\/p>\n<p><strong><em>Vous imaginez, je suppose, la fiert\u00e9 de Gaby et aussi de Lulu qui avait voulu \u00eatre pr\u00e9sente malgr\u00e9 sa sant\u00e9 pas bien bonne pour le moment.<\/em><\/strong><\/p>\n<p><img loading=\"lazy\" decoding=\"async\" class=\"aligncenter size-full wp-image-505\" title=\"100_1565\" alt=\"\" src=\"http:\/\/ciecgenval.files.wordpress.com\/2012\/10\/100_1565.jpg\" height=\"453\" width=\"604\"><\/p>\n<p><img loading=\"lazy\" decoding=\"async\" class=\"aligncenter size-full wp-image-506\" title=\"100_1567\" alt=\"\" src=\"http:\/\/ciecgenval.files.wordpress.com\/2012\/10\/100_1567.jpg\" height=\"453\" width=\"604\"><\/p>\n<p><em><strong>Un petit mot au sujet de Gaby dont c\u2019\u00e9tait le dernier concours avec Django\u2026 Quelle sortie en beaut\u00e9 pour ce couple qui a fait les beaux jours de plusieurs saisons et qui a montr\u00e9 qu\u2019un petit club francophone peut rivaliser avec n\u2019importe quelle autre structure plus importante\u2026<\/strong><\/em><\/p>\n<p><em><strong>Bravo Gaby&nbsp;!!<\/strong><\/em><\/p>\n","protected":false},"excerpt":{"rendered":"<p>C\u2019est en Wallonie, \u00e0 Quaregnon plus pr\u00e9cis\u00e9ment, que le championnat de Belgique IF d\u2019agility se d\u00e9roulait cette ann\u00e9e. Par chance cette ann\u00e9e, ce dimanche \u00e9tait libre pour moi en effet depuis plusieurs ann\u00e9es, le premier WE d\u2019octobre voit se terminer la saison de flyball \u00e0 Beerzel, mais cette ann\u00e9e, la date choisie par le club [&hellip;]<\/p>\n","protected":false},"author":1,"featured_media":0,"comment_status":"closed","ping_status":"closed","sticky":false,"template":"","format":"standard","meta":{"_et_pb_use_builder":"","_et_pb_old_content":"","_et_gb_content_width":"","footnotes":""},"categories":[2,4],"tags":[18,39,70,74,75,77,118],"class_list":["post-481","post","type-post","status-publish","format-standard","hentry","category-agility","category-competitions","tag-agility","tag-belgique","tag-championnat","tag-chien","tag-ciec","tag-club-canin","tag-genval"],"_links":{"self":[{"href":"https:\/\/ciec.be\/blog\/index.php\/wp-json\/wp\/v2\/posts\/481","targetHints":{"allow":["GET"]}}],"collection":[{"href":"https:\/\/ciec.be\/blog\/index.php\/wp-json\/wp\/v2\/posts"}],"about":[{"href":"https:\/\/ciec.be\/blog\/index.php\/wp-json\/wp\/v2\/types\/post"}],"author":[{"embeddable":true,"href":"https:\/\/ciec.be\/blog\/index.php\/wp-json\/wp\/v2\/users\/1"}],"replies":[{"embeddable":true,"href":"https:\/\/ciec.be\/blog\/index.php\/wp-json\/wp\/v2\/comments?post=481"}],"version-history":[{"count":1,"href":"https:\/\/ciec.be\/blog\/index.php\/wp-json\/wp\/v2\/posts\/481\/revisions"}],"predecessor-version":[{"id":2583,"href":"https:\/\/ciec.be\/blog\/index.php\/wp-json\/wp\/v2\/posts\/481\/revisions\/2583"}],"wp:attachment":[{"href":"https:\/\/ciec.be\/blog\/index.php\/wp-json\/wp\/v2\/media?parent=481"}],"wp:term":[{"taxonomy":"category","embeddable":true,"href":"https:\/\/ciec.be\/blog\/index.php\/wp-json\/wp\/v2\/categories?post=481"},{"taxonomy":"post_tag","embeddable":true,"href":"https:\/\/ciec.be\/blog\/index.php\/wp-json\/wp\/v2\/tags?post=481"}],"curies":[{"name":"wp","href":"https:\/\/api.w.org\/{rel}","templated":true}]}}