{"id":409,"date":"2012-10-07T21:40:50","date_gmt":"2012-10-07T21:40:50","guid":{"rendered":"http:\/\/ciecgenval.wordpress.com\/?p=409"},"modified":"2023-06-28T12:25:07","modified_gmt":"2023-06-28T12:25:07","slug":"ceroux-25-juin","status":"publish","type":"post","link":"https:\/\/ciec.be\/blog\/index.php\/2012\/10\/07\/ceroux-25-juin\/","title":{"rendered":"C\u00e9roux &#8211; 25 juin"},"content":{"rendered":"<p><em><strong>Avec un peu de retard, voici la suite de nos aventures canines !<\/strong><\/em><\/p>\n<p><em><strong>Et tout d&rsquo;abord, notre promenade du mois de juin<\/strong><\/em><\/p>\n<p><em><strong>Pour cette balade pr\u00e9vue \u00e0 C\u00e9roux, le temps \u00e9tait d\u00e9finitivement humide, je dirais m\u00eame qu&rsquo;il pleuvait entre les averses !<\/strong><\/em><\/p>\n<p><em><strong>D\u00e9j\u00e0 la nuit avait \u00e9t\u00e9 copieusement arros\u00e9e et \u00e0 notre arriv\u00e9e sur place, c\u2019\u00e9tait le m\u00eame topo&nbsp;!<\/strong><\/em><\/p>\n<p><em><strong>Heureusement, en bons belges, nous avions d\u2019une part d\u00e9cid\u00e9 de braver les \u00e9l\u00e9ments et, d\u2019autre part, de nous \u00e9quiper en cons\u00e9quence&nbsp;!<\/strong><\/em><\/p>\n<p><em><strong>Apr\u00e8s le rassemblement sous les arbres de la place de C\u00e9roux, nous d\u00e9marrions par une petite rue, direction les champs.<\/strong><\/em><\/p>\n<p><img loading=\"lazy\" decoding=\"async\" class=\"aligncenter size-full wp-image-410\" title=\"100_0960\" src=\"http:\/\/ciecgenval.files.wordpress.com\/2012\/10\/100_0960.jpg\" alt=\"\" width=\"604\" height=\"453\"><\/p>\n<p><img loading=\"lazy\" decoding=\"async\" class=\"aligncenter size-full wp-image-411\" title=\"100_0961\" src=\"http:\/\/ciecgenval.files.wordpress.com\/2012\/10\/100_0961.jpg\" alt=\"\" width=\"604\" height=\"453\"><\/p>\n<p><em><strong>A peine quelques minutes plus tard, nous lib\u00e9rions nos chiens qui bien s\u00fbr, n\u2019attendaient que cela pour piquer un petit sprint et surtout retrouver les copains.<\/strong><\/em><\/p>\n<p><em><strong>Un chemin, bord\u00e9 par des champs bien boueux, avec cette belle argile brune qui colle, s\u2019agglom\u00e8re et vous cr\u00e9e en quelques minutes des bottes qui p\u00e8sent une demi-tonne, nous mena vers une route encaiss\u00e9e et ma foi, un peu prot\u00e9g\u00e9e par des arbres.<\/strong><\/em><\/p>\n<p><img loading=\"lazy\" decoding=\"async\" class=\"aligncenter size-full wp-image-412\" title=\"100_0962\" src=\"http:\/\/ciecgenval.files.wordpress.com\/2012\/10\/100_0962.jpg\" alt=\"\" width=\"604\" height=\"453\"><\/p>\n<p><em><strong>Nous arriv\u00e2mes ensuite sur un sentier carrossable long\u00e9 par des \u00e9tangs\u2026 quelques-uns des chiens, sans doute pas encore assez mouill\u00e9s, voulurent y faire un petit plongeon, vite r\u00e9prim\u00e9 par les ma\u00eetres\u2026 Il ne faut tout de m\u00eame pas pousser&nbsp;!<\/strong><\/em><\/p>\n<p><img loading=\"lazy\" decoding=\"async\" class=\"aligncenter size-full wp-image-413\" title=\"100_0963\" src=\"http:\/\/ciecgenval.files.wordpress.com\/2012\/10\/100_0963.jpg\" alt=\"\" width=\"604\" height=\"453\"><\/p>\n<p><em><strong>Plus loin, un chemin pav\u00e9, bord\u00e9 d\u2019un c\u00f4t\u00e9 par une prairie et de l\u2019autre part un bois, nous ramena vers le village de C\u00e9roux\u2026<\/strong><\/em><\/p>\n<p><img loading=\"lazy\" decoding=\"async\" class=\"aligncenter size-full wp-image-414\" title=\"100_0964\" src=\"http:\/\/ciecgenval.files.wordpress.com\/2012\/10\/100_0964.jpg\" alt=\"\" width=\"604\" height=\"453\"><\/p>\n<p><img loading=\"lazy\" decoding=\"async\" class=\"aligncenter size-full wp-image-415\" title=\"100_0966\" src=\"http:\/\/ciecgenval.files.wordpress.com\/2012\/10\/100_0966.jpg\" alt=\"\" width=\"604\" height=\"453\"><\/p>\n<p><img loading=\"lazy\" decoding=\"async\" class=\"aligncenter size-full wp-image-416\" title=\"100_0967\" src=\"http:\/\/ciecgenval.files.wordpress.com\/2012\/10\/100_0967.jpg\" alt=\"\" width=\"604\" height=\"453\"><\/p>\n<p><em><strong>Le temps de donner \u00e0 boire aux chiens et nous reprenions notre route qui, peu apr\u00e8s, nous ramena \u00e0 notre point de d\u00e9part\u2026<\/strong><\/em><\/p>\n<p><img loading=\"lazy\" decoding=\"async\" class=\"aligncenter size-full wp-image-417\" title=\"100_0968\" src=\"http:\/\/ciecgenval.files.wordpress.com\/2012\/10\/100_0968.jpg\" alt=\"\" width=\"604\" height=\"453\"><\/p>\n<p><span style=\"color:#ff0000;\"><em><strong>Une jolie brochette d&rsquo;australiens&#8230;<\/strong><\/em><\/span><\/p>\n<p><img loading=\"lazy\" decoding=\"async\" class=\"aligncenter size-full wp-image-418\" title=\"100_0969\" src=\"http:\/\/ciecgenval.files.wordpress.com\/2012\/10\/100_0969.jpg\" alt=\"\" width=\"604\" height=\"453\"><\/p>\n<p><span style=\"color:#ff0000;\"><em><strong>Qui \u00e9taient en nombre cette fois<\/strong><\/em><\/span><\/p>\n<p><img loading=\"lazy\" decoding=\"async\" class=\"aligncenter size-full wp-image-419\" title=\"100_0970\" src=\"http:\/\/ciecgenval.files.wordpress.com\/2012\/10\/100_0970.jpg\" alt=\"\" width=\"604\" height=\"453\"><\/p>\n<p><em><strong>Apr\u00e8s un rin\u00e7age aussi important, il \u00e9tait n\u00e9cessaire de nous r\u00e9chauffer et de nous s\u00e9cher, ce que nous f\u00eemes au restaurant italien de La Hulpe o\u00f9 nous avons table ouverte\u2026et accueil \u00e0 l\u2019avenant.<\/strong><\/em><\/p>\n","protected":false},"excerpt":{"rendered":"<p>Avec un peu de retard, voici la suite de nos aventures canines ! Et tout d&rsquo;abord, notre promenade du mois de juin Pour cette balade pr\u00e9vue \u00e0 C\u00e9roux, le temps \u00e9tait d\u00e9finitivement humide, je dirais m\u00eame qu&rsquo;il pleuvait entre les averses ! D\u00e9j\u00e0 la nuit avait \u00e9t\u00e9 copieusement arros\u00e9e et \u00e0 notre arriv\u00e9e sur place, [&hellip;]<\/p>\n","protected":false},"author":1,"featured_media":0,"comment_status":"closed","ping_status":"closed","sticky":false,"template":"","format":"standard","meta":{"_et_pb_use_builder":"","_et_pb_old_content":"","_et_gb_content_width":"","footnotes":""},"categories":[14],"tags":[35,67,74,75,77,118,166],"class_list":["post-409","post","type-post","status-publish","format-standard","hentry","category-promenades","tag-balade-canine","tag-ceroux","tag-chien","tag-ciec","tag-club-canin","tag-genval","tag-promenade"],"_links":{"self":[{"href":"https:\/\/ciec.be\/blog\/index.php\/wp-json\/wp\/v2\/posts\/409","targetHints":{"allow":["GET"]}}],"collection":[{"href":"https:\/\/ciec.be\/blog\/index.php\/wp-json\/wp\/v2\/posts"}],"about":[{"href":"https:\/\/ciec.be\/blog\/index.php\/wp-json\/wp\/v2\/types\/post"}],"author":[{"embeddable":true,"href":"https:\/\/ciec.be\/blog\/index.php\/wp-json\/wp\/v2\/users\/1"}],"replies":[{"embeddable":true,"href":"https:\/\/ciec.be\/blog\/index.php\/wp-json\/wp\/v2\/comments?post=409"}],"version-history":[{"count":1,"href":"https:\/\/ciec.be\/blog\/index.php\/wp-json\/wp\/v2\/posts\/409\/revisions"}],"predecessor-version":[{"id":2574,"href":"https:\/\/ciec.be\/blog\/index.php\/wp-json\/wp\/v2\/posts\/409\/revisions\/2574"}],"wp:attachment":[{"href":"https:\/\/ciec.be\/blog\/index.php\/wp-json\/wp\/v2\/media?parent=409"}],"wp:term":[{"taxonomy":"category","embeddable":true,"href":"https:\/\/ciec.be\/blog\/index.php\/wp-json\/wp\/v2\/categories?post=409"},{"taxonomy":"post_tag","embeddable":true,"href":"https:\/\/ciec.be\/blog\/index.php\/wp-json\/wp\/v2\/tags?post=409"}],"curies":[{"name":"wp","href":"https:\/\/api.w.org\/{rel}","templated":true}]}}