{"id":372,"date":"2012-08-12T13:45:36","date_gmt":"2012-08-12T13:45:36","guid":{"rendered":"http:\/\/ciecgenval.wordpress.com\/?p=372"},"modified":"2012-08-12T13:45:36","modified_gmt":"2012-08-12T13:45:36","slug":"12-aout-promenade-a-villers-la-ville","status":"publish","type":"post","link":"https:\/\/ciec.be\/blog\/index.php\/2012\/08\/12\/12-aout-promenade-a-villers-la-ville\/","title":{"rendered":"12 ao\u00fbt &#8211; promenade \u00e0 Villers la Ville"},"content":{"rendered":"<p><em><strong>C&rsquo;est sous un ciel sans nuage et uniform\u00e9ment bleu que nous avons d\u00e9but\u00e9 notre balade du mois d&rsquo;ao\u00fbt.<\/strong><\/em><\/p>\n<p><em><strong>Pour l&rsquo;occasion, nous faisions la promenade dite de \u00ab\u00a0Saint Bernard\u00a0\u00bb.<\/strong><\/em><\/p>\n<p><em><strong>Tous les participants \u00e9tant bien arriv\u00e9s malgr\u00e9 travaux et d\u00e9viations, nous sommes directement entr\u00e9s dans le sous-bois.<\/strong><\/em><\/p>\n<p><img loading=\"lazy\" decoding=\"async\" class=\"aligncenter size-full wp-image-373\" title=\"100_1315\" src=\"http:\/\/ciecgenval.files.wordpress.com\/2012\/08\/100_1315.jpg\" alt=\"\" width=\"604\" height=\"453\" \/><\/p>\n<p><em><strong>Et les chiens ont pu \u00eatre lib\u00e9r\u00e9s presque aussit\u00f4t, pour leur plus \u00e9vident plaisir !<\/strong><\/em><\/p>\n<p><img loading=\"lazy\" decoding=\"async\" class=\"aligncenter size-full wp-image-374\" title=\"100_1319\" src=\"http:\/\/ciecgenval.files.wordpress.com\/2012\/08\/100_1319.jpg\" alt=\"\" width=\"604\" height=\"453\" \/><\/p>\n<p><em><strong>La promenade tient son nom du Ri Saint Bernard, petit ruisseau qui prend naissance le long du sentier&#8230; o\u00f9 l&rsquo;eau est aussi pr\u00e9sente, ravinant la terre pour ne laisser que les rochers.<\/strong><\/em><\/p>\n<p><em><strong>Dans le temps, le c\u00f4t\u00e9 gauche du chemin comptait de nombreux \u00ab\u00a0arbres \u00e0 clous\u00a0\u00bb , arbres o\u00f9 les habitants des environs venaient planter un clou en faisant un voeu&#8230; Mais l&rsquo;habitude a disparu et \u00e0 pr\u00e9sent, ces arbres clout\u00e9s ne sont plus visibles.<\/strong><\/em><\/p>\n<p><img loading=\"lazy\" decoding=\"async\" class=\"aligncenter size-full wp-image-375\" title=\"100_1320\" src=\"http:\/\/ciecgenval.files.wordpress.com\/2012\/08\/100_1320.jpg\" alt=\"\" width=\"604\" height=\"453\" \/><\/p>\n<p><em><strong>Apr\u00e8s une l\u00e9g\u00e8re mont\u00e9e, nous arrivons en bordure de champs&#8230;\u00a0 Comme il fait chaud, nous en profitons pour faire un premier ravitaillement en eau pour les chiens qui le souhaitent.<\/strong><\/em><\/p>\n<p><img loading=\"lazy\" decoding=\"async\" class=\"aligncenter size-full wp-image-376\" title=\"100_1321\" src=\"http:\/\/ciecgenval.files.wordpress.com\/2012\/08\/100_1321.jpg\" alt=\"\" width=\"604\" height=\"453\" \/><\/p>\n<p><em><strong>Les pluies printani\u00e8res ont fait leur oeuvre, amenant une belle quantit\u00e9 d&rsquo;argile dans la partie basse du champ.\u00a0 Les chiens, eux, en profitent pour organiser une petite course poursuite.<\/strong><\/em><\/p>\n<p><img loading=\"lazy\" decoding=\"async\" class=\"aligncenter size-full wp-image-377\" title=\"100_1322\" src=\"http:\/\/ciecgenval.files.wordpress.com\/2012\/08\/100_1322.jpg\" alt=\"\" width=\"604\" height=\"453\" \/><\/p>\n<p><img loading=\"lazy\" decoding=\"async\" class=\"aligncenter size-full wp-image-378\" title=\"100_1326\" src=\"http:\/\/ciecgenval.files.wordpress.com\/2012\/08\/100_1326.jpg\" alt=\"\" width=\"604\" height=\"453\" \/><\/p>\n<p><em><strong>Gem pr\u00e9f\u00e8re jouer son num\u00e9ro de charme aupr\u00e8s de quiconque aura envie de la caresser !<\/strong><\/em><\/p>\n<p><img loading=\"lazy\" decoding=\"async\" class=\"aligncenter size-full wp-image-380\" title=\"100_1328\" src=\"http:\/\/ciecgenval.files.wordpress.com\/2012\/08\/100_1328.jpg\" alt=\"\" width=\"604\" height=\"453\" \/><\/p>\n<p><img loading=\"lazy\" decoding=\"async\" class=\"aligncenter size-full wp-image-381\" title=\"100_1329\" src=\"http:\/\/ciecgenval.files.wordpress.com\/2012\/08\/100_1329.jpg\" alt=\"\" width=\"604\" height=\"453\" \/><\/p>\n<p><em><strong>Apr\u00e8s cet arr\u00eat \u00ab\u00a0fraicheur\u00a0\u00bb nous reprenons le sentier qui passe \u00e0 travers quelque champs avant d&rsquo;arriver aux \u00ab\u00a04 ch\u00eanes\u00a0\u00bb.\u00a0 C&rsquo;est \u00e0 ce moment que deux retardataires nous rejoignent&#8230; ouf, ils nous ont retrouv\u00e9s !!<\/strong><\/em><\/p>\n<p><img loading=\"lazy\" decoding=\"async\" class=\"aligncenter size-full wp-image-382\" title=\"100_1330\" src=\"http:\/\/ciecgenval.files.wordpress.com\/2012\/08\/100_1330.jpg\" alt=\"\" width=\"604\" height=\"453\" \/><\/p>\n<p><img loading=\"lazy\" decoding=\"async\" class=\"aligncenter size-full wp-image-383\" title=\"100_1333\" src=\"http:\/\/ciecgenval.files.wordpress.com\/2012\/08\/100_1333.jpg\" alt=\"\" width=\"604\" height=\"453\" \/><\/p>\n<p><em><strong>Nous profitons de ce lieu charg\u00e9\u00a0 d&rsquo;une histoire tr\u00e8s ancienne pour abreuver une nouvelle fois tout notre petit monde.<\/strong><\/em><\/p>\n<p><img loading=\"lazy\" decoding=\"async\" class=\"aligncenter size-full wp-image-384\" title=\"100_1335\" src=\"http:\/\/ciecgenval.files.wordpress.com\/2012\/08\/100_1335.jpg\" alt=\"\" width=\"604\" height=\"453\" \/><\/p>\n<p><img loading=\"lazy\" decoding=\"async\" class=\"aligncenter size-full wp-image-385\" title=\"100_1336\" src=\"http:\/\/ciecgenval.files.wordpress.com\/2012\/08\/100_1336.jpg\" alt=\"\" width=\"604\" height=\"453\" \/><\/p>\n<p><em><strong>Tout \u00e0 coup, nous voyons arriver un promeneur accompagn\u00e9 de son chien, tenu en laisse.\u00a0 C&rsquo;est le moment ou jamais de faire un petit exercice de rappel et de mise en laisse, question que toute notre meute ne se lance par sur le brave visiteur qui arrive.<\/strong><\/em><\/p>\n<p><img loading=\"lazy\" decoding=\"async\" class=\"aligncenter size-full wp-image-386\" title=\"100_1337\" src=\"http:\/\/ciecgenval.files.wordpress.com\/2012\/08\/100_1337.jpg\" alt=\"\" width=\"604\" height=\"453\" \/><\/p>\n<p><img loading=\"lazy\" decoding=\"async\" class=\"aligncenter size-full wp-image-387\" title=\"100_1338\" src=\"http:\/\/ciecgenval.files.wordpress.com\/2012\/08\/100_1338.jpg\" alt=\"\" width=\"604\" height=\"453\" \/><\/p>\n<p><img loading=\"lazy\" decoding=\"async\" class=\"aligncenter size-full wp-image-388\" title=\"100_1339\" src=\"http:\/\/ciecgenval.files.wordpress.com\/2012\/08\/100_1339.jpg\" alt=\"\" width=\"604\" height=\"453\" \/><em><strong>Et nous voici \u00e0 faire une haie d&rsquo;honneur pour le promeneur et son compagnon !<\/strong><\/em><\/p>\n<p><img loading=\"lazy\" decoding=\"async\" class=\"aligncenter size-full wp-image-389\" title=\"100_1340\" src=\"http:\/\/ciecgenval.files.wordpress.com\/2012\/08\/100_1340.jpg\" alt=\"\" width=\"604\" height=\"453\" \/><\/p>\n<p><em><strong>Comme il s&rsquo;agit d&rsquo;un jeune chien, il est plus curieux qu&rsquo;autre chose et son ma\u00eetre a bien du mal \u00e0 le contr\u00f4ler !<\/strong><\/em><\/p>\n<p><img loading=\"lazy\" decoding=\"async\" class=\"aligncenter size-full wp-image-390\" title=\"100_1341\" src=\"http:\/\/ciecgenval.files.wordpress.com\/2012\/08\/100_1341.jpg\" alt=\"\" width=\"604\" height=\"453\" \/><\/p>\n<p><em><strong>Ensuite, nous reprenons notre marche, longeant des champs fra\u00eechement r\u00e9colt\u00e9s.<\/strong><\/em><\/p>\n<p><img loading=\"lazy\" decoding=\"async\" class=\"aligncenter size-full wp-image-391\" title=\"100_1342\" src=\"http:\/\/ciecgenval.files.wordpress.com\/2012\/08\/100_1342.jpg\" alt=\"\" width=\"604\" height=\"453\" \/><\/p>\n<p><em><strong>Le temps est magnifique mais comme ce sont les vacances, peu de \u00ab\u00a0touristes\u00a0\u00bb sont \u00e0 signaler et les quelques Vttistes qui nous d\u00e9passent sont bien sympathiques et prudents.<\/strong><\/em><\/p>\n<p><img loading=\"lazy\" decoding=\"async\" class=\"aligncenter size-full wp-image-392\" title=\"100_1344\" src=\"http:\/\/ciecgenval.files.wordpress.com\/2012\/08\/100_1344.jpg\" alt=\"\" width=\"604\" height=\"453\" \/><\/p>\n<p><em><strong>Une trouv\u00e9e dans le bois fait appara\u00eetre une petite chapelle.<\/strong><\/em><\/p>\n<p><img loading=\"lazy\" decoding=\"async\" class=\"aligncenter size-full wp-image-393\" title=\"100_1346\" src=\"http:\/\/ciecgenval.files.wordpress.com\/2012\/08\/100_1346.jpg\" alt=\"\" width=\"604\" height=\"453\" \/><\/p>\n<p><em><strong>Du c\u00f4t\u00e9 de nos chiens, la moindre flaque est pr\u00e9texte \u00e0 \u00e0 boire un coup ou \u00e0 jouer \u00e0 qui \u00e9claboussera l&rsquo;autre.<\/strong><\/em><\/p>\n<p><img loading=\"lazy\" decoding=\"async\" class=\"aligncenter size-full wp-image-394\" title=\"100_1347\" src=\"http:\/\/ciecgenval.files.wordpress.com\/2012\/08\/100_1347.jpg\" alt=\"\" width=\"604\" height=\"453\" \/><\/p>\n<p><img loading=\"lazy\" decoding=\"async\" class=\"aligncenter size-full wp-image-395\" title=\"100_1348\" src=\"http:\/\/ciecgenval.files.wordpress.com\/2012\/08\/100_1348.jpg\" alt=\"\" width=\"604\" height=\"453\" \/><\/p>\n<p><em><strong>Du c\u00f4t\u00e9 ma\u00eetres, nous profitons pleinement de la fra\u00eecheur du sous-bois.<\/strong><\/em><\/p>\n<p><img loading=\"lazy\" decoding=\"async\" class=\"aligncenter size-full wp-image-396\" title=\"100_1349\" src=\"http:\/\/ciecgenval.files.wordpress.com\/2012\/08\/100_1349.jpg\" alt=\"\" width=\"604\" height=\"453\" \/><\/p>\n<p><em><strong>Nouvelle d\u00e9couverte, la chapelle d\u00e9di\u00e9e \u00e0 Saint Apolline&#8230;<\/strong><\/em><\/p>\n<p><img loading=\"lazy\" decoding=\"async\" class=\"aligncenter size-full wp-image-397\" title=\"100_1350\" src=\"http:\/\/ciecgenval.files.wordpress.com\/2012\/08\/100_1350.jpg\" alt=\"\" width=\"604\" height=\"453\" \/><\/p>\n<p><em><strong>Nous arrivons ensuite au niveau du mur d&rsquo;enceinte de l&rsquo;Abbaye et un grand b\u00e2timent marque la fin de la partie bois\u00e9e de notre balade.<\/strong><\/em><\/p>\n<p><img loading=\"lazy\" decoding=\"async\" class=\"aligncenter size-full wp-image-398\" title=\"100_1351\" src=\"http:\/\/ciecgenval.files.wordpress.com\/2012\/08\/100_1351.jpg\" alt=\"\" width=\"604\" height=\"453\" \/><\/p>\n<p><em><strong>Quelques-uns des chiens ont soif, c&rsquo;est donc le moment d&rsquo;une halte gamelle, tr\u00e8s appr\u00e9ci\u00e9e, il faut le dire.<\/strong><\/em><\/p>\n<p><img loading=\"lazy\" decoding=\"async\" class=\"aligncenter size-full wp-image-399\" title=\"100_1352\" src=\"http:\/\/ciecgenval.files.wordpress.com\/2012\/08\/100_1352.jpg\" alt=\"\" width=\"604\" height=\"453\" \/><\/p>\n<p><em><strong>Le mur d&rsquo;enceinte, tr\u00e8s bien conserv\u00e9 et parfois envahit de lierre, nous accompagne et nous transmet un peu de sa fra\u00eecheur.<\/strong><\/em><\/p>\n<p><em><strong>Un peu plus loin, nous atteignons la fin de notre petit tour, le parking se profile, il est temps de remettre nos chiens en laisse.<\/strong><\/em><\/p>\n<p><img loading=\"lazy\" decoding=\"async\" class=\"aligncenter size-full wp-image-400\" title=\"100_1354\" src=\"http:\/\/ciecgenval.files.wordpress.com\/2012\/08\/100_1354.jpg\" alt=\"\" width=\"604\" height=\"453\" \/><\/p>\n<p><em><strong>Puisque nous sommes un peu en avance sur le timing, tandis que les uns d\u00e9cident de rentrer, je propose aux autres d&rsquo;aller faire un petit tour jusqu&rsquo;\u00e0 l&rsquo;entr\u00e9e des ruines de l&rsquo;Abbaye.<\/strong><\/em><\/p>\n<p><img loading=\"lazy\" decoding=\"async\" class=\"aligncenter size-full wp-image-401\" title=\"100_1356\" src=\"http:\/\/ciecgenval.files.wordpress.com\/2012\/08\/100_1356.jpg\" alt=\"\" width=\"604\" height=\"453\" \/><\/p>\n<p><em><strong>Nous prenons donc le chemin, tr\u00e8s \u00e9troit mais surtout fort fr\u00e9quent\u00e9, qui longe les ruines.<\/strong><\/em><\/p>\n<p><img loading=\"lazy\" decoding=\"async\" class=\"aligncenter size-full wp-image-402\" title=\"100_1357\" src=\"http:\/\/ciecgenval.files.wordpress.com\/2012\/08\/100_1357.jpg\" alt=\"\" width=\"604\" height=\"453\" \/><\/p>\n<p><em><strong>Passage sous les arches.<\/strong><\/em><\/p>\n<p><img loading=\"lazy\" decoding=\"async\" class=\"aligncenter size-full wp-image-403\" title=\"100_1358\" src=\"http:\/\/ciecgenval.files.wordpress.com\/2012\/08\/100_1358.jpg\" alt=\"\" width=\"604\" height=\"453\" \/><\/p>\n<p><img loading=\"lazy\" decoding=\"async\" class=\"aligncenter size-full wp-image-404\" title=\"100_1359\" src=\"http:\/\/ciecgenval.files.wordpress.com\/2012\/08\/100_1359.jpg\" alt=\"\" width=\"604\" height=\"453\" \/><\/p>\n<p><img loading=\"lazy\" decoding=\"async\" title=\"100_1361\" src=\"http:\/\/ciecgenval.files.wordpress.com\/2012\/08\/100_1361.jpg\" alt=\"\" width=\"604\" height=\"453\" \/><\/p>\n<p><em><strong>Avant d&rsquo;arriver \u00e0 l&rsquo;ancien moulin de l&rsquo;abbaye, transform\u00e9 en taverne et restaurant.<\/strong><\/em><\/p>\n<p><img loading=\"lazy\" decoding=\"async\" class=\"aligncenter size-full wp-image-405\" title=\"100_1360\" src=\"http:\/\/ciecgenval.files.wordpress.com\/2012\/08\/100_1360.jpg\" alt=\"\" width=\"604\" height=\"453\" \/><\/p>\n<p><em><strong>L&rsquo;endroit est sympathique, le prix des consommations raisonnables, et l&rsquo;ombre bien pr\u00e9sente&#8230;<\/strong><\/em><\/p>\n<p><em><strong>Que demander de plus pour terminer, agr\u00e9ablement, cette promenade estivale ?<\/strong><\/em><\/p>\n<p>&nbsp;<\/p>\n<p>&nbsp;<\/p>\n<p>&nbsp;<\/p>\n<p>&nbsp;<\/p>\n<p>&nbsp;<\/p>\n","protected":false},"excerpt":{"rendered":"<p>C&rsquo;est sous un ciel sans nuage et uniform\u00e9ment bleu que nous avons d\u00e9but\u00e9 notre balade du mois d&rsquo;ao\u00fbt. Pour l&rsquo;occasion, nous faisions la promenade dite de \u00ab\u00a0Saint Bernard\u00a0\u00bb. Tous les participants \u00e9tant bien arriv\u00e9s malgr\u00e9 travaux et d\u00e9viations, nous sommes directement entr\u00e9s dans le sous-bois. Et les chiens ont pu \u00eatre lib\u00e9r\u00e9s presque aussit\u00f4t, pour [&hellip;]<\/p>\n","protected":false},"author":1,"featured_media":0,"comment_status":"open","ping_status":"open","sticky":false,"template":"","format":"standard","meta":{"_et_pb_use_builder":"","_et_pb_old_content":"","_et_gb_content_width":"","footnotes":""},"categories":[14],"tags":[74,75,167,190],"class_list":["post-372","post","type-post","status-publish","format-standard","hentry","category-promenades","tag-chien","tag-ciec","tag-promenade-canine","tag-villers-la-ville"],"_links":{"self":[{"href":"https:\/\/ciec.be\/blog\/index.php\/wp-json\/wp\/v2\/posts\/372","targetHints":{"allow":["GET"]}}],"collection":[{"href":"https:\/\/ciec.be\/blog\/index.php\/wp-json\/wp\/v2\/posts"}],"about":[{"href":"https:\/\/ciec.be\/blog\/index.php\/wp-json\/wp\/v2\/types\/post"}],"author":[{"embeddable":true,"href":"https:\/\/ciec.be\/blog\/index.php\/wp-json\/wp\/v2\/users\/1"}],"replies":[{"embeddable":true,"href":"https:\/\/ciec.be\/blog\/index.php\/wp-json\/wp\/v2\/comments?post=372"}],"version-history":[{"count":0,"href":"https:\/\/ciec.be\/blog\/index.php\/wp-json\/wp\/v2\/posts\/372\/revisions"}],"wp:attachment":[{"href":"https:\/\/ciec.be\/blog\/index.php\/wp-json\/wp\/v2\/media?parent=372"}],"wp:term":[{"taxonomy":"category","embeddable":true,"href":"https:\/\/ciec.be\/blog\/index.php\/wp-json\/wp\/v2\/categories?post=372"},{"taxonomy":"post_tag","embeddable":true,"href":"https:\/\/ciec.be\/blog\/index.php\/wp-json\/wp\/v2\/tags?post=372"}],"curies":[{"name":"wp","href":"https:\/\/api.w.org\/{rel}","templated":true}]}}