{"id":318,"date":"2012-07-24T15:17:47","date_gmt":"2012-07-24T15:17:47","guid":{"rendered":"http:\/\/ciecgenval.wordpress.com\/?p=318"},"modified":"2012-07-24T15:17:47","modified_gmt":"2012-07-24T15:17:47","slug":"22-juillet-balade-a-heze","status":"publish","type":"post","link":"https:\/\/ciec.be\/blog\/index.php\/2012\/07\/24\/22-juillet-balade-a-heze\/","title":{"rendered":"22 juillet, balade \u00e0 H\u00e8ze"},"content":{"rendered":"<p><em><strong>Peu de temps apr\u00e8s notre vir\u00e9e Caenoise, nous \u00e9tions \u00e0 nouveau en route, mais bien plus pr\u00e8s de notre base cette fois puisque Genevi\u00e8ve nous proposait une balade entre H\u00e8ze et Longueville, deux hameaux de l&rsquo;entit\u00e9 de Grez-Doiceau.<\/strong><\/em><\/p>\n<p><em><strong>Pour le rendez-vous de d\u00e9part, pas moyen de se tromper, c&rsquo;\u00e9tait \u00e0 c\u00f4t\u00e9 de la chapelle \u00e0 l&rsquo;entr\u00e9e de Longueville.<\/strong><\/em><\/p>\n<p><img loading=\"lazy\" decoding=\"async\" class=\"aligncenter size-full wp-image-319\" title=\"100_1209\" src=\"http:\/\/ciecgenval.files.wordpress.com\/2012\/07\/100_1209.jpg\" alt=\"\" width=\"604\" height=\"453\" \/><\/p>\n<p><em><strong>Malgr\u00e9 les vacances, nombreux \u00e9taient ceux qui avaient r\u00e9pondu \u00ab\u00a0pr\u00e9sent\u00a0\u00bb \u00e0 cette invitation&#8230;<\/strong><\/em><\/p>\n<p><em><strong>Apr\u00e8s l&rsquo;arriv\u00e9e des derniers, nous d\u00e9marrions par un chemin de remembrement, entre les champs.<\/strong><\/em><\/p>\n<p><img loading=\"lazy\" decoding=\"async\" class=\"aligncenter size-full wp-image-320\" title=\"100_1211\" src=\"http:\/\/ciecgenval.files.wordpress.com\/2012\/07\/100_1211.jpg\" alt=\"\" width=\"604\" height=\"453\" \/><\/p>\n<p><img loading=\"lazy\" decoding=\"async\" class=\"aligncenter size-full wp-image-321\" title=\"100_1212\" src=\"http:\/\/ciecgenval.files.wordpress.com\/2012\/07\/100_1212.jpg\" alt=\"\" width=\"604\" height=\"453\" \/><\/p>\n<p><img loading=\"lazy\" decoding=\"async\" class=\"aligncenter size-full wp-image-322\" title=\"100_1213\" src=\"http:\/\/ciecgenval.files.wordpress.com\/2012\/07\/100_1213.jpg\" alt=\"\" width=\"604\" height=\"453\" \/><\/p>\n<p><em><strong>Peu apr\u00e8s, un promeneur assez pisse-vinaigre arrivant face \u00e0 nous, Genevi\u00e8ve nous invite \u00e0 rappeler nos chiens et \u00e0 profiter d&rsquo;un champ fra\u00eechement r\u00e9colt\u00e9 pour nous \u00e9carter et laisser passer cette personne&#8230;<\/strong><\/em><\/p>\n<p><img loading=\"lazy\" decoding=\"async\" class=\"aligncenter size-full wp-image-324\" title=\"100_1214\" src=\"http:\/\/ciecgenval.files.wordpress.com\/2012\/07\/100_1214.jpg\" alt=\"\" width=\"604\" height=\"453\" \/><\/p>\n<p><img loading=\"lazy\" decoding=\"async\" class=\"aligncenter size-full wp-image-325\" title=\"100_1215\" src=\"http:\/\/ciecgenval.files.wordpress.com\/2012\/07\/100_1215.jpg\" alt=\"\" width=\"604\" height=\"453\" \/><\/p>\n<p><em><strong>Apr\u00e8s cet interm\u00e8de, nous reprenons notre balade&#8230;<\/strong> <\/em><\/p>\n<p><img loading=\"lazy\" decoding=\"async\" title=\"100_1216\" src=\"http:\/\/ciecgenval.files.wordpress.com\/2012\/07\/100_1216.jpg\" alt=\"\" width=\"604\" height=\"453\" \/><\/p>\n<p><em><strong>M\u00eame si le temps est superbe, les pluies r\u00e9centes ont laiss\u00e9 leur marque&#8230; les chiens en profitent pour se d\u00e9salt\u00e9rer.<\/strong><\/em><\/p>\n<p><img loading=\"lazy\" decoding=\"async\" title=\"100_1218\" src=\"http:\/\/ciecgenval.files.wordpress.com\/2012\/07\/100_1218.jpg\" alt=\"\" width=\"604\" height=\"453\" \/><\/p>\n<p><em><strong>Plus loin, le chemin passe non loin d&rsquo;un petit bois&#8230; l&rsquo;ombre en est bienvenue car nous n&rsquo;avons gu\u00e8re eu l&rsquo;occasion de nous habituer au soleil ces derniers temps !<\/strong><\/em><\/p>\n<p><img loading=\"lazy\" decoding=\"async\" class=\"aligncenter size-full wp-image-362\" title=\"O\" src=\"http:\/\/ciecgenval.files.wordpress.com\/2012\/07\/p7223784.jpg\" alt=\"\" width=\"604\" height=\"452\" \/><\/p>\n<p><em><strong>Les chiens d\u00e9couvrent les mille et unes odeurs du sous-bois !<\/strong><\/em><\/p>\n<p><img loading=\"lazy\" decoding=\"async\" class=\"aligncenter size-full wp-image-364\" title=\"O\" src=\"http:\/\/ciecgenval.files.wordpress.com\/2012\/07\/p7223788.jpg\" alt=\"\" width=\"604\" height=\"452\" \/><\/p>\n<p><img loading=\"lazy\" decoding=\"async\" class=\"aligncenter size-full wp-image-365\" title=\"O\" src=\"http:\/\/ciecgenval.files.wordpress.com\/2012\/07\/p7223789.jpg\" alt=\"\" width=\"604\" height=\"452\" \/><\/p>\n<p><em><strong>Les chiens en profitent pour boire un petit coup, c&rsquo;est si bon, l&rsquo;eau boueuse !<\/strong><\/em><\/p>\n<p><em><strong>Nous entrons ensuite dans une autre partie bois\u00e9e&#8230; <\/strong><\/em><\/p>\n<p><img loading=\"lazy\" decoding=\"async\" class=\"aligncenter size-full wp-image-366\" title=\"O\" src=\"http:\/\/ciecgenval.files.wordpress.com\/2012\/07\/p7223791.jpg\" alt=\"\" width=\"604\" height=\"452\" \/><\/p>\n<p><img loading=\"lazy\" decoding=\"async\" class=\"aligncenter size-full wp-image-367\" title=\"O\" src=\"http:\/\/ciecgenval.files.wordpress.com\/2012\/07\/p7223800.jpg\" alt=\"\" width=\"604\" height=\"452\" \/><\/p>\n<p><em><strong>avant d&rsquo;aboutir \u00e0 une route tellement \u00e9troite qu&rsquo;on pourrait se demander quels v\u00e9hicules l&#8217;empruntent&#8230;<\/strong><\/em><\/p>\n<p><img loading=\"lazy\" decoding=\"async\" class=\"aligncenter size-full wp-image-328\" title=\"100_1219\" src=\"http:\/\/ciecgenval.files.wordpress.com\/2012\/07\/100_1219.jpg\" alt=\"\" width=\"604\" height=\"453\" \/><\/p>\n<p><em><strong>C&rsquo;est le moment d&rsquo;attendre les retardataires&#8230;<\/strong><\/em><\/p>\n<p><img loading=\"lazy\" decoding=\"async\" class=\"aligncenter size-full wp-image-329\" title=\"100_1220\" src=\"http:\/\/ciecgenval.files.wordpress.com\/2012\/07\/100_1220.jpg\" alt=\"\" width=\"604\" height=\"453\" \/><\/p>\n<p><img loading=\"lazy\" decoding=\"async\" class=\"aligncenter size-full wp-image-330\" title=\"100_1221\" src=\"http:\/\/ciecgenval.files.wordpress.com\/2012\/07\/100_1221.jpg\" alt=\"\" width=\"604\" height=\"453\" \/><\/p>\n<p><em><strong>Apr\u00e8s cet interm\u00e8de ombrag\u00e9, nous reprenons notre progression sur le plateau, en plein soleil&#8230;<\/strong><\/em><\/p>\n<p><em><strong>Pulls et vestes sont tomb\u00e9s depuis longtemps.<\/strong><\/em><\/p>\n<p><img loading=\"lazy\" decoding=\"async\" class=\"aligncenter size-full wp-image-331\" title=\"100_1223\" src=\"http:\/\/ciecgenval.files.wordpress.com\/2012\/07\/100_1223.jpg\" alt=\"\" width=\"604\" height=\"453\" \/><\/p>\n<p><img loading=\"lazy\" decoding=\"async\" class=\"aligncenter size-full wp-image-333\" title=\"100_1225\" src=\"http:\/\/ciecgenval.files.wordpress.com\/2012\/07\/100_1225.jpg\" alt=\"\" width=\"604\" height=\"453\" \/><\/p>\n<p><img loading=\"lazy\" decoding=\"async\" class=\"aligncenter size-full wp-image-334\" title=\"100_1226\" src=\"http:\/\/ciecgenval.files.wordpress.com\/2012\/07\/100_1226.jpg\" alt=\"\" width=\"604\" height=\"453\" \/><\/p>\n<p><img loading=\"lazy\" decoding=\"async\" class=\"aligncenter size-full wp-image-335\" title=\"100_1227\" src=\"http:\/\/ciecgenval.files.wordpress.com\/2012\/07\/100_1227.jpg\" alt=\"\" width=\"604\" height=\"453\" \/><\/p>\n<p><img loading=\"lazy\" decoding=\"async\" class=\"aligncenter size-full wp-image-336\" title=\"100_1229\" src=\"http:\/\/ciecgenval.files.wordpress.com\/2012\/07\/100_1229.jpg\" alt=\"\" width=\"604\" height=\"453\" \/><\/p>\n<p><em><strong>Soudain, au loin, apparaissent deux chevaux&#8230; D\u00e8s qu&rsquo;ils voient nos chiens, ils s&rsquo;inqui\u00e8tent, veulent reculer&#8230; Nous nous mettons donc tous sur le bord du chemin ou sur le talus afin de les laisser passer sans encombre&#8230;<\/strong><\/em><\/p>\n<p><img loading=\"lazy\" decoding=\"async\" class=\"aligncenter size-full wp-image-337\" title=\"100_1230\" src=\"http:\/\/ciecgenval.files.wordpress.com\/2012\/07\/100_1230.jpg\" alt=\"\" width=\"604\" height=\"453\" \/><\/p>\n<p><em><strong>Les cavali\u00e8res appr\u00e9cient le geste&#8230; les chevaux aussi, d&rsquo;ailleurs !<\/strong><\/em><\/p>\n<p><img loading=\"lazy\" decoding=\"async\" class=\"aligncenter size-full wp-image-338\" title=\"100_1231\" src=\"http:\/\/ciecgenval.files.wordpress.com\/2012\/07\/100_1231.jpg\" alt=\"\" width=\"604\" height=\"453\" \/><\/p>\n<p><img loading=\"lazy\" decoding=\"async\" class=\"aligncenter size-full wp-image-339\" title=\"100_1232\" src=\"http:\/\/ciecgenval.files.wordpress.com\/2012\/07\/100_1232.jpg\" alt=\"\" width=\"604\" height=\"453\" \/><\/p>\n<p><em><strong>Siska profite d&rsquo;un champ de froment pour jouer \u00e0 cache-cache avec sa ma\u00eetresse<\/strong><\/em><\/p>\n<p><img loading=\"lazy\" decoding=\"async\" class=\"aligncenter size-full wp-image-341\" title=\"100_1235\" src=\"http:\/\/ciecgenval.files.wordpress.com\/2012\/07\/100_1235.jpg\" alt=\"\" width=\"604\" height=\"453\" \/><\/p>\n<p class=\"aligncenter size-full wp-image-340\"><em><strong>Mais et betteraves alternent&#8230; Il est \u00e9vident qu&rsquo;ici le sol est particuli\u00e8rement riche.<\/strong><\/em><\/p>\n<p class=\"aligncenter size-full wp-image-340\"><img loading=\"lazy\" decoding=\"async\" class=\"aligncenter size-full wp-image-368\" title=\"O\" src=\"http:\/\/ciecgenval.files.wordpress.com\/2012\/07\/p7223804.jpg\" alt=\"\" width=\"604\" height=\"452\" \/><\/p>\n<p class=\"aligncenter size-full wp-image-340\"><em><strong>Gem a un peu chaud et se fatigue !<\/strong><\/em><\/p>\n<p class=\"aligncenter size-full wp-image-340\"><img loading=\"lazy\" decoding=\"async\" class=\"aligncenter size-full wp-image-369\" title=\"O\" src=\"http:\/\/ciecgenval.files.wordpress.com\/2012\/07\/p7223817.jpg\" alt=\"\" width=\"604\" height=\"452\" \/><\/p>\n<p><img loading=\"lazy\" decoding=\"async\" title=\"100_1234\" src=\"http:\/\/ciecgenval.files.wordpress.com\/2012\/07\/100_1234.jpg\" alt=\"\" width=\"604\" height=\"453\" \/><\/p>\n<p class=\"aligncenter size-full wp-image-340\"><em><strong>Un peu plus loin, nous arrivons aux premi\u00e8res maisons du hameau de H\u00e8ze.\u00a0 L&rsquo;endroit est parfait pour se rassembler et surtout donner \u00e0 boire \u00e0 nos chiens apr\u00e8s cette premi\u00e8re heure de promenade.<\/strong><\/em><\/p>\n<p class=\"aligncenter size-full wp-image-340\"><img loading=\"lazy\" decoding=\"async\" class=\"aligncenter size-full wp-image-342\" title=\"100_1237\" src=\"http:\/\/ciecgenval.files.wordpress.com\/2012\/07\/100_1237.jpg\" alt=\"\" width=\"604\" height=\"453\" \/><\/p>\n<p class=\"aligncenter size-full wp-image-340\"><img loading=\"lazy\" decoding=\"async\" class=\"aligncenter size-full wp-image-343\" title=\"100_1238\" src=\"http:\/\/ciecgenval.files.wordpress.com\/2012\/07\/100_1238.jpg\" alt=\"\" width=\"604\" height=\"453\" \/><\/p>\n<p class=\"aligncenter size-full wp-image-340\"><img loading=\"lazy\" decoding=\"async\" class=\"aligncenter size-full wp-image-344\" title=\"100_1240\" src=\"http:\/\/ciecgenval.files.wordpress.com\/2012\/07\/100_1240.jpg\" alt=\"\" width=\"604\" height=\"453\" \/><\/p>\n<p class=\"aligncenter size-full wp-image-340\"><img loading=\"lazy\" decoding=\"async\" class=\"aligncenter size-full wp-image-345\" title=\"100_1241\" src=\"http:\/\/ciecgenval.files.wordpress.com\/2012\/07\/100_1241.jpg\" alt=\"\" width=\"604\" height=\"453\" \/><\/p>\n<p class=\"aligncenter size-full wp-image-340\"><em><strong>Les r\u00e9cipients remis dans les sacs, nous traversons quelques maisons du village <\/strong><\/em><\/p>\n<p class=\"aligncenter size-full wp-image-340\"><img loading=\"lazy\" decoding=\"async\" class=\"aligncenter size-full wp-image-370\" title=\"O\" src=\"http:\/\/ciecgenval.files.wordpress.com\/2012\/07\/p7223823.jpg\" alt=\"\" width=\"604\" height=\"452\" \/><\/p>\n<p class=\"aligncenter size-full wp-image-340\"><em><strong>et entrons \u00e0 nouveau dans une partie bois\u00e9e&#8230;<\/strong><\/em><\/p>\n<p class=\"aligncenter size-full wp-image-340\"><img loading=\"lazy\" decoding=\"async\" class=\"aligncenter size-full wp-image-347\" title=\"100_1243\" src=\"http:\/\/ciecgenval.files.wordpress.com\/2012\/07\/100_1243.jpg\" alt=\"\" width=\"604\" height=\"453\" \/><\/p>\n<p class=\"aligncenter size-full wp-image-340\"><img loading=\"lazy\" decoding=\"async\" class=\"aligncenter size-full wp-image-346\" title=\"100_1242\" src=\"http:\/\/ciecgenval.files.wordpress.com\/2012\/07\/100_1242.jpg\" alt=\"\" width=\"604\" height=\"453\" \/><\/p>\n<p class=\"aligncenter size-full wp-image-340\"><img loading=\"lazy\" decoding=\"async\" class=\"aligncenter size-full wp-image-349\" title=\"100_1244\" src=\"http:\/\/ciecgenval.files.wordpress.com\/2012\/07\/100_1244.jpg\" alt=\"\" width=\"604\" height=\"453\" \/><\/p>\n<p class=\"aligncenter size-full wp-image-340\"><em><strong>Si \u00e0 certains endroits, le chemin est tr\u00e8s praticable, \u00e0 d&rsquo;autres il se r\u00e9duit \u00e0 un sentier dans lequel nous devons progresser en file indienne, entre les ronces et les orties&#8230;<\/strong> <\/em><\/p>\n<p class=\"aligncenter size-full wp-image-340\"><img loading=\"lazy\" decoding=\"async\" title=\"100_1247\" src=\"http:\/\/ciecgenval.files.wordpress.com\/2012\/07\/100_1247.jpg\" alt=\"\" width=\"604\" height=\"453\" \/><\/p>\n<p class=\"aligncenter size-full wp-image-340\"><img loading=\"lazy\" decoding=\"async\" title=\"100_1248\" src=\"http:\/\/ciecgenval.files.wordpress.com\/2012\/07\/100_1248.jpg\" alt=\"\" width=\"604\" height=\"453\" \/><\/p>\n<p class=\"aligncenter size-full wp-image-340\"><em><strong>Mais ce passage est heureusement assez court et nous d\u00e9bouchons rapidement sur un espace plus ouvert.<\/strong><\/em><\/p>\n<p class=\"aligncenter size-full wp-image-340\"><img loading=\"lazy\" decoding=\"async\" class=\"aligncenter size-full wp-image-348\" title=\"100_1246\" src=\"http:\/\/ciecgenval.files.wordpress.com\/2012\/07\/100_1246.jpg\" alt=\"\" width=\"604\" height=\"453\" \/><\/p>\n<p class=\"aligncenter size-full wp-image-340\"><img loading=\"lazy\" decoding=\"async\" title=\"100_1250\" src=\"http:\/\/ciecgenval.files.wordpress.com\/2012\/07\/100_1250.jpg\" alt=\"\" width=\"604\" height=\"453\" \/><\/p>\n<p class=\"aligncenter size-full wp-image-340\"><img loading=\"lazy\" decoding=\"async\" class=\"aligncenter size-full wp-image-353\" title=\"100_1251\" src=\"http:\/\/ciecgenval.files.wordpress.com\/2012\/07\/100_1251.jpg\" alt=\"\" width=\"604\" height=\"453\" \/><\/p>\n<p class=\"aligncenter size-full wp-image-340\"><img loading=\"lazy\" decoding=\"async\" class=\"aligncenter size-full wp-image-354\" title=\"100_1252\" src=\"http:\/\/ciecgenval.files.wordpress.com\/2012\/07\/100_1252.jpg\" alt=\"\" width=\"604\" height=\"453\" \/><\/p>\n<p class=\"aligncenter size-full wp-image-340\"><em><strong>Tout notre petit monde est rassembl\u00e9, il est temps de reprendre notre marche<\/strong><\/em><\/p>\n<p><img loading=\"lazy\" decoding=\"async\" title=\"100_1253\" src=\"http:\/\/ciecgenval.files.wordpress.com\/2012\/07\/100_1253.jpg\" alt=\"\" width=\"604\" height=\"453\" \/><\/p>\n<p><em><strong>Nous voici \u00e0 nouveaux entre les champs avec, devant nous, la chapelle, peu visible entre les arbres&#8230;\u00a0 Il est temps de remettre les chiens en laisse.<\/strong><\/em><\/p>\n<p class=\"aligncenter size-full wp-image-340\"><img loading=\"lazy\" decoding=\"async\" class=\"aligncenter size-full wp-image-356\" title=\"100_1254\" src=\"http:\/\/ciecgenval.files.wordpress.com\/2012\/07\/100_1254.jpg\" alt=\"\" width=\"604\" height=\"453\" \/><\/p>\n<p class=\"aligncenter size-full wp-image-340\"><em><strong>Les premiers promeneurs arrivent \u00e0 la route<\/strong><\/em><\/p>\n<p class=\"aligncenter size-full wp-image-340\"><img loading=\"lazy\" decoding=\"async\" class=\"aligncenter size-full wp-image-357\" title=\"100_1255\" src=\"http:\/\/ciecgenval.files.wordpress.com\/2012\/07\/100_1255.jpg\" alt=\"\" width=\"604\" height=\"453\" \/><\/p>\n<p class=\"aligncenter size-full wp-image-340\"><img loading=\"lazy\" decoding=\"async\" class=\"aligncenter size-full wp-image-358\" title=\"100_1256\" src=\"http:\/\/ciecgenval.files.wordpress.com\/2012\/07\/100_1256.jpg\" alt=\"\" width=\"604\" height=\"453\" \/><\/p>\n<p class=\"aligncenter size-full wp-image-340\"><em><strong>La balade se termine&#8230; Un timing parfait !<\/strong><\/em><\/p>\n<p class=\"aligncenter size-full wp-image-340\"><em><strong>Merci \u00e0 Genevi\u00e8ve, qui nous a une nouvelle fois concoct\u00e9 une promenade agr\u00e9able et pleine de surprises&#8230;<\/strong><\/em><\/p>\n<p class=\"aligncenter size-full wp-image-340\">\n","protected":false},"excerpt":{"rendered":"<p>Peu de temps apr\u00e8s notre vir\u00e9e Caenoise, nous \u00e9tions \u00e0 nouveau en route, mais bien plus pr\u00e8s de notre base cette fois puisque Genevi\u00e8ve nous proposait une balade entre H\u00e8ze et Longueville, deux hameaux de l&rsquo;entit\u00e9 de Grez-Doiceau. Pour le rendez-vous de d\u00e9part, pas moyen de se tromper, c&rsquo;\u00e9tait \u00e0 c\u00f4t\u00e9 de la chapelle \u00e0 [&hellip;]<\/p>\n","protected":false},"author":1,"featured_media":0,"comment_status":"open","ping_status":"open","sticky":false,"template":"","format":"standard","meta":{"_et_pb_use_builder":"","_et_pb_old_content":"","_et_gb_content_width":"","footnotes":""},"categories":[14],"tags":[74,75,122,123,131,167],"class_list":["post-318","post","type-post","status-publish","format-standard","hentry","category-promenades","tag-chien","tag-ciec","tag-grez-doiceau","tag-heze","tag-longueville","tag-promenade-canine"],"_links":{"self":[{"href":"https:\/\/ciec.be\/blog\/index.php\/wp-json\/wp\/v2\/posts\/318","targetHints":{"allow":["GET"]}}],"collection":[{"href":"https:\/\/ciec.be\/blog\/index.php\/wp-json\/wp\/v2\/posts"}],"about":[{"href":"https:\/\/ciec.be\/blog\/index.php\/wp-json\/wp\/v2\/types\/post"}],"author":[{"embeddable":true,"href":"https:\/\/ciec.be\/blog\/index.php\/wp-json\/wp\/v2\/users\/1"}],"replies":[{"embeddable":true,"href":"https:\/\/ciec.be\/blog\/index.php\/wp-json\/wp\/v2\/comments?post=318"}],"version-history":[{"count":0,"href":"https:\/\/ciec.be\/blog\/index.php\/wp-json\/wp\/v2\/posts\/318\/revisions"}],"wp:attachment":[{"href":"https:\/\/ciec.be\/blog\/index.php\/wp-json\/wp\/v2\/media?parent=318"}],"wp:term":[{"taxonomy":"category","embeddable":true,"href":"https:\/\/ciec.be\/blog\/index.php\/wp-json\/wp\/v2\/categories?post=318"},{"taxonomy":"post_tag","embeddable":true,"href":"https:\/\/ciec.be\/blog\/index.php\/wp-json\/wp\/v2\/tags?post=318"}],"curies":[{"name":"wp","href":"https:\/\/api.w.org\/{rel}","templated":true}]}}