{"id":2244,"date":"2016-07-17T09:10:47","date_gmt":"2016-07-17T09:10:47","guid":{"rendered":"https:\/\/ciecgenval.wordpress.com\/?p=2244"},"modified":"2016-07-17T09:10:47","modified_gmt":"2016-07-17T09:10:47","slug":"37-37","status":"publish","type":"post","link":"https:\/\/ciec.be\/blog\/index.php\/2016\/07\/17\/37-37\/","title":{"rendered":"3\/7 = 37"},"content":{"rendered":"<p><em><strong>D\u00e9but des vacances d\u2019\u00e9t\u00e9\u2026et pas question de laisser tomber notre balade mensuelle, bien \u00e9videmment\u00a0!<br \/>\nCette fois, nous inaugurions un nouveau concept\u00a0: le magasin <a href=\"http:\/\/www.poilsetplumes.be\/franchise\/14-grez-doiceau\/?lang=nl\">Poils et Plumes<\/a> de Grez-Doiceau <img loading=\"lazy\" decoding=\"async\" class=\"aligncenter size-medium wp-image-2249\" src=\"https:\/\/ciecgenval.files.wordpress.com\/2016\/07\/dsc01831-800x600.jpg?w=300\" alt=\"DSC01831 [800x600]\" width=\"300\" height=\"225\" \/>nous invitait \u00e0 une promenade dans les environs, avec rassemblement sur le parking du magasin.<img loading=\"lazy\" decoding=\"async\" class=\"aligncenter size-medium wp-image-2245\" src=\"https:\/\/ciecgenval.files.wordpress.com\/2016\/07\/dsc01822-800x600.jpg?w=300\" alt=\"DSC01822 [800x600]\" width=\"300\" height=\"225\" \/><br \/>\n<img loading=\"lazy\" decoding=\"async\" class=\"aligncenter size-medium wp-image-2246\" src=\"https:\/\/ciecgenval.files.wordpress.com\/2016\/07\/dsc01825-800x600.jpg?w=300\" alt=\"DSC01825 [800x600]\" width=\"300\" height=\"225\" \/><br \/>\n<img loading=\"lazy\" decoding=\"async\" class=\"aligncenter size-medium wp-image-2247\" src=\"https:\/\/ciecgenval.files.wordpress.com\/2016\/07\/dsc01823-800x600.jpg?w=300\" alt=\"DSC01823 [800x600]\" width=\"300\" height=\"225\" \/>20 minutes avant le d\u00e9part, nous \u00e9tions d\u00e9j\u00e0 nombreux \u00e0 nous saluer, nos chiens faisant de m\u00eame, et \u00e0 bavarder de choses et d\u2019autres.<img loading=\"lazy\" decoding=\"async\" class=\"aligncenter size-medium wp-image-2250\" src=\"https:\/\/ciecgenval.files.wordpress.com\/2016\/07\/dsc01828-800x600.jpg?w=300\" alt=\"DSC01828 [800x600]\" width=\"300\" height=\"225\" \/>La responsable du magasin arriva bient\u00f4t avec des sachets de g\u00e2teries canines qui firent les d\u00e9lices de nos quatre pattes.<img loading=\"lazy\" decoding=\"async\" class=\"aligncenter size-medium wp-image-2248\" src=\"https:\/\/ciecgenval.files.wordpress.com\/2016\/07\/dsc01826-800x600.jpg?w=300\" alt=\"DSC01826 [800x600]\" width=\"300\" height=\"213\" \/>A 10h, l\u2019\u00e9quipe \u00e9tait au complet et nous d\u00e9marrions, sous la houlette de monsieur \u00ab\u00a0Plume\u00a0\u00bb.<br \/>\nLe passage d\u2019une chauss\u00e9e puis d\u2019une grand-route bien fr\u00e9quent\u00e9e nous amena dans un petit chemin o\u00f9 nos chiens furent lib\u00e9r\u00e9s et purent d\u00e9couvrir les lieux.<img loading=\"lazy\" decoding=\"async\" class=\"aligncenter size-medium wp-image-2251\" src=\"https:\/\/ciecgenval.files.wordpress.com\/2016\/07\/dsc01832-800x600.jpg?w=300\" alt=\"DSC01832 [800x600]\" width=\"300\" height=\"225\" \/>C\u00f4t\u00e9 m\u00e9t\u00e9o, m\u00eame si de sombres nuages traversaient le ciel, emp\u00eachant le soleil de se montrer, il faisait sec, c\u2019\u00e9tait le principal.<br \/>\nApr\u00e8s un passage entre haie et mur, nous d\u00e9bouch\u00e2mes sur une petite rue menant au cimeti\u00e8re et aux champs.<img loading=\"lazy\" decoding=\"async\" class=\"aligncenter size-medium wp-image-2252\" src=\"https:\/\/ciecgenval.files.wordpress.com\/2016\/07\/dsc01833-800x600.jpg?w=300\" alt=\"DSC01833 [800x600]\" width=\"300\" height=\"204\" \/>Les traces des orages pass\u00e9s \u00e9taient encore bien visibles sous forme de tra\u00een\u00e9es de boue et de gravats.<br \/>\nPlus loin, au bout d\u2019une ruelle, les champs firent leur apparition, nous chemin\u00e2mes donc, \u00e0 la queue leu leu, dans un sentier particuli\u00e8rement humide mais praticable.<img loading=\"lazy\" decoding=\"async\" class=\"aligncenter size-medium wp-image-2253\" src=\"https:\/\/ciecgenval.files.wordpress.com\/2016\/07\/dsc01836-800x600.jpg?w=300\" alt=\"DSC01836 [800x600]\" width=\"300\" height=\"225\" \/> Tout \u00e0 coup, de bruits sourds et r\u00e9guliers se firent entendre\u2026 c\u2019\u00e9taient les coups de canon tir\u00e9s \u00e0 Wavre, ville situ\u00e9e \u00e0 quelques km, et qui comm\u00e9morait la bataille du m\u00eame nom, v\u00e9cue il y a 2 si\u00e8cles, \u00e0 l\u2019\u00e9poque de Napol\u00e9on.\u00a0 Si certains chiens ne remarqu\u00e8rent rien, d\u2019autres s\u2019inqui\u00e9t\u00e8rent et il fallut les remettre en laisse pour qu\u2019ils ne fuient pas sous l\u2019effet de la panique.<br \/>\nUn peu plus loin, nous nous arr\u00eat\u00e2mes pour la photo de groupe.\u00a0 C\u2019\u00e9tait l\u2019occasion de faire le compte des chiens, ils n\u2019\u00e9taient pas moins de 37\u00a0!\u00a0 Quant aux ma\u00eetres, je n&rsquo;en ai pas fait le compte mais ils \u00e9taient presque aussi nombreux.<img loading=\"lazy\" decoding=\"async\" class=\"aligncenter size-medium wp-image-2254\" src=\"https:\/\/ciecgenval.files.wordpress.com\/2016\/07\/dsc01838-800x600.jpg?w=300\" alt=\"DSC01838 [800x600]\" width=\"300\" height=\"225\" \/><br \/>\n<img loading=\"lazy\" decoding=\"async\" class=\"aligncenter size-medium wp-image-2255\" src=\"https:\/\/ciecgenval.files.wordpress.com\/2016\/07\/dsc01837-800x600.jpg?w=300\" alt=\"DSC01837 [800x600]\" width=\"300\" height=\"225\" \/>A cet endroit, nous avions le choix de poursuivre, avec la perspective d\u2019un trajet tr\u00e8s boueux, glissant et prenant plus d\u2019une heure, ou de revenir sur nos pas.<br \/>\nNous opt\u00e2mes pour la seconde solution et f\u00eemes donc demi-tour.<img loading=\"lazy\" decoding=\"async\" class=\"aligncenter size-medium wp-image-2256\" src=\"https:\/\/ciecgenval.files.wordpress.com\/2016\/07\/dsc01840-800x600.jpg?w=300\" alt=\"DSC01840 [800x600]\" width=\"300\" height=\"225\" \/>Un gros quart d\u2019heure plus tard, Bernard, ma\u00eetre de Nala, remonta le groupe en appelant sa chienne et en demandant si quelqu\u2019un l\u2019avait vue\u2026 mais nous \u00e9tions trop nombreux et dispers\u00e9s, attentif chacun \u00e0 son ou ses chiens, pour l\u2019avoir rep\u00e9r\u00e9e\u2026<br \/>\nSes appels restant vains, nous nous arr\u00eat\u00e2mes pour faire un topo de la situation.<br \/>\nSelon moi, la chienne, n\u2019ayant plus de rep\u00e8re direct avec son ma\u00eetre, avait remont\u00e9 la piste odorante que nous avions laiss\u00e9e et \u00e9tait retourn\u00e9e d&rsquo;une traite jusqu&rsquo;\u00e0 la voiture\u2026 mais comment en \u00eatre s\u00fbr\u00a0?<br \/>\nLe ma\u00eetre resta donc en arri\u00e8re tandis que nous continuions notre cheminement.<br \/>\nBient\u00f4t, les chiens furent remis en laisse pour le retour en rue et la travers\u00e9e des deux chauss\u00e9es.<img loading=\"lazy\" decoding=\"async\" class=\"aligncenter size-medium wp-image-2257\" src=\"https:\/\/ciecgenval.files.wordpress.com\/2016\/07\/dsc01842-800x600.jpg?w=300\" alt=\"DSC01842 [800x600]\" width=\"300\" height=\"225\" \/>Quelques minutes plus tard, nous arrivions sur le parking o\u00f9 Nala attendait, <img loading=\"lazy\" decoding=\"async\" class=\"aligncenter size-medium wp-image-2258\" src=\"https:\/\/ciecgenval.files.wordpress.com\/2016\/07\/dsc01841-800x600.jpg?w=300\" alt=\"DSC01841 [800x600]\" width=\"300\" height=\"227\" \/>un peu inqui\u00e8te, pr\u00e8s de la voiture de son ma\u00eetre.<br \/>\nPendant que la fugueuse \u00e9tait mise en laisse, un coup de fil rassura imm\u00e9diatement Bernard sur la situation et l\u2019heureuse fin de la m\u00e9saventure.<br \/>\nEnsuite, ce furent les retrouvailles entre les deux, et vous imaginez qu\u2019elles furent pleines d\u2019\u00e9motion.<br \/>\nNos h\u00f4tes du jour avaient pr\u00e9vu une boisson pour les ma\u00eetres et de l\u2019eau fra\u00eeche pour les chiens\u2026<img loading=\"lazy\" decoding=\"async\" class=\"aligncenter size-medium wp-image-2259\" src=\"https:\/\/ciecgenval.files.wordpress.com\/2016\/07\/dsc01848-800x600.jpg?w=300\" alt=\"DSC01848 [800x600]\" width=\"300\" height=\"225\" \/><br \/>\n<img loading=\"lazy\" decoding=\"async\" class=\"aligncenter size-medium wp-image-2260\" src=\"https:\/\/ciecgenval.files.wordpress.com\/2016\/07\/dsc01844-800x600.jpg?w=300\" alt=\"DSC01844 [800x600]\" width=\"300\" height=\"225\" \/> Puis nous visit\u00e2mes le magasin, certains en profitant m\u00eame pour effectuer un achat ou l\u2019autre.<br \/>\nPendant que certains chiens \u00e9taient rinc\u00e9s, nous part\u00eemes, les uns apr\u00e8s les autres, <img loading=\"lazy\" decoding=\"async\" class=\"aligncenter size-medium wp-image-2261\" src=\"https:\/\/ciecgenval.files.wordpress.com\/2016\/07\/dsc01845-800x600.jpg?w=300\" alt=\"DSC01845 [800x600]\" width=\"300\" height=\"225\" \/><br \/>\n<img loading=\"lazy\" decoding=\"async\" class=\"aligncenter size-medium wp-image-2262\" src=\"https:\/\/ciecgenval.files.wordpress.com\/2016\/07\/dsc01843-800x600.jpg?w=300\" alt=\"DSC01843 [800x600]\" width=\"300\" height=\"225\" \/>qui vers une autre activit\u00e9 qui vers sa maison\u2026 <img loading=\"lazy\" decoding=\"async\" class=\"aligncenter size-medium wp-image-2263\" src=\"https:\/\/ciecgenval.files.wordpress.com\/2016\/07\/dsc01847-800x600.jpg?w=300\" alt=\"DSC01847 [800x600]\" width=\"300\" height=\"218\" \/>non sans qu\u2019un \u00ab\u00a0dernier carr\u00e9\u00a0\u00bb constitu\u00e9 de 5 ma\u00eetres et 9 chiens ne d\u00e9cide d\u2019aller manger ensemble dans un restaurant proche, o\u00f9 une v\u00e9randa fut mise exceptionnellement \u00e0 notre disposition pour l\u2019occasion.<\/strong><\/em><\/p>\n","protected":false},"excerpt":{"rendered":"<p>D\u00e9but des vacances d\u2019\u00e9t\u00e9\u2026et pas question de laisser tomber notre balade mensuelle, bien \u00e9videmment\u00a0! Cette fois, nous inaugurions un nouveau concept\u00a0: le magasin Poils et Plumes de Grez-Doiceau nous invitait \u00e0 une promenade dans les environs, avec rassemblement sur le parking du magasin. 20 minutes avant le d\u00e9part, nous \u00e9tions d\u00e9j\u00e0 nombreux \u00e0 nous saluer, [&hellip;]<\/p>\n","protected":false},"author":1,"featured_media":0,"comment_status":"open","ping_status":"open","sticky":false,"template":"","format":"standard","meta":{"_et_pb_use_builder":"","_et_pb_old_content":"","_et_gb_content_width":"","footnotes":""},"categories":[14],"tags":[],"class_list":["post-2244","post","type-post","status-publish","format-standard","hentry","category-promenades"],"_links":{"self":[{"href":"https:\/\/ciec.be\/blog\/index.php\/wp-json\/wp\/v2\/posts\/2244","targetHints":{"allow":["GET"]}}],"collection":[{"href":"https:\/\/ciec.be\/blog\/index.php\/wp-json\/wp\/v2\/posts"}],"about":[{"href":"https:\/\/ciec.be\/blog\/index.php\/wp-json\/wp\/v2\/types\/post"}],"author":[{"embeddable":true,"href":"https:\/\/ciec.be\/blog\/index.php\/wp-json\/wp\/v2\/users\/1"}],"replies":[{"embeddable":true,"href":"https:\/\/ciec.be\/blog\/index.php\/wp-json\/wp\/v2\/comments?post=2244"}],"version-history":[{"count":0,"href":"https:\/\/ciec.be\/blog\/index.php\/wp-json\/wp\/v2\/posts\/2244\/revisions"}],"wp:attachment":[{"href":"https:\/\/ciec.be\/blog\/index.php\/wp-json\/wp\/v2\/media?parent=2244"}],"wp:term":[{"taxonomy":"category","embeddable":true,"href":"https:\/\/ciec.be\/blog\/index.php\/wp-json\/wp\/v2\/categories?post=2244"},{"taxonomy":"post_tag","embeddable":true,"href":"https:\/\/ciec.be\/blog\/index.php\/wp-json\/wp\/v2\/tags?post=2244"}],"curies":[{"name":"wp","href":"https:\/\/api.w.org\/{rel}","templated":true}]}}