{"id":220,"date":"2012-07-22T13:52:59","date_gmt":"2012-07-22T13:52:59","guid":{"rendered":"http:\/\/ciecgenval.wordpress.com\/?p=220"},"modified":"2012-07-22T13:52:59","modified_gmt":"2012-07-22T13:52:59","slug":"16-juillet-traversee-de-la-baie-du-mont-saint-michel","status":"publish","type":"post","link":"https:\/\/ciec.be\/blog\/index.php\/2012\/07\/22\/16-juillet-traversee-de-la-baie-du-mont-saint-michel\/","title":{"rendered":"16 juillet &#8211; Travers\u00e9e de la baie du Mont Saint Michel"},"content":{"rendered":"<p><em><strong>Parmi les traditions, le week-end en Normandie s&rsquo;est bien install\u00e9 et, cette ann\u00e9e, nous \u00e9tions 10 \u00e0 y participer !<\/strong><\/em><\/p>\n<p><em><strong>Nous avions d\u00e9cid\u00e9 de partir \u00e0 notre aise, le samedi matin, afin de ralier Caen en milieu d&rsquo;apr\u00e8s-midi.<\/strong><\/em><\/p>\n<p><em><strong>Le trajet ne fut pas exceptionnel, avec son lot de bouchons aux p\u00e9ages, de pluie parfois drue et de file aux toilettes des aires de parking&#8230; Incontestablement, nous d\u00e9marrions un week-end exceptionnel !!<\/strong><\/em><\/p>\n<p><em><strong>Seul moment \u00ab\u00a0fort\u00a0\u00bb, le passage du pont de Tancarville, conseill\u00e9 vu l&rsquo;encombrement de celui de Normandie en ce samedi de f\u00eate.<\/strong><\/em><\/p>\n<p><img loading=\"lazy\" decoding=\"async\" class=\"aligncenter size-full wp-image-305\" title=\"DSC03492\" src=\"http:\/\/ciecgenval.files.wordpress.com\/2012\/07\/dsc03492.jpg\" alt=\"\" width=\"604\" height=\"453\" srcset=\"https:\/\/ciec.be\/blog\/wp-content\/uploads\/2012\/07\/dsc03492.jpg 640w, https:\/\/ciec.be\/blog\/wp-content\/uploads\/2012\/07\/dsc03492-300x225.jpg 300w\" sizes=\"auto, (max-width: 604px) 100vw, 604px\" \/><\/p>\n<p><img loading=\"lazy\" decoding=\"async\" class=\"aligncenter size-full wp-image-306\" title=\"DSC03495\" src=\"http:\/\/ciecgenval.files.wordpress.com\/2012\/07\/dsc03495.jpg\" alt=\"\" width=\"604\" height=\"453\" srcset=\"https:\/\/ciec.be\/blog\/wp-content\/uploads\/2012\/07\/dsc03495.jpg 640w, https:\/\/ciec.be\/blog\/wp-content\/uploads\/2012\/07\/dsc03495-300x225.jpg 300w\" sizes=\"auto, (max-width: 604px) 100vw, 604px\" \/><\/p>\n<p><img loading=\"lazy\" decoding=\"async\" class=\"aligncenter size-full wp-image-307\" title=\"DSC03498\" src=\"http:\/\/ciecgenval.files.wordpress.com\/2012\/07\/dsc03498.jpg\" alt=\"\" width=\"604\" height=\"453\" srcset=\"https:\/\/ciec.be\/blog\/wp-content\/uploads\/2012\/07\/dsc03498.jpg 640w, https:\/\/ciec.be\/blog\/wp-content\/uploads\/2012\/07\/dsc03498-300x225.jpg 300w\" sizes=\"auto, (max-width: 604px) 100vw, 604px\" \/><\/p>\n<p><em><strong>Arriv\u00e9s \u00e0 l&rsquo;h\u00f4tel, nous nous install\u00e2mes et retrouv\u00e2mes Sylviane et Jean-Luc, arriv\u00e9s la veille.<\/strong><\/em><\/p>\n<p><em><strong>Ensuite, il fallait amener la remorque jusqu&rsquo;au parking du D\u00e9cathlon, lieu o\u00f9 aurait lieu notre comp\u00e9tition de flyball, d\u00e8s le lendemain.\u00a0 Vous pouvez lire le r\u00e9cit de celle-ci sur le blog du flyball <a title=\"flyball\" href=\"http:\/\/flyballbelge.wordpress.com\/\">http:\/\/flyballbelge.wordpress.com\/<\/a><\/strong><\/em><\/p>\n<p><em><strong>Le lundi, de grand matin, nous d\u00e9marrions de Caen vers Gen\u00eats, la plage d&rsquo;o\u00f9 nous allions d\u00e9marrer pour traverser la baie vers le Mont Saint Michel.<\/strong><\/em><\/p>\n<p><img loading=\"lazy\" decoding=\"async\" class=\"aligncenter size-full wp-image-308\" title=\"20120716_170038\" src=\"http:\/\/ciecgenval.files.wordpress.com\/2012\/07\/20120716_170038.jpg\" alt=\"\" width=\"604\" height=\"453\" \/><\/p>\n<p><em><strong>Nous avions opt\u00e9 pour du covoiturage&#8230; Les chiens dans ma voiture, les ma\u00eetres dans celle de Jean-Luc&#8230;<\/strong><\/em><\/p>\n<p><img loading=\"lazy\" decoding=\"async\" class=\"aligncenter size-full wp-image-221\" title=\"100_1163\" src=\"http:\/\/ciecgenval.files.wordpress.com\/2012\/07\/100_1163.jpg\" alt=\"\" width=\"604\" height=\"453\" \/><\/p>\n<p><em><strong>Premi\u00e8re \u00e9tape, le rassemblement en attendant que notre guide nous rejoigne.<\/strong><\/em><\/p>\n<p><img loading=\"lazy\" decoding=\"async\" class=\"aligncenter size-full wp-image-222\" title=\"100_1165\" src=\"http:\/\/ciecgenval.files.wordpress.com\/2012\/07\/100_1165.jpg\" alt=\"\" width=\"604\" height=\"453\" \/><\/p>\n<p><em><strong>Mich\u00e8le profite de l&rsquo;attente pour tester le sac \u00e0 dos sp\u00e9cial de Sylviane&#8230;<\/strong><\/em><\/p>\n<p><img loading=\"lazy\" decoding=\"async\" class=\"aligncenter size-full wp-image-223\" title=\"100_1166\" src=\"http:\/\/ciecgenval.files.wordpress.com\/2012\/07\/100_1166.jpg\" alt=\"\" width=\"604\" height=\"453\" \/><\/p>\n<p><em><strong>Gem appr\u00e9cie moyennement&#8230; Elle pr\u00e9f\u00e8re le plancher des vaches !<\/strong><\/em><\/p>\n<p><em><strong>Notre groupe est au complet, la guide nous a rejoint (elle nous avoue tout de go ne pas aimer les chiens !!! Elle est servie, nous en avons plus de vingt&#8230;).<\/strong><\/em><\/p>\n<p><em><strong>Nous prenons le sentier qui m\u00e8ne \u00e0 la plage et bient\u00f4t, devant nous&#8230;<\/strong><\/em><\/p>\n<p><img loading=\"lazy\" decoding=\"async\" class=\"aligncenter size-full wp-image-224\" title=\"100_1167\" src=\"http:\/\/ciecgenval.files.wordpress.com\/2012\/07\/100_1167.jpg\" alt=\"\" width=\"604\" height=\"453\" \/><\/p>\n<p><em><strong>C&rsquo;est le moment d&rsquo;enlever ses souliers et de d\u00e9marrer notre trajet aller, il durera 2 heures et demie.<\/strong><\/em><\/p>\n<p><img loading=\"lazy\" decoding=\"async\" class=\"aligncenter size-full wp-image-225\" title=\"100_1168\" src=\"http:\/\/ciecgenval.files.wordpress.com\/2012\/07\/100_1168.jpg\" alt=\"\" width=\"604\" height=\"453\" \/><\/p>\n<p><img loading=\"lazy\" decoding=\"async\" class=\"aligncenter size-full wp-image-226\" title=\"100_1169\" src=\"http:\/\/ciecgenval.files.wordpress.com\/2012\/07\/100_1169.jpg\" alt=\"\" width=\"604\" height=\"453\" \/><\/p>\n<p><em><strong>La veste est de rigueur car le vent rafra\u00eechit la temp\u00e9rature&#8230; Heureusement, nous avons un jour de grand soleil !<\/strong><\/em><\/p>\n<p><img loading=\"lazy\" decoding=\"async\" class=\"aligncenter size-full wp-image-227\" title=\"IMG_4653\" src=\"http:\/\/ciecgenval.files.wordpress.com\/2012\/07\/img_4653.jpg\" alt=\"\" width=\"604\" height=\"453\" \/><br \/>\n<em><strong>Nous ne sommes pas seuls \u00e0 d\u00e9marrer, aussi, tant que les groupes sont proches, nous tenons nos chiens en laisse&#8230; Pas question de g\u00eaner l&rsquo;un ou l&rsquo;autre.<\/strong><\/em><\/p>\n<p><img loading=\"lazy\" decoding=\"async\" class=\"aligncenter size-full wp-image-228\" title=\"IMG_4654\" src=\"http:\/\/ciecgenval.files.wordpress.com\/2012\/07\/img_4654.jpg\" alt=\"\" width=\"604\" height=\"453\" \/><\/p>\n<p><em><strong>Bient\u00f4t, notre guide donne le signal, les chiens peuvent \u00eatre lib\u00e9r\u00e9s&#8230;<\/strong><\/em><\/p>\n<p><img loading=\"lazy\" decoding=\"async\" class=\"aligncenter size-full wp-image-229\" title=\"IMG_4656\" src=\"http:\/\/ciecgenval.files.wordpress.com\/2012\/07\/img_4656.jpg\" alt=\"\" width=\"604\" height=\"453\" \/><\/p>\n<p><em><strong>Un petit galop d&rsquo;essai, question de se d\u00e9fouler&#8230;<\/strong><\/em><\/p>\n<p><img loading=\"lazy\" decoding=\"async\" class=\"aligncenter size-full wp-image-231\" title=\"DSC03517\" src=\"http:\/\/ciecgenval.files.wordpress.com\/2012\/07\/dsc03517.jpg\" alt=\"\" width=\"604\" height=\"453\" srcset=\"https:\/\/ciec.be\/blog\/wp-content\/uploads\/2012\/07\/dsc03517.jpg 640w, https:\/\/ciec.be\/blog\/wp-content\/uploads\/2012\/07\/dsc03517-300x225.jpg 300w\" sizes=\"auto, (max-width: 604px) 100vw, 604px\" \/><\/p>\n<p><img loading=\"lazy\" decoding=\"async\" class=\"aligncenter size-full wp-image-230\" title=\"100_1171\" src=\"http:\/\/ciecgenval.files.wordpress.com\/2012\/07\/100_1171.jpg\" alt=\"\" width=\"604\" height=\"453\" \/><\/p>\n<p><em><strong>Mais c&rsquo;est un premier plongeon dans un bras de ruisseau qui ravit les chiens&#8230; s&rsquo;ensuivent des jeux qui \u00e9claboussent autant les chiens que les ma\u00eetres passant \u00e0 proximit\u00e9.<\/strong><\/em><\/p>\n<p><em><strong>Notre progression vers le Mont se passe au travers de diff\u00e9rents sols : du sable plus ou moins humide en fonction du fait qu&rsquo;il a ou non \u00e9t\u00e9 mouill\u00e9 par la mar\u00e9e haute qui a eu lieu cette nuit<\/strong><\/em><\/p>\n<p><img loading=\"lazy\" decoding=\"async\" class=\"aligncenter size-full wp-image-232\" title=\"DSC03522\" src=\"http:\/\/ciecgenval.files.wordpress.com\/2012\/07\/dsc03522.jpg\" alt=\"\" width=\"604\" height=\"453\" srcset=\"https:\/\/ciec.be\/blog\/wp-content\/uploads\/2012\/07\/dsc03522.jpg 640w, https:\/\/ciec.be\/blog\/wp-content\/uploads\/2012\/07\/dsc03522-300x225.jpg 300w\" sizes=\"auto, (max-width: 604px) 100vw, 604px\" \/><\/p>\n<p><em><strong>De la boue grasse, m\u00e9lange d&rsquo;argile, de sable et de coquillages concass\u00e9s<\/strong><\/em><\/p>\n<p><img loading=\"lazy\" decoding=\"async\" class=\"aligncenter size-full wp-image-233\" title=\"IMG_4683\" src=\"http:\/\/ciecgenval.files.wordpress.com\/2012\/07\/img_4683.jpg\" alt=\"\" width=\"604\" height=\"453\" \/><\/p>\n<p><img loading=\"lazy\" decoding=\"async\" class=\"aligncenter size-full wp-image-234\" title=\"DSC03529\" src=\"http:\/\/ciecgenval.files.wordpress.com\/2012\/07\/dsc03529.jpg\" alt=\"\" width=\"604\" height=\"453\" srcset=\"https:\/\/ciec.be\/blog\/wp-content\/uploads\/2012\/07\/dsc03529.jpg 640w, https:\/\/ciec.be\/blog\/wp-content\/uploads\/2012\/07\/dsc03529-300x225.jpg 300w\" sizes=\"auto, (max-width: 604px) 100vw, 604px\" \/><\/p>\n<p><em><strong>Dans ce cas, il faut marcher prudemment en effet cela s&rsquo;enfonce et cela glisse aussi&#8230;<\/strong><\/em><\/p>\n<p><em><strong>Et puis, il y a les bras de la rivi\u00e8re, le Couesnon, qui varient \u00e0 chaque mar\u00e9e et qu&rsquo;il faut traverser avec prudence en effet comme un nouveau barrage a \u00e9t\u00e9 construit il y a peu, un nouveau syst\u00e8me de retenue se pr\u00e9sente : lorsque la mar\u00e9e monte, l&rsquo;eau entre dans le ruisseau et y est bloqu\u00e9e par des vannes.<\/strong><\/em><\/p>\n<p><em><strong>Lorsque la mar\u00e9e est basse, les eaux sont lib\u00e9r\u00e9es et se dirigent avec force vers la mer&#8230; entra\u00eenant le sable et les s\u00e9diments sur leur passage.<\/strong><\/em><\/p>\n<p><em><strong>dans le lit des diff\u00e9rents bras du Couenon, le courant est plus ou moins fort et l&rsquo;eau peut atteindre une hauteur si pas \u00e9norme, suffisante cependant pour monter jusqu&rsquo;en haut des cuisses.<\/strong><\/em><\/p>\n<p><img loading=\"lazy\" decoding=\"async\" class=\"aligncenter size-full wp-image-244\" title=\"IMG_4684\" src=\"http:\/\/ciecgenval.files.wordpress.com\/2012\/07\/img_4684.jpg\" alt=\"\" width=\"604\" height=\"453\" \/><\/p>\n<p><em><strong>Ici, aucun probl\u00e8me, l&rsquo;eau ne mouille que les mollets et les pattes des chiens&#8230;<\/strong><\/em><\/p>\n<p><img loading=\"lazy\" decoding=\"async\" class=\"aligncenter size-full wp-image-245\" title=\"IMG_4692\" src=\"http:\/\/ciecgenval.files.wordpress.com\/2012\/07\/img_4692.jpg\" alt=\"\" width=\"604\" height=\"453\" \/><\/p>\n<p><em><strong>Cette fois, le sol est marqu\u00e9 d&rsquo;une multitude de stries laiss\u00e9es par la mer&#8230; un sol d\u00e9sagr\u00e9able aux pieds&#8230; Nous passons \u00e0 hauteur du rocher de Tombelaine, une r\u00e9serve ornithologique.<\/strong><\/em><\/p>\n<p><img loading=\"lazy\" decoding=\"async\" class=\"aligncenter size-full wp-image-247\" title=\"IMG_4699\" src=\"http:\/\/ciecgenval.files.wordpress.com\/2012\/07\/img_4699.jpg\" alt=\"\" width=\"604\" height=\"453\" \/><\/p>\n<p><img loading=\"lazy\" decoding=\"async\" class=\"aligncenter size-full wp-image-248\" title=\"IMG_4702\" src=\"http:\/\/ciecgenval.files.wordpress.com\/2012\/07\/img_4702.jpg\" alt=\"\" width=\"604\" height=\"453\" \/><\/p>\n<p><em><strong>Nous profitons du sol sec pour nous rassembler et faire l&rsquo;indispensable photo de groupe avant de continuer notre chemin.<\/strong><\/em><\/p>\n<p><em><strong>Mais cette fois, nous passons aux choses s\u00e9rieuses&#8230; Le bras d&rsquo;eau que nous abordons est nettement plus profond et dangereux que les pr\u00e9c\u00e9dents&#8230;<\/strong><\/em><\/p>\n<p><img loading=\"lazy\" decoding=\"async\" class=\"aligncenter size-full wp-image-249\" title=\"IMG_4725\" src=\"http:\/\/ciecgenval.files.wordpress.com\/2012\/07\/img_4725.jpg\" alt=\"\" width=\"604\" height=\"453\" \/><\/p>\n<p><em><strong>Notre guide prend les devants&#8230;<\/strong><\/em><\/p>\n<p><img loading=\"lazy\" decoding=\"async\" class=\"aligncenter size-full wp-image-235\" title=\"DSC03554\" src=\"http:\/\/ciecgenval.files.wordpress.com\/2012\/07\/dsc03554.jpg\" alt=\"\" width=\"604\" height=\"453\" srcset=\"https:\/\/ciec.be\/blog\/wp-content\/uploads\/2012\/07\/dsc03554.jpg 640w, https:\/\/ciec.be\/blog\/wp-content\/uploads\/2012\/07\/dsc03554-300x225.jpg 300w\" sizes=\"auto, (max-width: 604px) 100vw, 604px\" \/><\/p>\n<p><em><strong>A gauche de la base du Mont, notre guide, en veste orange&#8230; Elle teste le sable du fond et la hauteur de l&rsquo;eau avant de nous autoriser \u00e0 passer&#8230;<\/strong><\/em><\/p>\n<p><img loading=\"lazy\" decoding=\"async\" class=\"aligncenter size-full wp-image-250\" title=\"IMG_4743\" src=\"http:\/\/ciecgenval.files.wordpress.com\/2012\/07\/img_4743.jpg\" alt=\"\" width=\"604\" height=\"453\" \/><\/p>\n<p><em><strong>Sur le signal de la guide, nous d\u00e9marrons, en ligne pour que les derniers ne s&rsquo;enfoncent pas dans les sables mouvants<\/strong><\/em><\/p>\n<p><img loading=\"lazy\" decoding=\"async\" class=\"aligncenter size-full wp-image-251\" title=\"IMG_4744\" src=\"http:\/\/ciecgenval.files.wordpress.com\/2012\/07\/img_4744.jpg\" alt=\"\" width=\"604\" height=\"453\" \/><\/p>\n<p><img loading=\"lazy\" decoding=\"async\" class=\"aligncenter size-full wp-image-239\" title=\"DSC03560\" src=\"http:\/\/ciecgenval.files.wordpress.com\/2012\/07\/dsc03560.jpg\" alt=\"\" width=\"604\" height=\"453\" srcset=\"https:\/\/ciec.be\/blog\/wp-content\/uploads\/2012\/07\/dsc03560.jpg 640w, https:\/\/ciec.be\/blog\/wp-content\/uploads\/2012\/07\/dsc03560-300x225.jpg 300w\" sizes=\"auto, (max-width: 604px) 100vw, 604px\" \/><\/p>\n<p><img loading=\"lazy\" decoding=\"async\" class=\"aligncenter size-full wp-image-252\" title=\"IMG_4745\" src=\"http:\/\/ciecgenval.files.wordpress.com\/2012\/07\/img_4745.jpg\" alt=\"\" width=\"604\" height=\"453\" \/><\/p>\n<p><img loading=\"lazy\" decoding=\"async\" class=\"aligncenter  wp-image-241\" title=\"DSC03565\" src=\"http:\/\/ciecgenval.files.wordpress.com\/2012\/07\/dsc03565.jpg\" alt=\"\" width=\"604\" height=\"453\" srcset=\"https:\/\/ciec.be\/blog\/wp-content\/uploads\/2012\/07\/dsc03565.jpg 640w, https:\/\/ciec.be\/blog\/wp-content\/uploads\/2012\/07\/dsc03565-300x225.jpg 300w\" sizes=\"auto, (max-width: 604px) 100vw, 604px\" \/><\/p>\n<p><em><strong>Les chiens n&rsquo;ont plus pied, ils nagent pr\u00e8s de leur ma\u00eetre, tenus en laisse pour \u00e9viter qu&rsquo;ils ne soient emport\u00e9s par le courant, tr\u00e8s fort \u00e0 cet endroit, et contre lequel il faut lutter \u00e0 chaque pas.<\/strong><\/em><\/p>\n<p><img loading=\"lazy\" decoding=\"async\" class=\"aligncenter size-full wp-image-253\" title=\"IMG_4750\" src=\"http:\/\/ciecgenval.files.wordpress.com\/2012\/07\/img_4750.jpg\" alt=\"\" width=\"604\" height=\"453\" \/><\/p>\n<p><em><strong>Les premiers engag\u00e9s reprennent pied tandis que derri\u00e8re eux, les chiens doivent encore nager quelques m\u00e8tres avant de toucher le fond.\u00a0 Le passage le plus d\u00e9licat est \u00e0 pr\u00e9sent derri\u00e8re nous !<\/strong><\/em><\/p>\n<p><img loading=\"lazy\" decoding=\"async\" class=\"aligncenter size-full wp-image-242\" title=\"DSC03566\" src=\"http:\/\/ciecgenval.files.wordpress.com\/2012\/07\/dsc03566.jpg\" alt=\"\" width=\"604\" height=\"453\" srcset=\"https:\/\/ciec.be\/blog\/wp-content\/uploads\/2012\/07\/dsc03566.jpg 640w, https:\/\/ciec.be\/blog\/wp-content\/uploads\/2012\/07\/dsc03566-300x225.jpg 300w\" sizes=\"auto, (max-width: 604px) 100vw, 604px\" \/><\/p>\n<p><em><strong>Plus loin, la guide nous explique le principe des sables mouvants, Jacky traduit.<\/strong><\/em><\/p>\n<p><img loading=\"lazy\" decoding=\"async\" class=\"aligncenter size-full wp-image-243\" title=\"DSC03572\" src=\"http:\/\/ciecgenval.files.wordpress.com\/2012\/07\/dsc03572.jpg\" alt=\"\" width=\"604\" height=\"453\" srcset=\"https:\/\/ciec.be\/blog\/wp-content\/uploads\/2012\/07\/dsc03572.jpg 640w, https:\/\/ciec.be\/blog\/wp-content\/uploads\/2012\/07\/dsc03572-300x225.jpg 300w\" sizes=\"auto, (max-width: 604px) 100vw, 604px\" \/><\/p>\n<p><em><strong>Le mont para\u00eet tr\u00e8s \u00e9loign\u00e9, pourtant, il est \u00e0 peine \u00e0 10 minutes de marche&#8230;<\/strong><\/em><img loading=\"lazy\" decoding=\"async\" class=\"aligncenter size-full wp-image-238\" title=\"DSC03579\" src=\"http:\/\/ciecgenval.files.wordpress.com\/2012\/07\/dsc03579.jpg\" alt=\"\" width=\"604\" height=\"453\" srcset=\"https:\/\/ciec.be\/blog\/wp-content\/uploads\/2012\/07\/dsc03579.jpg 640w, https:\/\/ciec.be\/blog\/wp-content\/uploads\/2012\/07\/dsc03579-300x225.jpg 300w\" sizes=\"auto, (max-width: 604px) 100vw, 604px\" \/><em><strong>Nous arrivons au Mont, il est temps de remettre les chiens en laisse&#8230;\u00a0 La halte sera bienvenue pour se d\u00e9salt\u00e9rer, manger un petit quelque chose et reposer nos pieds fatigu\u00e9s.<\/strong><\/em><\/p>\n<p><img loading=\"lazy\" decoding=\"async\" class=\"aligncenter size-full wp-image-255\" title=\"100_1174\" src=\"http:\/\/ciecgenval.files.wordpress.com\/2012\/07\/100_1174.jpg\" alt=\"\" width=\"604\" height=\"453\" \/><\/p>\n<p><img loading=\"lazy\" decoding=\"async\" class=\"aligncenter size-full wp-image-256\" title=\"100_1175\" src=\"http:\/\/ciecgenval.files.wordpress.com\/2012\/07\/100_1175.jpg\" alt=\"\" width=\"604\" height=\"453\" \/><\/p>\n<p><img loading=\"lazy\" decoding=\"async\" class=\"aligncenter size-full wp-image-258\" title=\"20120716_124214\" src=\"http:\/\/ciecgenval.files.wordpress.com\/2012\/07\/20120716_124214.jpg\" alt=\"\" width=\"604\" height=\"453\" \/><\/p>\n<p><img loading=\"lazy\" decoding=\"async\" class=\"aligncenter size-full wp-image-259\" title=\"20120716_124126\" src=\"http:\/\/ciecgenval.files.wordpress.com\/2012\/07\/20120716_124126.jpg\" alt=\"\" width=\"604\" height=\"453\" \/><\/p>\n<p><img loading=\"lazy\" decoding=\"async\" class=\"aligncenter size-full wp-image-257\" title=\"20120716_124158\" src=\"http:\/\/ciecgenval.files.wordpress.com\/2012\/07\/20120716_124158.jpg\" alt=\"\" width=\"604\" height=\"453\" \/><\/p>\n<p><em><strong>Ensuite, une petite incursion dans les ruelles, les escaliers et les terrasses du Mont&#8230;<\/strong><\/em><\/p>\n<p><img loading=\"lazy\" decoding=\"async\" class=\"aligncenter size-full wp-image-260\" title=\"DSC03580\" src=\"http:\/\/ciecgenval.files.wordpress.com\/2012\/07\/dsc03580.jpg\" alt=\"\" width=\"604\" height=\"453\" srcset=\"https:\/\/ciec.be\/blog\/wp-content\/uploads\/2012\/07\/dsc03580.jpg 640w, https:\/\/ciec.be\/blog\/wp-content\/uploads\/2012\/07\/dsc03580-300x225.jpg 300w\" sizes=\"auto, (max-width: 604px) 100vw, 604px\" \/><\/p>\n<p><img loading=\"lazy\" decoding=\"async\" class=\"aligncenter size-full wp-image-261\" title=\"DSC03584\" src=\"http:\/\/ciecgenval.files.wordpress.com\/2012\/07\/dsc03584.jpg\" alt=\"\" width=\"480\" height=\"640\" srcset=\"https:\/\/ciec.be\/blog\/wp-content\/uploads\/2012\/07\/dsc03584.jpg 480w, https:\/\/ciec.be\/blog\/wp-content\/uploads\/2012\/07\/dsc03584-225x300.jpg 225w\" sizes=\"auto, (max-width: 480px) 100vw, 480px\" \/><\/p>\n<p><img loading=\"lazy\" decoding=\"async\" class=\"aligncenter size-full wp-image-262\" title=\"DSC03588\" src=\"http:\/\/ciecgenval.files.wordpress.com\/2012\/07\/dsc03588.jpg\" alt=\"\" width=\"604\" height=\"453\" srcset=\"https:\/\/ciec.be\/blog\/wp-content\/uploads\/2012\/07\/dsc03588.jpg 640w, https:\/\/ciec.be\/blog\/wp-content\/uploads\/2012\/07\/dsc03588-300x225.jpg 300w\" sizes=\"auto, (max-width: 604px) 100vw, 604px\" \/><\/p>\n<p><img loading=\"lazy\" decoding=\"async\" class=\"aligncenter size-full wp-image-263\" title=\"DSC03595\" src=\"http:\/\/ciecgenval.files.wordpress.com\/2012\/07\/dsc03595.jpg\" alt=\"\" width=\"480\" height=\"640\" srcset=\"https:\/\/ciec.be\/blog\/wp-content\/uploads\/2012\/07\/dsc03595.jpg 480w, https:\/\/ciec.be\/blog\/wp-content\/uploads\/2012\/07\/dsc03595-225x300.jpg 225w\" sizes=\"auto, (max-width: 480px) 100vw, 480px\" \/><\/p>\n<p><img loading=\"lazy\" decoding=\"async\" class=\"aligncenter size-full wp-image-266\" title=\"IMG_4784\" src=\"http:\/\/ciecgenval.files.wordpress.com\/2012\/07\/img_4784.jpg\" alt=\"\" width=\"604\" height=\"453\" \/><\/p>\n<p><img loading=\"lazy\" decoding=\"async\" title=\"DSC03599\" src=\"http:\/\/ciecgenval.files.wordpress.com\/2012\/07\/dsc03599.jpg\" alt=\"\" width=\"604\" height=\"453\" \/><\/p>\n<p><img loading=\"lazy\" decoding=\"async\" class=\"aligncenter size-full wp-image-264\" title=\"DSC03597\" src=\"http:\/\/ciecgenval.files.wordpress.com\/2012\/07\/dsc03597.jpg\" alt=\"\" width=\"604\" height=\"453\" srcset=\"https:\/\/ciec.be\/blog\/wp-content\/uploads\/2012\/07\/dsc03597.jpg 640w, https:\/\/ciec.be\/blog\/wp-content\/uploads\/2012\/07\/dsc03597-300x225.jpg 300w\" sizes=\"auto, (max-width: 604px) 100vw, 604px\" \/><\/p>\n<p><img loading=\"lazy\" decoding=\"async\" class=\"aligncenter size-full wp-image-267\" title=\"IMG_4788\" src=\"http:\/\/ciecgenval.files.wordpress.com\/2012\/07\/img_4788.jpg\" alt=\"\" width=\"604\" height=\"453\" \/><\/p>\n<p><em><strong>Vues sur les pr\u00e9s sal\u00e9s<\/strong><\/em><\/p>\n<p><img loading=\"lazy\" decoding=\"async\" class=\"aligncenter size-full wp-image-268\" title=\"IMG_4791\" src=\"http:\/\/ciecgenval.files.wordpress.com\/2012\/07\/img_4791.jpg\" alt=\"\" width=\"604\" height=\"453\" \/><\/p>\n<p><em><strong>Et sur les gigantesques travaux de construction du pont qui reliera le Mont \u00e0 la terre, permettant aux rivi\u00e8res de d\u00e9gager peu \u00e0 peu la vase qui relie l&rsquo;\u00eele au continent.\u00a0 Le but, \u00e0 terme, est de refaire du Mont une v\u00e9ritable \u00eele.<\/strong><\/em><\/p>\n<p><em><strong>Mais l&rsquo;heure du d\u00e9part a sonn\u00e9, nous retrouvons notre guide au point de ralliement et nous reprenons le chemin du retour.<\/strong><\/em><\/p>\n<p><img loading=\"lazy\" decoding=\"async\" class=\"aligncenter size-full wp-image-269\" title=\"100_1177\" src=\"http:\/\/ciecgenval.files.wordpress.com\/2012\/07\/100_1177.jpg\" alt=\"\" width=\"604\" height=\"453\" \/><\/p>\n<p><em><strong>Nous savons que nous allons d&rsquo;abord devoir passer le plus large et profond bras de rivi\u00e8re, les chiens sont donc remis en laisse<\/strong><\/em><\/p>\n<p><img loading=\"lazy\" decoding=\"async\" class=\"aligncenter size-full wp-image-270\" title=\"100_1179\" src=\"http:\/\/ciecgenval.files.wordpress.com\/2012\/07\/100_1179.jpg\" alt=\"\" width=\"604\" height=\"453\" \/><\/p>\n<p><em><strong>Le d\u00e9but du passage est relativement facile<\/strong><\/em><\/p>\n<p><img loading=\"lazy\" decoding=\"async\" class=\"aligncenter size-full wp-image-271\" title=\"100_1183\" src=\"http:\/\/ciecgenval.files.wordpress.com\/2012\/07\/100_1183.jpg\" alt=\"\" width=\"604\" height=\"453\" \/><\/p>\n<p><em><strong>mais bient\u00f4t, l&rsquo;eau devient profonde<\/strong><\/em><\/p>\n<p><img loading=\"lazy\" decoding=\"async\" class=\"aligncenter size-full wp-image-272\" title=\"100_1184\" src=\"http:\/\/ciecgenval.files.wordpress.com\/2012\/07\/100_1184.jpg\" alt=\"\" width=\"604\" height=\"453\" \/><\/p>\n<p><em><strong>Les chiens ont enregistr\u00e9 la situation \u00e0 l&rsquo;aller, ils nagent donc plus facilement et certains pr\u00e9c\u00e8dent leur ma\u00eetre, comme Laya&#8230; quant \u00e0 Funny, elle surveille tout de haut !<\/strong><\/em><\/p>\n<p><img loading=\"lazy\" decoding=\"async\" class=\"aligncenter size-full wp-image-273\" title=\"100_1185\" src=\"http:\/\/ciecgenval.files.wordpress.com\/2012\/07\/100_1185.jpg\" alt=\"\" width=\"604\" height=\"453\" \/><\/p>\n<p><em><strong>Fidji et Fangio ont encore pied, il n&rsquo;en est pas de m\u00eame pour Canelle<\/strong><\/em><\/p>\n<p><img loading=\"lazy\" decoding=\"async\" class=\"aligncenter size-full wp-image-274\" title=\"100_1186\" src=\"http:\/\/ciecgenval.files.wordpress.com\/2012\/07\/100_1186.jpg\" alt=\"\" width=\"604\" height=\"453\" \/><\/p>\n<p><em><strong>Les deux chiennes d&rsquo;Herv\u00e9 n&rsquo;h\u00e9sitent pas une seconde<\/strong><\/em><\/p>\n<p><img loading=\"lazy\" decoding=\"async\" class=\"aligncenter size-full wp-image-275\" title=\"100_1188\" src=\"http:\/\/ciecgenval.files.wordpress.com\/2012\/07\/100_1188.jpg\" alt=\"\" width=\"604\" height=\"453\" \/><\/p>\n<p><em><strong>Profondeur maximale pour les chiens&#8230; l&rsquo;eau nous monte jusqu&rsquo;en haut des cuisses<\/strong><\/em><\/p>\n<p><img loading=\"lazy\" decoding=\"async\" class=\"aligncenter size-full wp-image-288\" title=\"IMG_4795\" src=\"http:\/\/ciecgenval.files.wordpress.com\/2012\/07\/img_4795.jpg\" alt=\"\" width=\"604\" height=\"453\" \/><\/p>\n<p><em><strong>Bali et Funny qui a chang\u00e9 de bras !<\/strong><\/em><\/p>\n<p><img loading=\"lazy\" decoding=\"async\" class=\"aligncenter size-full wp-image-276\" title=\"100_1189\" src=\"http:\/\/ciecgenval.files.wordpress.com\/2012\/07\/100_1189.jpg\" alt=\"\" width=\"604\" height=\"453\" \/><\/p>\n<p><em><strong>Notre guide joue parfaitement son r\u00f4le<\/strong><\/em><\/p>\n<p><img loading=\"lazy\" decoding=\"async\" class=\"aligncenter size-full wp-image-277\" title=\"100_1190\" src=\"http:\/\/ciecgenval.files.wordpress.com\/2012\/07\/100_1190.jpg\" alt=\"\" width=\"604\" height=\"453\" \/><\/p>\n<p><em><strong>Bob reprend d\u00e9j\u00e0 pied<\/strong><\/em><\/p>\n<p><img loading=\"lazy\" decoding=\"async\" class=\"aligncenter size-full wp-image-278\" title=\"100_1191\" src=\"http:\/\/ciecgenval.files.wordpress.com\/2012\/07\/100_1191.jpg\" alt=\"\" width=\"604\" height=\"453\" \/><\/p>\n<p><em><strong>Siska et Soledad, pas d\u00e9rang\u00e9es par l&rsquo;exercice<\/strong><\/em><\/p>\n<p><img loading=\"lazy\" decoding=\"async\" class=\"aligncenter size-full wp-image-279\" title=\"100_1192\" src=\"http:\/\/ciecgenval.files.wordpress.com\/2012\/07\/100_1192.jpg\" alt=\"\" width=\"604\" height=\"453\" \/><\/p>\n<p><em><strong>Retour sur le sable, avec un arr\u00eat pour laisser souffler tout le monde<\/strong><\/em><\/p>\n<p><img loading=\"lazy\" decoding=\"async\" class=\"aligncenter size-full wp-image-289\" title=\"IMG_4815\" src=\"http:\/\/ciecgenval.files.wordpress.com\/2012\/07\/img_4815.jpg\" alt=\"\" width=\"604\" height=\"453\" \/><\/p>\n<p><img loading=\"lazy\" decoding=\"async\" class=\"aligncenter size-full wp-image-280\" title=\"100_1194\" src=\"http:\/\/ciecgenval.files.wordpress.com\/2012\/07\/100_1194.jpg\" alt=\"\" width=\"604\" height=\"453\" \/><\/p>\n<p><em><strong>A pr\u00e9sent, les difficult\u00e9s importantes sont derri\u00e8re nous.<\/strong><\/em><\/p>\n<p><img loading=\"lazy\" decoding=\"async\" class=\"aligncenter size-full wp-image-281\" title=\"100_1196\" src=\"http:\/\/ciecgenval.files.wordpress.com\/2012\/07\/100_1196.jpg\" alt=\"\" width=\"604\" height=\"453\" \/><\/p>\n<p><img loading=\"lazy\" decoding=\"async\" class=\"aligncenter size-full wp-image-282\" title=\"100_1198\" src=\"http:\/\/ciecgenval.files.wordpress.com\/2012\/07\/100_1198.jpg\" alt=\"\" width=\"604\" height=\"453\" \/><\/p>\n<p><em><strong>Ella se fait peur&#8230; au passage d&rsquo;un tout petit bras d&rsquo;eau, \u00e0 peine profond de 20 cm, elle h\u00e9site, recule, n&rsquo;ose pas suivre le groupe, galope d&rsquo;un c\u00f4t\u00e9 \u00e0 l&rsquo;autre&#8230; Finalement, elle sautera dans l&rsquo;eau pour rejoindre sa ma\u00eetresse&#8230; Une si grande chienne qui se fait son cin\u00e9ma&#8230; Nous en avons bien rit !<\/strong><\/em><\/p>\n<p><img loading=\"lazy\" decoding=\"async\" class=\"aligncenter size-full wp-image-283\" title=\"100_1200\" src=\"http:\/\/ciecgenval.files.wordpress.com\/2012\/07\/100_1200.jpg\" alt=\"\" width=\"604\" height=\"453\" \/><\/p>\n<p><em><strong>La fin de notre travers\u00e9e se profile, Soledad a trouv\u00e9 un b\u00e2ton&#8230; Gem aimerait beaucoup le lui prendre&#8230; Les deux chiennes galopent autour de nous, on ne dirait pas qu&rsquo;elles ont, comme nous, quasi cinq heures de marche !<\/strong><\/em><\/p>\n<p><img loading=\"lazy\" decoding=\"async\" class=\"aligncenter size-full wp-image-284\" title=\"100_1202\" src=\"http:\/\/ciecgenval.files.wordpress.com\/2012\/07\/100_1202.jpg\" alt=\"\" width=\"604\" height=\"453\" \/><\/p>\n<p><img loading=\"lazy\" decoding=\"async\" class=\"aligncenter size-full wp-image-290\" title=\"IMG_4830\" src=\"http:\/\/ciecgenval.files.wordpress.com\/2012\/07\/img_4830.jpg\" alt=\"\" width=\"604\" height=\"453\" \/><\/p>\n<p><em><strong>Sommes-nous dans la baie du Mont Saint Michel ou au Sahara ?<\/strong><\/em><\/p>\n<p><img loading=\"lazy\" decoding=\"async\" class=\"aligncenter size-full wp-image-285\" title=\"100_1204\" src=\"http:\/\/ciecgenval.files.wordpress.com\/2012\/07\/100_1204.jpg\" alt=\"\" width=\"604\" height=\"453\" \/><\/p>\n<p><em><strong>Les chiens remis en laisse<\/strong><\/em><\/p>\n<p><img loading=\"lazy\" decoding=\"async\" class=\"aligncenter size-full wp-image-286\" title=\"100_1205\" src=\"http:\/\/ciecgenval.files.wordpress.com\/2012\/07\/100_1205.jpg\" alt=\"\" width=\"604\" height=\"453\" \/><\/p>\n<p><em><strong>et abreuv\u00e9s.<\/strong><\/em><\/p>\n<p><img loading=\"lazy\" decoding=\"async\" class=\"aligncenter size-full wp-image-293\" title=\"20120716_154858\" src=\"http:\/\/ciecgenval.files.wordpress.com\/2012\/07\/20120716_154858.jpg\" alt=\"\" width=\"604\" height=\"453\" \/><\/p>\n<p><em><strong>Nous voici de retour \u00e0 notre point de d\u00e9part<\/strong><\/em><\/p>\n<p><img loading=\"lazy\" decoding=\"async\" class=\"aligncenter size-full wp-image-292\" title=\"20120716_155025\" src=\"http:\/\/ciecgenval.files.wordpress.com\/2012\/07\/20120716_155025.jpg\" alt=\"\" width=\"604\" height=\"453\" \/><\/p>\n<p><em><strong>Les chiens re\u00e7oivent de nouveau \u00e0 boire, puis les ma\u00eetres se lavent les pieds pour enlever un maximum de la boue collante qui y adh\u00e8re.<\/strong><\/em><\/p>\n<p><img loading=\"lazy\" decoding=\"async\" class=\"aligncenter size-full wp-image-291\" title=\"IMG_4844\" src=\"http:\/\/ciecgenval.files.wordpress.com\/2012\/07\/img_4844.jpg\" alt=\"\" width=\"604\" height=\"453\" \/><\/p>\n<p><em><strong>Apr\u00e8s cette longue marche, il est indispensable de faire quelques mouvements d&rsquo;\u00e9longation pour remettre nos muscles en place.<\/strong><\/em><\/p>\n<p><img loading=\"lazy\" decoding=\"async\" class=\"aligncenter size-full wp-image-294\" title=\"DSCN0189\" src=\"http:\/\/ciecgenval.files.wordpress.com\/2012\/07\/dscn0189.jpg\" alt=\"\" width=\"604\" height=\"453\" srcset=\"https:\/\/ciec.be\/blog\/wp-content\/uploads\/2012\/07\/dscn0189.jpg 640w, https:\/\/ciec.be\/blog\/wp-content\/uploads\/2012\/07\/dscn0189-300x225.jpg 300w\" sizes=\"auto, (max-width: 604px) 100vw, 604px\" \/><\/p>\n<p><em><strong>Apr\u00e8s l&rsquo;effort, le r\u00e9confort, autour d&rsquo;un petit verre bien m\u00e9rit\u00e9 !<\/strong><\/em><\/p>\n<p><img loading=\"lazy\" decoding=\"async\" class=\"aligncenter size-full wp-image-295\" title=\"DSCN0190\" src=\"http:\/\/ciecgenval.files.wordpress.com\/2012\/07\/dscn0190.jpg\" alt=\"\" width=\"604\" height=\"453\" srcset=\"https:\/\/ciec.be\/blog\/wp-content\/uploads\/2012\/07\/dscn0190.jpg 640w, https:\/\/ciec.be\/blog\/wp-content\/uploads\/2012\/07\/dscn0190-300x225.jpg 300w\" sizes=\"auto, (max-width: 604px) 100vw, 604px\" \/><\/p>\n<p><img loading=\"lazy\" decoding=\"async\" class=\"aligncenter size-full wp-image-296\" title=\"DSCN0191\" src=\"http:\/\/ciecgenval.files.wordpress.com\/2012\/07\/dscn0191.jpg\" alt=\"\" width=\"604\" height=\"453\" srcset=\"https:\/\/ciec.be\/blog\/wp-content\/uploads\/2012\/07\/dscn0191.jpg 640w, https:\/\/ciec.be\/blog\/wp-content\/uploads\/2012\/07\/dscn0191-300x225.jpg 300w\" sizes=\"auto, (max-width: 604px) 100vw, 604px\" \/><\/p>\n<p><img loading=\"lazy\" decoding=\"async\" class=\"aligncenter size-full wp-image-297\" title=\"DSCN0207\" src=\"http:\/\/ciecgenval.files.wordpress.com\/2012\/07\/dscn0207.jpg\" alt=\"\" width=\"604\" height=\"403\" srcset=\"https:\/\/ciec.be\/blog\/wp-content\/uploads\/2012\/07\/dscn0207.jpg 720w, https:\/\/ciec.be\/blog\/wp-content\/uploads\/2012\/07\/dscn0207-300x200.jpg 300w\" sizes=\"auto, (max-width: 604px) 100vw, 604px\" \/><\/p>\n<p><em><strong>C\u00f4t\u00e9 chien, l&rsquo;objectif est : oubliez-nous !<\/strong><\/em><\/p>\n<p><img loading=\"lazy\" decoding=\"async\" class=\"aligncenter size-full wp-image-298\" title=\"DSCN0204\" src=\"http:\/\/ciecgenval.files.wordpress.com\/2012\/07\/dscn0204.jpg\" alt=\"\" width=\"604\" height=\"403\" srcset=\"https:\/\/ciec.be\/blog\/wp-content\/uploads\/2012\/07\/dscn0204.jpg 720w, https:\/\/ciec.be\/blog\/wp-content\/uploads\/2012\/07\/dscn0204-300x200.jpg 300w\" sizes=\"auto, (max-width: 604px) 100vw, 604px\" \/><\/p>\n<p><img loading=\"lazy\" decoding=\"async\" class=\"aligncenter size-full wp-image-299\" title=\"DSCN0208\" src=\"http:\/\/ciecgenval.files.wordpress.com\/2012\/07\/dscn0208.jpg\" alt=\"\" width=\"604\" height=\"403\" srcset=\"https:\/\/ciec.be\/blog\/wp-content\/uploads\/2012\/07\/dscn0208.jpg 720w, https:\/\/ciec.be\/blog\/wp-content\/uploads\/2012\/07\/dscn0208-300x200.jpg 300w\" sizes=\"auto, (max-width: 604px) 100vw, 604px\" \/><\/p>\n<p><img loading=\"lazy\" decoding=\"async\" class=\"aligncenter size-full wp-image-300\" title=\"DSCN0209\" src=\"http:\/\/ciecgenval.files.wordpress.com\/2012\/07\/dscn0209.jpg\" alt=\"\" width=\"604\" height=\"403\" srcset=\"https:\/\/ciec.be\/blog\/wp-content\/uploads\/2012\/07\/dscn0209.jpg 720w, https:\/\/ciec.be\/blog\/wp-content\/uploads\/2012\/07\/dscn0209-300x200.jpg 300w\" sizes=\"auto, (max-width: 604px) 100vw, 604px\" \/><\/p>\n<p><em><strong>Mais Mich\u00e8le est rest\u00e9e sur sa faim&#8230; Elle voudrait voir la mer !!!<\/strong><\/em><\/p>\n<p><em><strong>Nous d\u00e9cidons donc de faire quelques km de plus pour rejoindre un village d&rsquo;o\u00f9 nous aurons une vue qui lui convienne&#8230;<\/strong><\/em><\/p>\n<p><img loading=\"lazy\" decoding=\"async\" class=\"aligncenter size-full wp-image-301\" title=\"100_1206\" src=\"http:\/\/ciecgenval.files.wordpress.com\/2012\/07\/100_1206.jpg\" alt=\"\" width=\"604\" height=\"453\" \/><\/p>\n<p><em><strong>Cette fois, elle est satisfaite !<\/strong><\/em><\/p>\n<p><img loading=\"lazy\" decoding=\"async\" class=\"aligncenter size-full wp-image-303\" title=\"IMG_4847\" src=\"http:\/\/ciecgenval.files.wordpress.com\/2012\/07\/img_4847.jpg\" alt=\"\" width=\"604\" height=\"453\" \/><\/p>\n<p><em><strong>Nous en profitons pour faire une photo de groupe&#8230;<\/strong><\/em><\/p>\n<p><img loading=\"lazy\" decoding=\"async\" class=\"aligncenter size-full wp-image-302\" title=\"100_1208\" src=\"http:\/\/ciecgenval.files.wordpress.com\/2012\/07\/100_1208.jpg\" alt=\"\" width=\"604\" height=\"453\" \/><\/p>\n<p><em><strong>\u00a0Et une autres avec les chiens seuls<\/strong><\/em><\/p>\n<p><img loading=\"lazy\" decoding=\"async\" class=\"aligncenter size-full wp-image-304\" title=\"20120716_173744\" src=\"http:\/\/ciecgenval.files.wordpress.com\/2012\/07\/20120716_173744.jpg\" alt=\"\" width=\"604\" height=\"453\" \/><\/p>\n<p><em><strong>Puis, comme Mich\u00e8le voulait non seulement voir la mer mais aussi boire un caf\u00e9 bien serr\u00e9, c&rsquo;est dans une petite guinguette qui ne payait pas de mine que nous avons termin\u00e9 la promenade, avant de reprendre la route vers Caen.<\/strong><\/em><\/p>\n<p><em><strong>Le lendemain matin, sans nous presser, nous reprenions le chemin de retour&#8230;<\/strong><\/em><\/p>\n<p><img loading=\"lazy\" decoding=\"async\" class=\"aligncenter size-full wp-image-309\" title=\"20120717_084408\" src=\"http:\/\/ciecgenval.files.wordpress.com\/2012\/07\/20120717_084408.jpg\" alt=\"\" width=\"604\" height=\"453\" \/><\/p>\n<p><img loading=\"lazy\" decoding=\"async\" class=\"aligncenter size-full wp-image-310\" title=\"20120717_084435\" src=\"http:\/\/ciecgenval.files.wordpress.com\/2012\/07\/20120717_084435.jpg\" alt=\"\" width=\"604\" height=\"453\" \/><\/p>\n<p><em><strong>Pour le retour, jour de semaine, nous avons pris le pont de Normandie, sans aucune file cette fois&#8230;<\/strong><\/em><\/p>\n<p><img loading=\"lazy\" decoding=\"async\" class=\"aligncenter size-full wp-image-311\" title=\"DSC03620\" src=\"http:\/\/ciecgenval.files.wordpress.com\/2012\/07\/dsc03620.jpg\" alt=\"\" width=\"604\" height=\"453\" srcset=\"https:\/\/ciec.be\/blog\/wp-content\/uploads\/2012\/07\/dsc03620.jpg 640w, https:\/\/ciec.be\/blog\/wp-content\/uploads\/2012\/07\/dsc03620-300x225.jpg 300w\" sizes=\"auto, (max-width: 604px) 100vw, 604px\" \/><\/p>\n<p><img loading=\"lazy\" decoding=\"async\" class=\"aligncenter size-full wp-image-312\" title=\"DSC03624\" src=\"http:\/\/ciecgenval.files.wordpress.com\/2012\/07\/dsc03624.jpg\" alt=\"\" width=\"604\" height=\"453\" srcset=\"https:\/\/ciec.be\/blog\/wp-content\/uploads\/2012\/07\/dsc03624.jpg 640w, https:\/\/ciec.be\/blog\/wp-content\/uploads\/2012\/07\/dsc03624-300x225.jpg 300w\" sizes=\"auto, (max-width: 604px) 100vw, 604px\" \/><\/p>\n<p><img loading=\"lazy\" decoding=\"async\" class=\"aligncenter size-full wp-image-313\" title=\"DSC03629\" src=\"http:\/\/ciecgenval.files.wordpress.com\/2012\/07\/dsc03629.jpg\" alt=\"\" width=\"604\" height=\"453\" srcset=\"https:\/\/ciec.be\/blog\/wp-content\/uploads\/2012\/07\/dsc03629.jpg 640w, https:\/\/ciec.be\/blog\/wp-content\/uploads\/2012\/07\/dsc03629-300x225.jpg 300w\" sizes=\"auto, (max-width: 604px) 100vw, 604px\" \/><\/p>\n<p><img loading=\"lazy\" decoding=\"async\" class=\"aligncenter size-full wp-image-314\" title=\"DSC03649\" src=\"http:\/\/ciecgenval.files.wordpress.com\/2012\/07\/dsc03649.jpg\" alt=\"\" width=\"604\" height=\"453\" srcset=\"https:\/\/ciec.be\/blog\/wp-content\/uploads\/2012\/07\/dsc03649.jpg 640w, https:\/\/ciec.be\/blog\/wp-content\/uploads\/2012\/07\/dsc03649-300x225.jpg 300w\" sizes=\"auto, (max-width: 604px) 100vw, 604px\" \/><\/p>\n<p><em><strong>Apr\u00e8s une route sans histoire, nous arrivions \u00e0 Genval les yeux encore pleins de toutes nos d\u00e9couvertes du week-end.<\/strong><\/em><\/p>\n","protected":false},"excerpt":{"rendered":"<p>Parmi les traditions, le week-end en Normandie s&rsquo;est bien install\u00e9 et, cette ann\u00e9e, nous \u00e9tions 10 \u00e0 y participer ! Nous avions d\u00e9cid\u00e9 de partir \u00e0 notre aise, le samedi matin, afin de ralier Caen en milieu d&rsquo;apr\u00e8s-midi. Le trajet ne fut pas exceptionnel, avec son lot de bouchons aux p\u00e9ages, de pluie parfois drue [&hellip;]<\/p>\n","protected":false},"author":1,"featured_media":0,"comment_status":"open","ping_status":"open","sticky":false,"template":"","format":"standard","meta":{"_et_pb_use_builder":"","_et_pb_old_content":"","_et_gb_content_width":"","footnotes":""},"categories":[14],"tags":[32,57,74,117,137,149,164,165,166,185],"class_list":["post-220","post","type-post","status-publish","format-standard","hentry","category-promenades","tag-baie","tag-caen","tag-chien","tag-genets","tag-mont-saint-michel","tag-normandie","tag-pont-de-normandie","tag-pont-de-tancarville","tag-promenade","tag-tombelaine"],"_links":{"self":[{"href":"https:\/\/ciec.be\/blog\/index.php\/wp-json\/wp\/v2\/posts\/220","targetHints":{"allow":["GET"]}}],"collection":[{"href":"https:\/\/ciec.be\/blog\/index.php\/wp-json\/wp\/v2\/posts"}],"about":[{"href":"https:\/\/ciec.be\/blog\/index.php\/wp-json\/wp\/v2\/types\/post"}],"author":[{"embeddable":true,"href":"https:\/\/ciec.be\/blog\/index.php\/wp-json\/wp\/v2\/users\/1"}],"replies":[{"embeddable":true,"href":"https:\/\/ciec.be\/blog\/index.php\/wp-json\/wp\/v2\/comments?post=220"}],"version-history":[{"count":0,"href":"https:\/\/ciec.be\/blog\/index.php\/wp-json\/wp\/v2\/posts\/220\/revisions"}],"wp:attachment":[{"href":"https:\/\/ciec.be\/blog\/index.php\/wp-json\/wp\/v2\/media?parent=220"}],"wp:term":[{"taxonomy":"category","embeddable":true,"href":"https:\/\/ciec.be\/blog\/index.php\/wp-json\/wp\/v2\/categories?post=220"},{"taxonomy":"post_tag","embeddable":true,"href":"https:\/\/ciec.be\/blog\/index.php\/wp-json\/wp\/v2\/tags?post=220"}],"curies":[{"name":"wp","href":"https:\/\/api.w.org\/{rel}","templated":true}]}}