{"id":2075,"date":"2016-06-13T07:52:46","date_gmt":"2016-06-13T07:52:46","guid":{"rendered":"https:\/\/ciecgenval.wordpress.com\/?p=2075"},"modified":"2016-06-13T07:52:46","modified_gmt":"2016-06-13T07:52:46","slug":"vous-avez-dit-conditions-hivernales","status":"publish","type":"post","link":"https:\/\/ciec.be\/blog\/index.php\/2016\/06\/13\/vous-avez-dit-conditions-hivernales\/","title":{"rendered":"Vous avez dit conditions hivernales ?"},"content":{"rendered":"<p><em><strong>En cette mi-f\u00e9vrier, c\u2019est dans les champs, \u00e0 Chastre, que nous avions rendez-vous.<br \/>\nLa m\u00e9t\u00e9o, plus que maussade, <img loading=\"lazy\" decoding=\"async\" class=\"aligncenter size-medium wp-image-2076\" src=\"https:\/\/ciecgenval.files.wordpress.com\/2016\/06\/dsc07088-800x600.jpg?w=300\" alt=\"DSC07088 [800x600]\" width=\"300\" height=\"225\" \/>n\u2019avait toutefois par rebut\u00e9 les acharn\u00e9s de la balade et c\u2019est donc un groupe bien \u00e9toff\u00e9 qui s\u2019aventura d\u2019abord dans la rue du hameau puis dans le chemin de remembrement menant aux champs.<img loading=\"lazy\" decoding=\"async\" class=\"aligncenter size-medium wp-image-2077\" src=\"https:\/\/ciecgenval.files.wordpress.com\/2016\/06\/dsc07090-800x600.jpg?w=300\" alt=\"DSC07090 [800x600]\" width=\"300\" height=\"225\" \/><br \/>\n<img loading=\"lazy\" decoding=\"async\" class=\"aligncenter size-medium wp-image-2078\" src=\"https:\/\/ciecgenval.files.wordpress.com\/2016\/06\/dsc07089-800x600.jpg?w=300\" alt=\"DSC07089 [800x600]\" width=\"300\" height=\"225\" \/>Que dire du temps si ce n\u2019est que nous e\u00fbmes de la pluie entre les averses mais que chiens et ma\u00eetres s\u2019en accommod\u00e8rent bien, les premiers se lan\u00e7ant m\u00eame sur la trace d\u2019un lapin ou li\u00e8vre\u00a0? Et jouant \u00e0 qui mieux mieux dans la boue et les flaques,<img loading=\"lazy\" decoding=\"async\" class=\"aligncenter size-medium wp-image-2079\" src=\"https:\/\/ciecgenval.files.wordpress.com\/2016\/06\/dsc07092-800x600.jpg?w=300\" alt=\"DSC07092 [800x600]\" width=\"300\" height=\"225\" \/><br \/>\n<img loading=\"lazy\" decoding=\"async\" class=\"aligncenter size-medium wp-image-2080\" src=\"https:\/\/ciecgenval.files.wordpress.com\/2016\/06\/dsc07091-800x600.jpg?w=300\" alt=\"DSC07091 [800x600]\" width=\"300\" height=\"225\" \/> les seconds, bien au sec dans leurs bottes et vestes, bavardant le plus souvent au sujet des premiers\u00a0! <img loading=\"lazy\" decoding=\"async\" class=\"aligncenter size-medium wp-image-2081\" src=\"https:\/\/ciecgenval.files.wordpress.com\/2016\/06\/dsc07096-800x600.jpg?w=300\" alt=\"DSC07096 [800x600]\" width=\"300\" height=\"225\" \/><br \/>\n<img loading=\"lazy\" decoding=\"async\" class=\"aligncenter size-medium wp-image-2082\" src=\"https:\/\/ciecgenval.files.wordpress.com\/2016\/06\/dsc07093-800x600.jpg?w=300\" alt=\"DSC07093 [800x600]\" width=\"300\" height=\"225\" \/><br \/>\n<img loading=\"lazy\" decoding=\"async\" class=\"aligncenter size-medium wp-image-2083\" src=\"https:\/\/ciecgenval.files.wordpress.com\/2016\/06\/dsc07094-800x600.jpg?w=300\" alt=\"DSC07094 [800x600]\" width=\"300\" height=\"225\" \/>Une partie du trajet se faisant en bordure de chauss\u00e9e, ce fut l\u2019occasion de faire un peu de suite en laisse avant de lib\u00e9rer \u00e0 nouveau toute notre petite troupe.<br \/>\nPr\u00e8s d\u2019un bosquet, un des chiens d\u00e9couvrit un tr\u00e9sor particuli\u00e8rement app\u00e9tissant\u00a0: la patte, probablement d\u2019un mouton voir d\u2019une vache, assez fra\u00eeche et aux os encore bien recouverts de chair.<br \/>\nQuelques audacieux tent\u00e8rent de lui voler son bien, mais la demoiselle se montra intraitable et c\u2019est finalement son ma\u00eetre qui lui fit abandonner sa d\u00e9couverte\u2026 qu\u2019elle laissa bien \u00e0 contre-coeur derri\u00e8re elle.<img loading=\"lazy\" decoding=\"async\" class=\"aligncenter size-medium wp-image-2084\" src=\"https:\/\/ciecgenval.files.wordpress.com\/2016\/06\/dsc07097-800x600.jpg?w=300\" alt=\"DSC07097 [800x600]\" width=\"300\" height=\"225\" \/>Apr\u00e8s un dernier passage sur une rue heureusement peu fr\u00e9quent\u00e9e, nous retrouv\u00e2mes nos voitures et chacun repris le chemin de sa maison, avec, \u00e0 bord, une ou plusieurs boules de poils particuli\u00e8rement crott\u00e9e et odorante\u2026 <img loading=\"lazy\" decoding=\"async\" class=\"aligncenter size-medium wp-image-2085\" src=\"https:\/\/ciecgenval.files.wordpress.com\/2016\/06\/dsc07098-800x600.jpg?w=300\" alt=\"DSC07098 [800x600]\" width=\"300\" height=\"225\" \/>deux des ma\u00eetres pass\u00e8rent d\u2019ailleurs au dog wash d\u00e8s la fin de la balade, question de rendre un peu de couleurs naturelles \u00e0 leur toutou.<\/strong><\/em><\/p>\n","protected":false},"excerpt":{"rendered":"<p>En cette mi-f\u00e9vrier, c\u2019est dans les champs, \u00e0 Chastre, que nous avions rendez-vous. La m\u00e9t\u00e9o, plus que maussade, n\u2019avait toutefois par rebut\u00e9 les acharn\u00e9s de la balade et c\u2019est donc un groupe bien \u00e9toff\u00e9 qui s\u2019aventura d\u2019abord dans la rue du hameau puis dans le chemin de remembrement menant aux champs. Que dire du temps [&hellip;]<\/p>\n","protected":false},"author":1,"featured_media":0,"comment_status":"open","ping_status":"open","sticky":false,"template":"","format":"standard","meta":{"_et_pb_use_builder":"","_et_pb_old_content":"","_et_gb_content_width":"","footnotes":""},"categories":[14],"tags":[],"class_list":["post-2075","post","type-post","status-publish","format-standard","hentry","category-promenades"],"_links":{"self":[{"href":"https:\/\/ciec.be\/blog\/index.php\/wp-json\/wp\/v2\/posts\/2075","targetHints":{"allow":["GET"]}}],"collection":[{"href":"https:\/\/ciec.be\/blog\/index.php\/wp-json\/wp\/v2\/posts"}],"about":[{"href":"https:\/\/ciec.be\/blog\/index.php\/wp-json\/wp\/v2\/types\/post"}],"author":[{"embeddable":true,"href":"https:\/\/ciec.be\/blog\/index.php\/wp-json\/wp\/v2\/users\/1"}],"replies":[{"embeddable":true,"href":"https:\/\/ciec.be\/blog\/index.php\/wp-json\/wp\/v2\/comments?post=2075"}],"version-history":[{"count":0,"href":"https:\/\/ciec.be\/blog\/index.php\/wp-json\/wp\/v2\/posts\/2075\/revisions"}],"wp:attachment":[{"href":"https:\/\/ciec.be\/blog\/index.php\/wp-json\/wp\/v2\/media?parent=2075"}],"wp:term":[{"taxonomy":"category","embeddable":true,"href":"https:\/\/ciec.be\/blog\/index.php\/wp-json\/wp\/v2\/categories?post=2075"},{"taxonomy":"post_tag","embeddable":true,"href":"https:\/\/ciec.be\/blog\/index.php\/wp-json\/wp\/v2\/tags?post=2075"}],"curies":[{"name":"wp","href":"https:\/\/api.w.org\/{rel}","templated":true}]}}