{"id":2015,"date":"2016-06-12T09:57:40","date_gmt":"2016-06-12T09:57:40","guid":{"rendered":"https:\/\/ciecgenval.wordpress.com\/?p=2015"},"modified":"2016-06-12T09:57:40","modified_gmt":"2016-06-12T09:57:40","slug":"debut-dannee-enneige","status":"publish","type":"post","link":"https:\/\/ciec.be\/blog\/index.php\/2016\/06\/12\/debut-dannee-enneige\/","title":{"rendered":"D\u00e9but d&rsquo;ann\u00e9e enneig\u00e9"},"content":{"rendered":"<p><em><strong>Neige et gel s\u2019\u00e9taient impos\u00e9s pour cette premi\u00e8re promenade de 2016\u2026 et certains n\u2019ont pu nous rejoindre ce dimanche matin.<img loading=\"lazy\" decoding=\"async\" class=\"aligncenter size-medium wp-image-2016\" src=\"https:\/\/ciecgenval.files.wordpress.com\/2016\/06\/dsc00423-800x600.jpg?w=300\" alt=\"DSC00423 [800x600]\" width=\"300\" height=\"225\" \/><br \/>\n<img loading=\"lazy\" decoding=\"async\" class=\"aligncenter size-medium wp-image-2017\" src=\"https:\/\/ciecgenval.files.wordpress.com\/2016\/06\/dsc00425-800x600.jpg?w=300\" alt=\"DSC00425 [800x600]\" width=\"300\" height=\"225\" \/><br \/>\n<img loading=\"lazy\" decoding=\"async\" class=\"aligncenter size-medium wp-image-2018\" src=\"https:\/\/ciecgenval.files.wordpress.com\/2016\/06\/dsc00426-800x600.jpg?w=300\" alt=\"DSC00426 [800x600]\" width=\"300\" height=\"225\" \/>Malgr\u00e9 ces d\u00e9fections, notre groupe \u00e9tait fort d\u2019une bonne vingtaine de personnes et d\u2019autant de chiens\u2026<img loading=\"lazy\" decoding=\"async\" class=\"aligncenter size-medium wp-image-2019\" src=\"https:\/\/ciecgenval.files.wordpress.com\/2016\/06\/dsc00428-800x600.jpg?w=300\" alt=\"DSC00428 [800x600]\" width=\"300\" height=\"225\" \/><br \/>\n<img loading=\"lazy\" decoding=\"async\" class=\"aligncenter size-medium wp-image-2020\" src=\"https:\/\/ciecgenval.files.wordpress.com\/2016\/06\/dsc00429-800x600.jpg?w=300\" alt=\"DSC00429 [800x600]\" width=\"300\" height=\"225\" \/> qui firent connaissance sur le parking du cimeti\u00e8re <img loading=\"lazy\" decoding=\"async\" class=\"aligncenter size-medium wp-image-2041\" src=\"https:\/\/ciecgenval.files.wordpress.com\/2016\/06\/dsc_0008-800x600.jpg?w=300\" alt=\"DSC_0008 [800x600]\" width=\"300\" height=\"200\" \/><br \/>\n<img loading=\"lazy\" decoding=\"async\" class=\"aligncenter size-medium wp-image-2043\" src=\"https:\/\/ciecgenval.files.wordpress.com\/2016\/06\/dsc_0012-800x600.jpg?w=300\" alt=\"DSC_0012 [800x600]\" width=\"300\" height=\"200\" \/><br \/>\n<img loading=\"lazy\" decoding=\"async\" class=\"aligncenter size-medium wp-image-2044\" src=\"https:\/\/ciecgenval.files.wordpress.com\/2016\/06\/dsc_0019-800x600.jpg?w=200\" alt=\"DSC_0019 [800x600]\" width=\"200\" height=\"300\" \/><br \/>\n<img loading=\"lazy\" decoding=\"async\" class=\"aligncenter size-medium wp-image-2045\" src=\"https:\/\/ciecgenval.files.wordpress.com\/2016\/06\/dsc_0020-800x600.jpg?w=200\" alt=\"DSC_0020 [800x600]\" width=\"200\" height=\"300\" \/>avant de s\u2019aventurer dans le sentier par o\u00f9 nous allions d\u00e9buter la balade.<img loading=\"lazy\" decoding=\"async\" class=\"aligncenter size-medium wp-image-2021\" src=\"https:\/\/ciecgenval.files.wordpress.com\/2016\/06\/dsc00430-800x600.jpg?w=300\" alt=\"DSC00430 [800x600]\" width=\"300\" height=\"225\" \/><br \/>\n<img loading=\"lazy\" decoding=\"async\" class=\"aligncenter size-medium wp-image-2022\" src=\"https:\/\/ciecgenval.files.wordpress.com\/2016\/06\/dsc00432-800x600.jpg?w=300\" alt=\"DSC00432 [800x600]\" width=\"300\" height=\"225\" \/><br \/>\n<img loading=\"lazy\" decoding=\"async\" class=\"aligncenter size-medium wp-image-2046\" src=\"https:\/\/ciecgenval.files.wordpress.com\/2016\/06\/dsc_0021-800x600.jpg?w=200\" alt=\"DSC_0021 [800x600]\" width=\"200\" height=\"300\" \/><br \/>\n<img loading=\"lazy\" decoding=\"async\" class=\"aligncenter size-medium wp-image-2047\" src=\"https:\/\/ciecgenval.files.wordpress.com\/2016\/06\/dsc_0028-800x600.jpg?w=200\" alt=\"DSC_0028 [800x600]\" width=\"200\" height=\"300\" \/>C\u00f4t\u00e9 m\u00e9t\u00e9o, ciel azur, soleil \u00e9blouissant et quasi pas de vent, sol gel\u00e9, bref les conditions id\u00e9ales pour les deux et les quatre pattes.<img loading=\"lazy\" decoding=\"async\" class=\"aligncenter size-medium wp-image-2048\" src=\"https:\/\/ciecgenval.files.wordpress.com\/2016\/06\/dsc_0038-800x600.jpg?w=300\" alt=\"DSC_0038 [800x600]\" width=\"300\" height=\"200\" \/><br \/>\n<img loading=\"lazy\" decoding=\"async\" class=\"aligncenter size-medium wp-image-2049\" src=\"https:\/\/ciecgenval.files.wordpress.com\/2016\/06\/dsc_0041-800x600.jpg?w=300\" alt=\"DSC_0041 [800x600]\" width=\"300\" height=\"200\" \/><br \/>\n<img loading=\"lazy\" decoding=\"async\" class=\"aligncenter size-medium wp-image-2050\" src=\"https:\/\/ciecgenval.files.wordpress.com\/2016\/06\/dsc_0048-800x600.jpg?w=300\" alt=\"DSC_0048 [800x600]\" width=\"300\" height=\"200\" \/>Le trafic \u00e9tant r\u00e9duit \u00e0 sa plus simple expression, nous p\u00fbmes rapidement lib\u00e9rer nos chiens qui s\u2019en donn\u00e8rent \u00e0 c\u0153ur joie.. Un petit passage dans un sentier et nous retrouvions pour quelques m\u00e8tres une route heureusement peu fr\u00e9quent\u00e9e.<br \/>\nEnsuite, nous descend\u00eemes un chemin escarp\u00e9 <img loading=\"lazy\" decoding=\"async\" class=\"aligncenter size-medium wp-image-2051\" src=\"https:\/\/ciecgenval.files.wordpress.com\/2016\/06\/dsc_0057-800x600.jpg?w=300\" alt=\"DSC_0057 [800x600]\" width=\"300\" height=\"200\" \/><br \/>\n<img loading=\"lazy\" decoding=\"async\" class=\"aligncenter size-medium wp-image-2052\" src=\"https:\/\/ciecgenval.files.wordpress.com\/2016\/06\/dsc_0060-800x600.jpg?w=200\" alt=\"DSC_0060 [800x600]\" width=\"200\" height=\"300\" \/><br \/>\n<img loading=\"lazy\" decoding=\"async\" class=\"aligncenter size-medium wp-image-2053\" src=\"https:\/\/ciecgenval.files.wordpress.com\/2016\/06\/dsc_0063-800x600.jpg?w=200\" alt=\"DSC_0063 [800x600]\" width=\"200\" height=\"300\" \/>qui nous amena dans la vall\u00e9e de la Lasne.<img loading=\"lazy\" decoding=\"async\" class=\"aligncenter size-medium wp-image-2023\" src=\"https:\/\/ciecgenval.files.wordpress.com\/2016\/06\/dsc00434-800x600.jpg?w=300\" alt=\"DSC00434 [800x600]\" width=\"300\" height=\"225\" \/><br \/>\n<img loading=\"lazy\" decoding=\"async\" class=\"aligncenter size-medium wp-image-2024\" src=\"https:\/\/ciecgenval.files.wordpress.com\/2016\/06\/dsc00436-800x600.jpg?w=300\" alt=\"DSC00436 [800x600]\" width=\"300\" height=\"225\" \/>Nous continu\u00e2mes notre progression entre les arbres, saluant deux petits \u00e2nes qui tentaient de se r\u00e9chauffer au soleil.<img loading=\"lazy\" decoding=\"async\" class=\"aligncenter size-medium wp-image-2025\" src=\"https:\/\/ciecgenval.files.wordpress.com\/2016\/06\/dsc00437-800x600.jpg?w=300\" alt=\"DSC00437 [800x600]\" width=\"300\" height=\"225\" \/><br \/>\n<img loading=\"lazy\" decoding=\"async\" class=\"aligncenter size-medium wp-image-2026\" src=\"https:\/\/ciecgenval.files.wordpress.com\/2016\/06\/dsc00438-800x600.jpg?w=300\" alt=\"DSC00438 [800x600]\" width=\"300\" height=\"225\" \/><br \/>\n<img loading=\"lazy\" decoding=\"async\" class=\"aligncenter size-medium wp-image-2054\" src=\"https:\/\/ciecgenval.files.wordpress.com\/2016\/06\/dsc_0090-800x600.jpg?w=300\" alt=\"DSC_0090 [800x600]\" width=\"300\" height=\"200\" \/>Soudain, un cycliste d\u00e9boula <img loading=\"lazy\" decoding=\"async\" class=\"aligncenter size-medium wp-image-2027\" src=\"https:\/\/ciecgenval.files.wordpress.com\/2016\/06\/dsc00440-800x600.jpg?w=300\" alt=\"DSC00440 [800x600]\" width=\"300\" height=\"225\" \/><br \/>\n<img loading=\"lazy\" decoding=\"async\" class=\"aligncenter size-medium wp-image-2028\" src=\"https:\/\/ciecgenval.files.wordpress.com\/2016\/06\/dsc00442-800x600.jpg?w=300\" alt=\"DSC00442 [800x600]\" width=\"300\" height=\"225\" \/>(ah cette habitude d\u2019avoir recycl\u00e9 la sonnette en garniture de chemin\u00e9e\u00a0!!!), un des chiens, bien que mis au couch\u00e9 par sa ma\u00eetresse, tenta de mordre le mollet du sportif qui se mit \u00e0 l\u2019invectiver.\u00a0 Les ma\u00eetres calm\u00e8rent vite l\u2019\u00e9nerv\u00e9, v\u00e9rifi\u00e8rent qu\u2019il n\u2019y avait pas de blessure et le cycliste red\u00e9marra en maugr\u00e9ant tandis que nous arrivions, un peu plus loin, devant un tout nouveau vignoble\u00a0!!!<img loading=\"lazy\" decoding=\"async\" class=\"aligncenter size-medium wp-image-2029\" src=\"https:\/\/ciecgenval.files.wordpress.com\/2016\/06\/dsc00443-800x600.jpg?w=300\" alt=\"DSC00443 [800x600]\" width=\"300\" height=\"225\" \/>Eh oui, c\u2019est la mode dans beaucoup de communes que de replanter des vignes \u00e0 gauche et \u00e0 droite\u2026 Dans ce cas, les pieds n\u2019\u00e9taient pas encore bien grands\u2026 mais gageons que dans quelques ann\u00e9es, ils donneront un bon petit vin\u00a0!<img loading=\"lazy\" decoding=\"async\" class=\"aligncenter size-medium wp-image-2031\" src=\"https:\/\/ciecgenval.files.wordpress.com\/2016\/06\/dsc00447-800x600.jpg?w=300\" alt=\"DSC00447 [800x600]\" width=\"300\" height=\"225\" \/><br \/>\n<img loading=\"lazy\" decoding=\"async\" class=\"aligncenter size-medium wp-image-2055\" src=\"https:\/\/ciecgenval.files.wordpress.com\/2016\/06\/dsc_0100-800x600.jpg?w=300\" alt=\"DSC_0100 [800x600]\" width=\"300\" height=\"200\" \/><br \/>\n<img loading=\"lazy\" decoding=\"async\" class=\"aligncenter size-medium wp-image-2056\" src=\"https:\/\/ciecgenval.files.wordpress.com\/2016\/06\/dsc_0109-800x600.jpg?w=300\" alt=\"DSC_0109 [800x600]\" width=\"300\" height=\"200\" \/><br \/>\n<img loading=\"lazy\" decoding=\"async\" class=\"aligncenter size-medium wp-image-2057\" src=\"https:\/\/ciecgenval.files.wordpress.com\/2016\/06\/dsc_0119-800x600.jpg?w=300\" alt=\"DSC_0119 [800x600]\" width=\"300\" height=\"200\" \/><br \/>\n<img loading=\"lazy\" decoding=\"async\" class=\"aligncenter size-medium wp-image-2032\" src=\"https:\/\/ciecgenval.files.wordpress.com\/2016\/06\/dsc00449-800x600.jpg?w=300\" alt=\"DSC00449 [800x600]\" width=\"300\" height=\"225\" \/>Nous arriv\u00e2mes ensuite \u00e0 une rue o\u00f9 nos chiens furent de nouveau mis en laisse.\u00a0 Heureusement pas pour longtemps <img loading=\"lazy\" decoding=\"async\" class=\"aligncenter size-medium wp-image-2033\" src=\"https:\/\/ciecgenval.files.wordpress.com\/2016\/06\/dsc00451-800x600.jpg?w=300\" alt=\"DSC00451 [800x600]\" width=\"300\" height=\"225\" \/><\/strong><\/em><\/p>\n<p><em><strong><img loading=\"lazy\" decoding=\"async\" class=\"aligncenter size-medium wp-image-2034\" src=\"https:\/\/ciecgenval.files.wordpress.com\/2016\/06\/dsc00454-800x600.jpg?w=300\" alt=\"DSC00454 [800x600]\" width=\"300\" height=\"225\" \/><br \/>\n<img loading=\"lazy\" decoding=\"async\" class=\"aligncenter size-medium wp-image-2061\" src=\"https:\/\/ciecgenval.files.wordpress.com\/2016\/06\/dsc_0161-800x600.jpg?w=300\" alt=\"DSC_0161 [800x600]\" width=\"300\" height=\"200\" \/><\/strong><\/em><\/p>\n<p><em><strong><img loading=\"lazy\" decoding=\"async\" class=\"aligncenter size-medium wp-image-2035\" src=\"https:\/\/ciecgenval.files.wordpress.com\/2016\/06\/dsc00461-800x600.jpg?w=300\" alt=\"DSC00461 [800x600]\" width=\"300\" height=\"225\" \/><br \/>\n<img loading=\"lazy\" decoding=\"async\" class=\"aligncenter size-medium wp-image-2058\" src=\"https:\/\/ciecgenval.files.wordpress.com\/2016\/06\/dsc_0127-800x600.jpg?w=300\" alt=\"DSC_0127 [800x600]\" width=\"300\" height=\"200\" \/>et bient\u00f4t nous d\u00e9bouch\u00e2mes sur les champs et une belle zone d\u00e9gag\u00e9e, propice aux galops et d\u00e9couvertes pour nos toutous. <img loading=\"lazy\" decoding=\"async\" class=\"aligncenter size-medium wp-image-2059\" src=\"https:\/\/ciecgenval.files.wordpress.com\/2016\/06\/dsc_0141-800x600.jpg?w=300\" alt=\"DSC_0141 [800x600]\" width=\"300\" height=\"200\" \/><br \/>\n<img loading=\"lazy\" decoding=\"async\" class=\"aligncenter size-medium wp-image-2060\" src=\"https:\/\/ciecgenval.files.wordpress.com\/2016\/06\/dsc_0155-800x600.jpg?w=300\" alt=\"DSC_0155 [800x600]\" width=\"300\" height=\"200\" \/><br \/>\n<img loading=\"lazy\" decoding=\"async\" class=\"aligncenter size-medium wp-image-2038\" src=\"https:\/\/ciecgenval.files.wordpress.com\/2016\/06\/dsc00466-800x600.jpg?w=300\" alt=\"DSC00466 [800x600]\" width=\"300\" height=\"225\" \/>Le chemin gardait la trace des pluies hivernales sous forme de grandes \u00e9tendues gel\u00e9es\u2026 se brisant sous le poids des ma\u00eetres\u2026 et permettant \u00e0 l\u2019un ou l\u2019autre chien de se d\u00e9salt\u00e9rer un petit coup.<img loading=\"lazy\" decoding=\"async\" class=\"aligncenter size-medium wp-image-2063\" src=\"https:\/\/ciecgenval.files.wordpress.com\/2016\/06\/dsc_0182-800x600.jpg?w=300\" alt=\"DSC_0182 [800x600]\" width=\"300\" height=\"200\" \/><br \/>\n<img loading=\"lazy\" decoding=\"async\" class=\"aligncenter size-medium wp-image-2062\" src=\"https:\/\/ciecgenval.files.wordpress.com\/2016\/06\/dsc_0163-800x600.jpg?w=300\" alt=\"DSC_0163 [800x600]\" width=\"300\" height=\"200\" \/>Les champs laiss\u00e8rent la place \u00e0 une zone bois\u00e9e et habit\u00e9e\u2026<img loading=\"lazy\" decoding=\"async\" class=\"aligncenter size-medium wp-image-2064\" src=\"https:\/\/ciecgenval.files.wordpress.com\/2016\/06\/dsc_0178-800x600.jpg?w=300\" alt=\"DSC_0178 [800x600]\" width=\"300\" height=\"200\" \/> que nous ne travers\u00e2mes pas, pr\u00e9f\u00e9rant reprendre en direction des champs. <img loading=\"lazy\" decoding=\"async\" class=\"aligncenter size-medium wp-image-2065\" src=\"https:\/\/ciecgenval.files.wordpress.com\/2016\/06\/dsc_0215-800x600.jpg?w=300\" alt=\"DSC_0215 [800x600]\" width=\"300\" height=\"200\" \/><br \/>\n<img loading=\"lazy\" decoding=\"async\" class=\"aligncenter size-medium wp-image-2066\" src=\"https:\/\/ciecgenval.files.wordpress.com\/2016\/06\/dsc_0221-800x600.jpg?w=300\" alt=\"DSC_0221 [800x600]\" width=\"300\" height=\"200\" \/><br \/>\n<img loading=\"lazy\" decoding=\"async\" class=\"aligncenter size-medium wp-image-2067\" src=\"https:\/\/ciecgenval.files.wordpress.com\/2016\/06\/dsc_0235-800x600.jpg?w=300\" alt=\"DSC_0235 [800x600]\" width=\"300\" height=\"200\" \/><br \/>\n<img loading=\"lazy\" decoding=\"async\" class=\"aligncenter size-medium wp-image-2068\" src=\"https:\/\/ciecgenval.files.wordpress.com\/2016\/06\/dsc_0245-800x600.jpg?w=300\" alt=\"DSC_0245 [800x600]\" width=\"300\" height=\"200\" \/><br \/>\n<img loading=\"lazy\" decoding=\"async\" class=\"aligncenter size-medium wp-image-2069\" src=\"https:\/\/ciecgenval.files.wordpress.com\/2016\/06\/dsc_0259-800x600.jpg?w=300\" alt=\"DSC_0259 [800x600]\" width=\"300\" height=\"200\" \/>Un dernier passage de rue et nous arrivions dans une zone \u00e0 d\u00e9couvert\u2026 Quelques ouettes d\u2019Egypte <img loading=\"lazy\" decoding=\"async\" class=\"aligncenter size-medium wp-image-2039\" src=\"https:\/\/ciecgenval.files.wordpress.com\/2016\/06\/dsc00469-800x600.jpg?w=300\" alt=\"DSC00469 [800x600]\" width=\"300\" height=\"225\" \/><br \/>\n<img loading=\"lazy\" decoding=\"async\" class=\"aligncenter size-medium wp-image-2070\" src=\"https:\/\/ciecgenval.files.wordpress.com\/2016\/06\/dsc_0267-800x600.jpg?w=300\" alt=\"DSC_0267 [800x600]\" width=\"300\" height=\"200\" \/>cherchaient \u00e0 manger dans un champ proche et ne furent gu\u00e8re d\u00e9concert\u00e9es par notre passage\u2026<img loading=\"lazy\" decoding=\"async\" class=\"aligncenter size-medium wp-image-2040\" src=\"https:\/\/ciecgenval.files.wordpress.com\/2016\/06\/dsc00471-800x600.jpg?w=300\" alt=\"DSC00471 [800x600]\" width=\"300\" height=\"225\" \/>Le chemin s\u2019encaissait entre les champs (il faut dire qu\u2019il est tr\u00e8s vieux puisque des traces de passage datant de l\u2019\u00e2ge de pierre y ont \u00e9t\u00e9 trouv\u00e9s) et nous mena vers une partie basse o\u00f9 les habitations d\u00e9butaient.<img loading=\"lazy\" decoding=\"async\" class=\"aligncenter size-medium wp-image-2071\" src=\"https:\/\/ciecgenval.files.wordpress.com\/2016\/06\/dsc_0315-800x600.jpg?w=300\" alt=\"DSC_0315 [800x600]\" width=\"300\" height=\"200\" \/><br \/>\n<img loading=\"lazy\" decoding=\"async\" class=\"aligncenter size-medium wp-image-2072\" src=\"https:\/\/ciecgenval.files.wordpress.com\/2016\/06\/dsc_0321-800x600.jpg?w=300\" alt=\"DSC_0321 [800x600]\" width=\"300\" height=\"200\" \/>Le temps de reprendre nos chiens en laisse et nous arrivions sur le macadam que nous suiv\u00eemes durant une centaine de m\u00e8tres avant de retrouver notre sentier de d\u00e9part et enfin le parking.<br \/>\nNous nous s\u00e9par\u00e2mes mais nous \u00e9tions quand m\u00eame 5 \u00e0 nous retrouver au restaurant pour terminer cette balade bien agr\u00e9able et tonifiante pr\u00e8s d\u2019un feu de bois et autour d\u2019un bon repas.<\/strong><\/em><\/p>\n","protected":false},"excerpt":{"rendered":"<p>Neige et gel s\u2019\u00e9taient impos\u00e9s pour cette premi\u00e8re promenade de 2016\u2026 et certains n\u2019ont pu nous rejoindre ce dimanche matin. Malgr\u00e9 ces d\u00e9fections, notre groupe \u00e9tait fort d\u2019une bonne vingtaine de personnes et d\u2019autant de chiens\u2026 qui firent connaissance sur le parking du cimeti\u00e8re avant de s\u2019aventurer dans le sentier par o\u00f9 nous allions d\u00e9buter [&hellip;]<\/p>\n","protected":false},"author":1,"featured_media":0,"comment_status":"open","ping_status":"open","sticky":false,"template":"","format":"standard","meta":{"_et_pb_use_builder":"","_et_pb_old_content":"","_et_gb_content_width":"","footnotes":""},"categories":[14],"tags":[],"class_list":["post-2015","post","type-post","status-publish","format-standard","hentry","category-promenades"],"_links":{"self":[{"href":"https:\/\/ciec.be\/blog\/index.php\/wp-json\/wp\/v2\/posts\/2015","targetHints":{"allow":["GET"]}}],"collection":[{"href":"https:\/\/ciec.be\/blog\/index.php\/wp-json\/wp\/v2\/posts"}],"about":[{"href":"https:\/\/ciec.be\/blog\/index.php\/wp-json\/wp\/v2\/types\/post"}],"author":[{"embeddable":true,"href":"https:\/\/ciec.be\/blog\/index.php\/wp-json\/wp\/v2\/users\/1"}],"replies":[{"embeddable":true,"href":"https:\/\/ciec.be\/blog\/index.php\/wp-json\/wp\/v2\/comments?post=2015"}],"version-history":[{"count":0,"href":"https:\/\/ciec.be\/blog\/index.php\/wp-json\/wp\/v2\/posts\/2015\/revisions"}],"wp:attachment":[{"href":"https:\/\/ciec.be\/blog\/index.php\/wp-json\/wp\/v2\/media?parent=2015"}],"wp:term":[{"taxonomy":"category","embeddable":true,"href":"https:\/\/ciec.be\/blog\/index.php\/wp-json\/wp\/v2\/categories?post=2015"},{"taxonomy":"post_tag","embeddable":true,"href":"https:\/\/ciec.be\/blog\/index.php\/wp-json\/wp\/v2\/tags?post=2015"}],"curies":[{"name":"wp","href":"https:\/\/api.w.org\/{rel}","templated":true}]}}