{"id":172,"date":"2012-07-17T19:24:59","date_gmt":"2012-07-17T19:24:59","guid":{"rendered":"http:\/\/ciecgenval.wordpress.com\/?p=172"},"modified":"2023-06-29T06:13:50","modified_gmt":"2023-06-29T06:13:50","slug":"fin-mai-a-calais","status":"publish","type":"post","link":"https:\/\/ciec.be\/blog\/index.php\/2012\/07\/17\/fin-mai-a-calais\/","title":{"rendered":"Fin mai \u00e0 Calais"},"content":{"rendered":"<p><em><strong>Le long week-end de la Pentec\u00f4te, du 26 au 28 mai, nous avions programm\u00e9 notre \u00ab\u00a0descente\u00a0\u00bb annuelle \u00e0 Calais !<\/strong><\/em><\/p>\n<p><em><strong>Samedi en d\u00e9but d&rsquo;apr\u00e8s-midi, d\u00e8s la fin des cours, nous partions donc pour cette vir\u00e9e calaisienne attendue par tous.&nbsp; Apr\u00e8s une route sans histoire, nous arrivions sur place et passions la fin de journ\u00e9e \u00e0 la plage&#8230; pour une premi\u00e8re \u00ab\u00a0mise en bouche\u00a0\u00bb.<\/strong><\/em><\/p>\n<p><em><strong>Dimanche matin, cela devenait plus s\u00e9rieux avec la visite du sommet du cap Blanc nez tout d&rsquo;abord, dans l&rsquo;espoir de voir les c\u00f4tes anglaises&#8230;<\/strong><\/em><\/p>\n<p><img loading=\"lazy\" decoding=\"async\" class=\"aligncenter size-full wp-image-173\" title=\"100_0432\" src=\"http:\/\/ciecgenval.files.wordpress.com\/2012\/07\/100_0432.jpg\" alt=\"\" width=\"604\" height=\"453\"><\/p>\n<p><span style=\"color:#ff0000;\"><em><strong>La mont\u00e9e vers le point de vue<\/strong><\/em><\/span><\/p>\n<p><img loading=\"lazy\" decoding=\"async\" class=\"aligncenter size-full wp-image-174\" title=\"100_0435\" src=\"http:\/\/ciecgenval.files.wordpress.com\/2012\/07\/100_0435.jpg\" alt=\"\" width=\"604\" height=\"453\"><\/p>\n<p><span style=\"color:#ff0000;\"><em><strong>Rita et Angie avec, en toile de fond, la c\u00f4te et les falaises.<\/strong><\/em><\/span><\/p>\n<p><img loading=\"lazy\" decoding=\"async\" class=\"aligncenter size-full wp-image-175\" title=\"100_0440\" src=\"http:\/\/ciecgenval.files.wordpress.com\/2012\/07\/100_0440.jpg\" alt=\"\" width=\"604\" height=\"453\"><\/p>\n<p><span style=\"color:#ff0000;\"><em><strong>Les centres d&rsquo;int\u00e9r\u00eat des participants sont assez divers !<\/strong><\/em><\/span><\/p>\n<p><img loading=\"lazy\" decoding=\"async\" class=\"aligncenter size-full wp-image-176\" title=\"100_0442\" src=\"http:\/\/ciecgenval.files.wordpress.com\/2012\/07\/100_0442.jpg\" alt=\"\" width=\"604\" height=\"453\"><\/p>\n<p><span style=\"color:#ff0000;\"><em><strong>Lulu et Patch&#8230;<\/strong><\/em><\/span><\/p>\n<p><img loading=\"lazy\" decoding=\"async\" class=\"aligncenter size-full wp-image-217\" title=\"IMG_0565\" src=\"http:\/\/ciecgenval.files.wordpress.com\/2012\/07\/img_0565.jpg\" alt=\"\" width=\"604\" height=\"452\"><\/p>\n<p><span style=\"color:#ff0000;\"><em><strong>Vue imprenable sur le village d&rsquo;Escale<\/strong><\/em><\/span><\/p>\n<p><img loading=\"lazy\" decoding=\"async\" class=\"aligncenter size-full wp-image-218\" title=\"IMG_0566\" src=\"http:\/\/ciecgenval.files.wordpress.com\/2012\/07\/img_0566.jpg\" alt=\"\" width=\"604\" height=\"452\"><\/p>\n<p><span style=\"color:#ff0000;\"><em><strong>et sur la c\u00f4te jusqu&rsquo;au cap Gris Nez<\/strong><\/em><\/span><\/p>\n<p><em><strong>Apr\u00e8s avoir admir\u00e9 le paysage, nous reprenons les voitures jusqu&rsquo;au cran d&rsquo;Escale.&nbsp; La mar\u00e9e est basse, nous allons pouvoir nous balader sur la plage&#8230;<\/strong><\/em><\/p>\n<p><img loading=\"lazy\" decoding=\"async\" class=\"aligncenter size-full wp-image-177\" title=\"100_0446\" src=\"http:\/\/ciecgenval.files.wordpress.com\/2012\/07\/100_0446.jpg\" alt=\"\" width=\"604\" height=\"453\"><\/p>\n<p><span style=\"color:#ff0000;\"><em><strong>La descente vers le cran<\/strong><\/em><\/span><\/p>\n<p><img loading=\"lazy\" decoding=\"async\" class=\"aligncenter size-full wp-image-178\" title=\"100_0447\" src=\"http:\/\/ciecgenval.files.wordpress.com\/2012\/07\/100_0447.jpg\" alt=\"\" width=\"604\" height=\"453\"><\/p>\n<p><img loading=\"lazy\" decoding=\"async\" class=\"aligncenter size-full wp-image-179\" title=\"100_0448\" src=\"http:\/\/ciecgenval.files.wordpress.com\/2012\/07\/100_0448.jpg\" alt=\"\" width=\"604\" height=\"453\"><\/p>\n<p><span style=\"color:#ff0000;\"><em><strong>Et l&rsquo;arriv\u00e9e sur la plage !<\/strong><\/em><\/span><\/p>\n<p><img loading=\"lazy\" decoding=\"async\" class=\"aligncenter size-full wp-image-180\" title=\"100_0451\" src=\"http:\/\/ciecgenval.files.wordpress.com\/2012\/07\/100_0451.jpg\" alt=\"\" width=\"604\" height=\"453\"><\/p>\n<p><span style=\"color:#ff0000;\"><em><strong>Les premiers chiens sont lib\u00e9r\u00e9s&#8230; Nous optons pour la zone de plage la moins fr\u00e9quent\u00e9e&#8230;<\/strong><\/em><\/span><\/p>\n<p><img loading=\"lazy\" decoding=\"async\" class=\"aligncenter size-full wp-image-181\" title=\"100_0462\" src=\"http:\/\/ciecgenval.files.wordpress.com\/2012\/07\/100_0462.jpg\" alt=\"\" width=\"604\" height=\"453\"><\/p>\n<p><img loading=\"lazy\" decoding=\"async\" class=\"aligncenter size-full wp-image-182\" title=\"100_0466\" src=\"http:\/\/ciecgenval.files.wordpress.com\/2012\/07\/100_0466.jpg\" alt=\"\" width=\"604\" height=\"453\"><\/p>\n<p><em><strong>C&rsquo;est le bonheur pour les chiens, \u00e9videmment !!! Mais nous ne sommes pas en reste et profitons largement du soleil et de la brise de mer.<\/strong><\/em><\/p>\n<p><img loading=\"lazy\" decoding=\"async\" class=\"aligncenter size-full wp-image-183\" title=\"100_0473\" src=\"http:\/\/ciecgenval.files.wordpress.com\/2012\/07\/100_0473.jpg\" alt=\"\" width=\"604\" height=\"453\"><\/p>\n<p><span style=\"color:#ff0000;\"><em><strong>Les petits poissons et les crabes pi\u00e9g\u00e9s dans les trous d&rsquo;eau sont tr\u00e8s attractifs !<\/strong><\/em><\/span><\/p>\n<p><img loading=\"lazy\" decoding=\"async\" class=\"aligncenter size-full wp-image-185\" title=\"100_0481\" src=\"http:\/\/ciecgenval.files.wordpress.com\/2012\/07\/100_0481.jpg\" alt=\"\" width=\"604\" height=\"453\"><\/p>\n<p><span style=\"color:#ff0000;\"><em><strong>mais affronter les vagues a aussi ses adeptes !<\/strong><\/em><\/span><\/p>\n<p><img loading=\"lazy\" decoding=\"async\" class=\"aligncenter size-full wp-image-186\" title=\"100_0492\" src=\"http:\/\/ciecgenval.files.wordpress.com\/2012\/07\/100_0492.jpg\" alt=\"\" width=\"604\" height=\"453\"><\/p>\n<p><span style=\"color:#ff0000;\"><em><strong>Et il y a m\u00eame celle qui ne veut pas trop se salir ni se mouiller les pattes&#8230;<\/strong><\/em><\/span><\/p>\n<p><img loading=\"lazy\" decoding=\"async\" class=\"aligncenter size-full wp-image-187\" title=\"100_0494\" src=\"http:\/\/ciecgenval.files.wordpress.com\/2012\/07\/100_0494.jpg\" alt=\"\" width=\"604\" height=\"453\"><\/p>\n<p><span style=\"color:#ff0000;\"><em><strong>Un petit galop plein de l\u00e9g\u00e8ret\u00e9 pour Gem&#8230;<\/strong><\/em><\/span><\/p>\n<p><img loading=\"lazy\" decoding=\"async\" class=\"aligncenter size-full wp-image-188\" title=\"IMG_0579\" src=\"http:\/\/ciecgenval.files.wordpress.com\/2012\/07\/img_0579.jpg\" alt=\"\" width=\"604\" height=\"452\"><\/p>\n<p><span style=\"color:#ff0000;\"><em><strong>Et une course poursuite entre Kh\u00e9pri et Bob.<\/strong><\/em><\/span><\/p>\n<p><img loading=\"lazy\" decoding=\"async\" class=\"aligncenter size-full wp-image-190\" title=\"100_0520\" src=\"http:\/\/ciecgenval.files.wordpress.com\/2012\/07\/100_0520.jpg\" alt=\"\" width=\"604\" height=\"453\"><\/p>\n<p><span style=\"color:#ff0000;\"><em><strong>Parfois, les chiens font des rencontres&#8230;<\/strong><\/em><\/span><\/p>\n<p><img loading=\"lazy\" decoding=\"async\" class=\"aligncenter size-full wp-image-191\" title=\"100_0532\" src=\"http:\/\/ciecgenval.files.wordpress.com\/2012\/07\/100_0532.jpg\" alt=\"\" width=\"604\" height=\"453\"><\/p>\n<p><em><strong>Mais m\u00eame les bonnes choses ont une fin et midi largement d\u00e9pass\u00e9, apr\u00e8s un dernier galop, c&rsquo;est le moment de revenir au parking<\/strong><\/em><\/p>\n<p><img loading=\"lazy\" decoding=\"async\" class=\"aligncenter size-full wp-image-192\" title=\"100_0535\" src=\"http:\/\/ciecgenval.files.wordpress.com\/2012\/07\/100_0535.jpg\" alt=\"\" width=\"604\" height=\"453\"><\/p>\n<p><span style=\"color:#ff0000;\"><em><strong>Dure, dure, la mont\u00e9e !<\/strong><\/em><\/span><\/p>\n<p><em><strong>Pour le repas de midi, nous n&rsquo;avons pas h\u00e9sit\u00e9 un instant, c&rsquo;est au Tie Break que nous avons, comme d&rsquo;habitude depuis plusieurs ann\u00e9es, repris des forces&#8230;<\/strong><\/em><\/p>\n<p><em><strong>Ensuite, nous avons fait le tour de la tr\u00e8s jolie r\u00e9serve naturelle de Wissant, d\u00e9nomm\u00e9e&#8230;<\/strong><\/em><\/p>\n<p><img loading=\"lazy\" decoding=\"async\" class=\"aligncenter size-full wp-image-193\" title=\"100_0542\" src=\"http:\/\/ciecgenval.files.wordpress.com\/2012\/07\/100_0542.jpg\" alt=\"\" width=\"604\" height=\"453\"><\/p>\n<p><img loading=\"lazy\" decoding=\"async\" class=\"aligncenter size-full wp-image-194\" title=\"100_0543\" src=\"http:\/\/ciecgenval.files.wordpress.com\/2012\/07\/100_0543.jpg\" alt=\"\" width=\"604\" height=\"453\"><em><strong>Compos\u00e9e d&rsquo;une importante \u00e9tendue d&rsquo;eau entour\u00e9e de bois et de taillis, c&rsquo;est un merveilleux refuge pour la faune et la flore, une ann\u00e9e nous avons m\u00eame pu y photographier des orchid\u00e9es !<\/strong><\/em><\/p>\n<p><img loading=\"lazy\" decoding=\"async\" class=\"aligncenter size-full wp-image-195\" title=\"100_0545\" src=\"http:\/\/ciecgenval.files.wordpress.com\/2012\/07\/100_0545.jpg\" alt=\"\" width=\"604\" height=\"453\"><\/p>\n<p><span style=\"color:#ff0000;\"><em><strong>Pour d\u00e9courager tout type de v\u00e9hicules, des chicanes ont \u00e9t\u00e9 install\u00e9es&#8230; mais avec un porte-b\u00e9b\u00e9, passer devient presque mission impossible !!<\/strong><\/em><\/span><\/p>\n<p><img loading=\"lazy\" decoding=\"async\" class=\"aligncenter size-full wp-image-196\" title=\"100_0550\" src=\"http:\/\/ciecgenval.files.wordpress.com\/2012\/07\/100_0550.jpg\" alt=\"\" width=\"604\" height=\"453\"><\/p>\n<p><em><strong>Le sentier est bien am\u00e9nag\u00e9, et sous le soleil, c&rsquo;est un vrai bonheur que de d\u00e9couvrir ce petit coin pr\u00e9serv\u00e9<\/strong><\/em><\/p>\n<p><img loading=\"lazy\" decoding=\"async\" class=\"aligncenter size-full wp-image-197\" title=\"100_0557\" src=\"http:\/\/ciecgenval.files.wordpress.com\/2012\/07\/100_0557.jpg\" alt=\"\" width=\"604\" height=\"453\"><\/p>\n<p><span style=\"color:#ff0000;\"><em><strong>Plusieurs caches ont \u00e9t\u00e9 am\u00e9nag\u00e9es afin de pouvoir voir les animaux sans \u00eatre vu et surtout sans les d\u00e9ranger&#8230;<\/strong><\/em><\/span><\/p>\n<p><img loading=\"lazy\" decoding=\"async\" class=\"aligncenter size-full wp-image-198\" title=\"100_0553\" src=\"http:\/\/ciecgenval.files.wordpress.com\/2012\/07\/100_0553.jpg\" alt=\"\" width=\"604\" height=\"453\"><\/p>\n<p><img loading=\"lazy\" decoding=\"async\" class=\"aligncenter size-full wp-image-199\" title=\"100_0560\" src=\"http:\/\/ciecgenval.files.wordpress.com\/2012\/07\/100_0560.jpg\" alt=\"\" width=\"604\" height=\"453\"><\/p>\n<p><span style=\"color:#ff0000;\"><em><strong>Escaliers au menu, cette fois !<\/strong><\/em><\/span><\/p>\n<p><img loading=\"lazy\" decoding=\"async\" class=\"aligncenter size-full wp-image-200\" title=\"100_0566\" src=\"http:\/\/ciecgenval.files.wordpress.com\/2012\/07\/100_0566.jpg\" alt=\"\" width=\"604\" height=\"453\"><\/p>\n<p><em><strong>pour d\u00e9couvrir, sur la colline, quelques vaches des Highlands&#8230; qui officient comment tondeuses.<\/strong><\/em><\/p>\n<p><img loading=\"lazy\" decoding=\"async\" class=\"aligncenter size-full wp-image-201\" title=\"100_0559\" src=\"http:\/\/ciecgenval.files.wordpress.com\/2012\/07\/100_0559.jpg\" alt=\"\" width=\"604\" height=\"453\"><\/p>\n<p><em><strong>Apr\u00e8s un dernier regard sur la falaise o\u00f9 nichent des hirondelles de rivage, nous quittons la r\u00e9serve pour rejoindre notre h\u00f4tel.<\/strong><\/em><\/p>\n<p><em><strong>Le lendemain, nous d\u00e9cidons d&rsquo;aller au cap gris nez, cette fois !<\/strong><\/em><\/p>\n<p><img loading=\"lazy\" decoding=\"async\" class=\"aligncenter size-full wp-image-202\" title=\"100_0569\" src=\"http:\/\/ciecgenval.files.wordpress.com\/2012\/07\/100_0569.jpg\" alt=\"\" width=\"604\" height=\"453\"><\/p>\n<p><em><strong>La mar\u00e9e descend et ici, outre le sable, nous avons aussi de nombreux rochers qui affleurent.<\/strong><\/em><\/p>\n<p><em><strong>Le ciel est bas, la temp\u00e9rature fra\u00eeche et la brume s&rsquo;effiloche le long de la falaise.<\/strong><\/em><\/p>\n<p><img loading=\"lazy\" decoding=\"async\" class=\"aligncenter size-full wp-image-203\" title=\"100_0572\" src=\"http:\/\/ciecgenval.files.wordpress.com\/2012\/07\/100_0572.jpg\" alt=\"\" width=\"604\" height=\"453\"><\/p>\n<p><em><strong>La mission du jour est de rechercher des galets petits et plats qui serviront \u00e0 la r\u00e9alisation d&rsquo;une mosa\u00efque.<\/strong><\/em><\/p>\n<p><img loading=\"lazy\" decoding=\"async\" class=\"aligncenter size-full wp-image-204\" title=\"100_0574\" src=\"http:\/\/ciecgenval.files.wordpress.com\/2012\/07\/100_0574.jpg\" alt=\"\" width=\"604\" height=\"453\"><\/p>\n<p><em><strong>En toile de fond, quelques p\u00eacheurs qui mettent leur flobart \u00e0 l&rsquo;eau.<\/strong><\/em><\/p>\n<p><img loading=\"lazy\" decoding=\"async\" class=\"aligncenter size-full wp-image-205\" title=\"100_0578\" src=\"http:\/\/ciecgenval.files.wordpress.com\/2012\/07\/100_0578.jpg\" alt=\"\" width=\"604\" height=\"453\"><\/p>\n<p><span style=\"color:#ff0000;\"><em><strong>Avec 4 pattes motrices, les chiens glissent \u00e9videmment moins que nous sur les algues mouill\u00e9es !<\/strong><\/em><\/span><\/p>\n<p><img loading=\"lazy\" decoding=\"async\" class=\"aligncenter size-full wp-image-212\" title=\"100_0580\" src=\"http:\/\/ciecgenval.files.wordpress.com\/2012\/07\/100_0580.jpg\" alt=\"\" width=\"604\" height=\"453\"><\/p>\n<p><span style=\"color:#ff0000;\"><em><strong>Entre les rochers, l&rsquo;eau est parfois profonde&#8230; ce qu&rsquo;Angie appr\u00e9cie visiblement !<\/strong><\/em><\/span><\/p>\n<p><img loading=\"lazy\" decoding=\"async\" class=\"aligncenter size-full wp-image-214\" title=\"100_0581\" src=\"http:\/\/ciecgenval.files.wordpress.com\/2012\/07\/100_0581.jpg\" alt=\"\" width=\"604\" height=\"453\"><\/p>\n<p><span style=\"color:#ff0000;\"><em><strong>Voil\u00e0 Bob dans un mauvais pas&#8230; Sauter o\u00f9 plonger, l\u00e0 est la question !!!<\/strong><\/em><\/span><\/p>\n<p><em><strong>Mais soudain, alors que nous admirons le ballet des chiens&#8230; Bernadette, une des participantes, recule, glisse sur les algues, perd l&rsquo;\u00e9quilibre&#8230; et se retrouve dans un trou d&rsquo;eau&#8230; Tremp\u00e9e jusqu&rsquo;aux os, le bras et le dos douloureux, elle pr\u00e9f\u00e8re aller se changer dans un \u00e9tablissement proche pendant que nous continuons notre balade le long de la mer.<\/strong><\/em><\/p>\n<p><img loading=\"lazy\" decoding=\"async\" class=\"aligncenter size-full wp-image-206\" title=\"100_0584\" src=\"http:\/\/ciecgenval.files.wordpress.com\/2012\/07\/100_0584.jpg\" alt=\"\" width=\"604\" height=\"453\"><\/p>\n<p><em><strong>Dans l&rsquo;eau, les bouchots qui portent les petites moules typiques de la r\u00e9gion<\/strong><\/em><\/p>\n<p><img loading=\"lazy\" decoding=\"async\" class=\"aligncenter size-full wp-image-207\" title=\"100_0588\" src=\"http:\/\/ciecgenval.files.wordpress.com\/2012\/07\/100_0588.jpg\" alt=\"\" width=\"604\" height=\"453\"><\/p>\n<p><img loading=\"lazy\" decoding=\"async\" class=\"aligncenter size-full wp-image-208\" title=\"100_0591\" src=\"http:\/\/ciecgenval.files.wordpress.com\/2012\/07\/100_0591.jpg\" alt=\"\" width=\"604\" height=\"453\"><\/p>\n<p><img loading=\"lazy\" decoding=\"async\" class=\"aligncenter size-full wp-image-209\" title=\"100_0605\" src=\"http:\/\/ciecgenval.files.wordpress.com\/2012\/07\/100_0605.jpg\" alt=\"\" width=\"604\" height=\"453\"><\/p>\n<p><em><strong>Petit \u00e0 petit, le soleil perce la couverture nuageuse&#8230; et nous r\u00e9chauffe&#8230; Vestes et pulls sont tomb\u00e9s !<\/strong><\/em><\/p>\n<p><img loading=\"lazy\" decoding=\"async\" class=\"aligncenter size-full wp-image-210\" title=\"100_0607\" src=\"http:\/\/ciecgenval.files.wordpress.com\/2012\/07\/100_0607.jpg\" alt=\"\" width=\"604\" height=\"453\"><\/p>\n<p><em><strong>L&rsquo;\u00e9vaporation est intense, provoquant une brume \u00e9paisse qui cache la limite entre le ciel et l&rsquo;eau.<\/strong><\/em><\/p>\n<p><img loading=\"lazy\" decoding=\"async\" class=\"aligncenter size-full wp-image-211\" title=\"100_0610\" src=\"http:\/\/ciecgenval.files.wordpress.com\/2012\/07\/100_0610.jpg\" alt=\"\" width=\"604\" height=\"453\"><\/p>\n<p><em><strong>Apr\u00e8s ces quelques heures de d\u00e9lassement, il est temps de prendre un dernier repas ensemble, avant de monter dans nos v\u00e9hicules pour le retour en Belgique&#8230; En se disant que ce fut un super week-end et que l&rsquo;an prochain, nous serons au rendez-vous !!<\/strong><\/em><\/p>\n","protected":false},"excerpt":{"rendered":"<p>Le long week-end de la Pentec\u00f4te, du 26 au 28 mai, nous avions programm\u00e9 notre \u00ab\u00a0descente\u00a0\u00bb annuelle \u00e0 Calais ! Samedi en d\u00e9but d&rsquo;apr\u00e8s-midi, d\u00e8s la fin des cours, nous partions donc pour cette vir\u00e9e calaisienne attendue par tous.&nbsp; Apr\u00e8s une route sans histoire, nous arrivions sur place et passions la fin de journ\u00e9e \u00e0 [&hellip;]<\/p>\n","protected":false},"author":1,"featured_media":0,"comment_status":"closed","ping_status":"closed","sticky":false,"template":"","format":"standard","meta":{"_et_pb_use_builder":"","_et_pb_old_content":"","_et_gb_content_width":"","footnotes":""},"categories":[14],"tags":[58,74,75,91,115,159,166,195],"class_list":["post-172","post","type-post","status-publish","format-standard","hentry","category-promenades","tag-calais","tag-chien","tag-ciec","tag-cran-descale","tag-france","tag-pas-de-calais","tag-promenade","tag-wissant"],"_links":{"self":[{"href":"https:\/\/ciec.be\/blog\/index.php\/wp-json\/wp\/v2\/posts\/172","targetHints":{"allow":["GET"]}}],"collection":[{"href":"https:\/\/ciec.be\/blog\/index.php\/wp-json\/wp\/v2\/posts"}],"about":[{"href":"https:\/\/ciec.be\/blog\/index.php\/wp-json\/wp\/v2\/types\/post"}],"author":[{"embeddable":true,"href":"https:\/\/ciec.be\/blog\/index.php\/wp-json\/wp\/v2\/users\/1"}],"replies":[{"embeddable":true,"href":"https:\/\/ciec.be\/blog\/index.php\/wp-json\/wp\/v2\/comments?post=172"}],"version-history":[{"count":1,"href":"https:\/\/ciec.be\/blog\/index.php\/wp-json\/wp\/v2\/posts\/172\/revisions"}],"predecessor-version":[{"id":2585,"href":"https:\/\/ciec.be\/blog\/index.php\/wp-json\/wp\/v2\/posts\/172\/revisions\/2585"}],"wp:attachment":[{"href":"https:\/\/ciec.be\/blog\/index.php\/wp-json\/wp\/v2\/media?parent=172"}],"wp:term":[{"taxonomy":"category","embeddable":true,"href":"https:\/\/ciec.be\/blog\/index.php\/wp-json\/wp\/v2\/categories?post=172"},{"taxonomy":"post_tag","embeddable":true,"href":"https:\/\/ciec.be\/blog\/index.php\/wp-json\/wp\/v2\/tags?post=172"}],"curies":[{"name":"wp","href":"https:\/\/api.w.org\/{rel}","templated":true}]}}