{"id":1604,"date":"2015-07-06T12:48:12","date_gmt":"2015-07-06T12:48:12","guid":{"rendered":"https:\/\/ciecgenval.wordpress.com\/?p=1604"},"modified":"2015-07-06T12:48:12","modified_gmt":"2015-07-06T12:48:12","slug":"des-chiens-mais-pas-de-castors","status":"publish","type":"post","link":"https:\/\/ciec.be\/blog\/index.php\/2015\/07\/06\/des-chiens-mais-pas-de-castors\/","title":{"rendered":"Des chiens mais pas de castors"},"content":{"rendered":"<p><em><strong>Pour ce dimanche ensoleill\u00e9 de fin juin, Marc et V\u00e9ronique nous conviaient \u00e0 d\u00e9couvrir les environs de Pecrot, non loin de Grez-Doiceau.<br \/>\nEst-ce le grand soleil annonc\u00e9, la fin des examens ou toute autre raison,<a href=\"https:\/\/ciecgenval.files.wordpress.com\/2015\/07\/photos-rc3a9centes-013-800x600.jpg\"><img loading=\"lazy\" decoding=\"async\" class=\"aligncenter size-medium wp-image-1605\" src=\"https:\/\/ciecgenval.files.wordpress.com\/2015\/07\/photos-rc3a9centes-013-800x600.jpg?w=300\" alt=\"photos r\u00e9centes 013 [800x600]\" width=\"300\" height=\"225\" \/><\/a>je n\u2019en sais rien mais toujours est-il que bient\u00f4t 22 chiens et leurs ma\u00eetres se retrouvaient au lieu de rendez-vous\u00a0!<a href=\"https:\/\/ciecgenval.files.wordpress.com\/2015\/07\/photos-rc3a9centes-015-800x600.jpg\"><img loading=\"lazy\" decoding=\"async\" class=\"aligncenter size-medium wp-image-1606\" src=\"https:\/\/ciecgenval.files.wordpress.com\/2015\/07\/photos-rc3a9centes-015-800x600.jpg?w=300\" alt=\"photos r\u00e9centes 015 [800x600]\" width=\"300\" height=\"225\" \/><\/a><br \/>\n<a href=\"https:\/\/ciecgenval.files.wordpress.com\/2015\/07\/photos-rc3a9centes-016-800x600.jpg\"><img loading=\"lazy\" decoding=\"async\" class=\"aligncenter size-medium wp-image-1607\" src=\"https:\/\/ciecgenval.files.wordpress.com\/2015\/07\/photos-rc3a9centes-016-800x600.jpg?w=300\" alt=\"photos r\u00e9centes 016 [800x600]\" width=\"300\" height=\"225\" \/><\/a>Nous d\u00e9marr\u00e2mes pour traverser, un peu plus loin, <a href=\"https:\/\/ciecgenval.files.wordpress.com\/2015\/07\/photos-rc3a9centes-017-800x600.jpg\"><img loading=\"lazy\" decoding=\"async\" class=\"aligncenter size-medium wp-image-1608\" src=\"https:\/\/ciecgenval.files.wordpress.com\/2015\/07\/photos-rc3a9centes-017-800x600.jpg?w=300\" alt=\"photos r\u00e9centes 017 [800x600]\" width=\"300\" height=\"225\" \/><\/a><br \/>\n<a href=\"https:\/\/ciecgenval.files.wordpress.com\/2015\/07\/photos-rc3a9centes-018-800x600.jpg\"><img loading=\"lazy\" decoding=\"async\" class=\"aligncenter size-medium wp-image-1609\" src=\"https:\/\/ciecgenval.files.wordpress.com\/2015\/07\/photos-rc3a9centes-018-800x600.jpg?w=300\" alt=\"photos r\u00e9centes 018 [800x600]\" width=\"300\" height=\"225\" \/><\/a>les voies du chemin de fer et d\u00e9boucher imm\u00e9diatement dans les taillis <a href=\"https:\/\/ciecgenval.files.wordpress.com\/2015\/07\/photos-rc3a9centes-019-800x600.jpg\"><img loading=\"lazy\" decoding=\"async\" class=\"aligncenter size-medium wp-image-1610\" src=\"https:\/\/ciecgenval.files.wordpress.com\/2015\/07\/photos-rc3a9centes-019-800x600.jpg?w=300\" alt=\"photos r\u00e9centes 019 [800x600]\" width=\"300\" height=\"225\" \/><\/a>et la partie \u00ab\u00a0fatigante\u00a0\u00bb de la balade\u00a0: la mont\u00e9e, dans le sable mais sous le couvert des arbres, jusqu\u2019au plateau.<br \/>\n<a href=\"https:\/\/ciecgenval.files.wordpress.com\/2015\/07\/img_0044-800x600.jpg\"><img loading=\"lazy\" decoding=\"async\" class=\"aligncenter size-medium wp-image-1613\" src=\"https:\/\/ciecgenval.files.wordpress.com\/2015\/07\/img_0044-800x600.jpg?w=300\" alt=\"IMG_0044 [800x600]\" width=\"300\" height=\"200\" \/><\/a><br \/>\n<a href=\"https:\/\/ciecgenval.files.wordpress.com\/2015\/07\/img_0046-800x600.jpg\"><img loading=\"lazy\" decoding=\"async\" class=\"aligncenter size-medium wp-image-1614\" src=\"https:\/\/ciecgenval.files.wordpress.com\/2015\/07\/img_0046-800x600.jpg?w=300\" alt=\"IMG_0046 [800x600]\" width=\"300\" height=\"200\" \/><\/a>Le temps sec n\u2019ayant pas \u00e9t\u00e9 suffisant, de grandes mares de boue bien noire jonchaient notre trajet\u2026 <a href=\"https:\/\/ciecgenval.files.wordpress.com\/2015\/07\/photos-rc3a9centes-021-800x600.jpg\"><img loading=\"lazy\" decoding=\"async\" class=\"aligncenter size-medium wp-image-1615\" src=\"https:\/\/ciecgenval.files.wordpress.com\/2015\/07\/photos-rc3a9centes-021-800x600.jpg?w=300\" alt=\"photos r\u00e9centes 021 [800x600]\" width=\"300\" height=\"225\" \/><\/a><br \/>\n<a href=\"https:\/\/ciecgenval.files.wordpress.com\/2015\/07\/img_0047-800x600.jpg\"><img loading=\"lazy\" decoding=\"async\" class=\"aligncenter size-medium wp-image-1616\" src=\"https:\/\/ciecgenval.files.wordpress.com\/2015\/07\/img_0047-800x600.jpg?w=300\" alt=\"IMG_0047 [800x600]\" width=\"300\" height=\"200\" \/><\/a>et bien s\u00fbr, nos chiens ne se priv\u00e8rent pas d\u2019y patauger avec d\u00e9lectation.<br \/>\nTout \u00e0 coup, une p\u00e9tarade se fit entendre et deux motos arriv\u00e8rent \u00e0 fond de train\u2026<a href=\"https:\/\/ciecgenval.files.wordpress.com\/2015\/07\/photos-rc3a9centes-022-800x600.jpg\"><img loading=\"lazy\" decoding=\"async\" class=\"aligncenter size-medium wp-image-1617\" src=\"https:\/\/ciecgenval.files.wordpress.com\/2015\/07\/photos-rc3a9centes-022-800x600.jpg?w=300\" alt=\"photos r\u00e9centes 022 [800x600]\" width=\"300\" height=\"225\" \/><\/a>en voyant les premiers chiens, ils frein\u00e8rent le temps que nous \u00e9cartions nos chiens puis ils repartirent, <a href=\"https:\/\/ciecgenval.files.wordpress.com\/2015\/07\/photos-rc3a9centes-024-800x600.jpg\"><img loading=\"lazy\" decoding=\"async\" class=\"aligncenter size-medium wp-image-1618\" src=\"https:\/\/ciecgenval.files.wordpress.com\/2015\/07\/photos-rc3a9centes-024-800x600.jpg?w=300\" alt=\"photos r\u00e9centes 024 [800x600]\" width=\"300\" height=\"225\" \/><\/a>le bruit de leurs engins s\u2019\u00e9teignant peu \u00e0 peu.<br \/>\nNous arriv\u00e2mes le long de champs encore verts, <a href=\"https:\/\/ciecgenval.files.wordpress.com\/2015\/07\/photos-rc3a9centes-025-800x600.jpg\"><img loading=\"lazy\" decoding=\"async\" class=\"aligncenter size-medium wp-image-1619\" src=\"https:\/\/ciecgenval.files.wordpress.com\/2015\/07\/photos-rc3a9centes-025-800x600.jpg?w=300\" alt=\"photos r\u00e9centes 025 [800x600]\" width=\"300\" height=\"225\" \/><\/a>notre progression se faisant parfois \u00e0 la queue leu leu, le sentier ayant \u00e9t\u00e9 \u00ab\u00a0r\u00e9cup\u00e9r\u00e9\u00a0\u00bb et ensemenc\u00e9 par le\u00a0 cultivateur.<a href=\"https:\/\/ciecgenval.files.wordpress.com\/2015\/07\/photos-rc3a9centes-026-800x600.jpg\"><img loading=\"lazy\" decoding=\"async\" class=\"aligncenter size-medium wp-image-1620\" src=\"https:\/\/ciecgenval.files.wordpress.com\/2015\/07\/photos-rc3a9centes-026-800x600.jpg?w=300\" alt=\"photos r\u00e9centes 026 [800x600]\" width=\"300\" height=\"225\" \/><\/a><br \/>\n<a href=\"https:\/\/ciecgenval.files.wordpress.com\/2015\/07\/photos-rc3a9centes-027-800x600.jpg\"><img loading=\"lazy\" decoding=\"async\" class=\"aligncenter size-medium wp-image-1621\" src=\"https:\/\/ciecgenval.files.wordpress.com\/2015\/07\/photos-rc3a9centes-027-800x600.jpg?w=300\" alt=\"photos r\u00e9centes 027 [800x600]\" width=\"300\" height=\"225\" \/><\/a><br \/>\n<a href=\"https:\/\/ciecgenval.files.wordpress.com\/2015\/07\/img_0058-800x600.jpg\"><img loading=\"lazy\" decoding=\"async\" class=\"aligncenter size-medium wp-image-1622\" src=\"https:\/\/ciecgenval.files.wordpress.com\/2015\/07\/img_0058-800x600.jpg?w=300\" alt=\"IMG_0058 [800x600]\" width=\"300\" height=\"200\" \/><\/a><br \/>\n<a href=\"https:\/\/ciecgenval.files.wordpress.com\/2015\/07\/img_0061-800x600.jpg\"><img loading=\"lazy\" decoding=\"async\" class=\"aligncenter size-medium wp-image-1623\" src=\"https:\/\/ciecgenval.files.wordpress.com\/2015\/07\/img_0061-800x600.jpg?w=300\" alt=\"IMG_0061 [800x600]\" width=\"300\" height=\"200\" \/><\/a>Un peu plus loin et comme la chaleur montait, nous d\u00e9cid\u00e2mes d\u2019une halte pour d\u00e9salt\u00e9rer nos compagnons. <a href=\"https:\/\/ciecgenval.files.wordpress.com\/2015\/07\/photos-rc3a9centes-029-800x600.jpg\"><img loading=\"lazy\" decoding=\"async\" class=\"aligncenter size-medium wp-image-1625\" src=\"https:\/\/ciecgenval.files.wordpress.com\/2015\/07\/photos-rc3a9centes-029-800x600.jpg?w=300\" alt=\"photos r\u00e9centes 029 [800x600]\" width=\"300\" height=\"225\" \/><\/a><br \/>\n<a href=\"https:\/\/ciecgenval.files.wordpress.com\/2015\/07\/img_0073-800x600.jpg\"><img loading=\"lazy\" decoding=\"async\" class=\"aligncenter size-medium wp-image-1624\" src=\"https:\/\/ciecgenval.files.wordpress.com\/2015\/07\/img_0073-800x600.jpg?w=300\" alt=\"IMG_0073 [800x600]\" width=\"300\" height=\"200\" \/><\/a><br \/>\n<a href=\"https:\/\/ciecgenval.files.wordpress.com\/2015\/07\/img_0078-800x600.jpg\"><img loading=\"lazy\" decoding=\"async\" class=\"aligncenter size-medium wp-image-1626\" src=\"https:\/\/ciecgenval.files.wordpress.com\/2015\/07\/img_0078-800x600.jpg?w=300\" alt=\"IMG_0078 [800x600]\" width=\"300\" height=\"200\" \/><\/a>Nous entr\u00e2mes ensuite dans le village de Pecrot, passant une nouvelle fois la voie ferr\u00e9e\u00a0<a href=\"https:\/\/ciecgenval.files.wordpress.com\/2015\/07\/photos-rc3a9centes-031-800x600.jpg\"><img loading=\"lazy\" decoding=\"async\" class=\"aligncenter size-medium wp-image-1627\" src=\"https:\/\/ciecgenval.files.wordpress.com\/2015\/07\/photos-rc3a9centes-031-800x600.jpg?w=300\" alt=\"photos r\u00e9centes 031 [800x600]\" width=\"300\" height=\"225\" \/><\/a><br \/>\n<a href=\"https:\/\/ciecgenval.files.wordpress.com\/2015\/07\/photos-rc3a9centes-032-800x600.jpg\"><img loading=\"lazy\" decoding=\"async\" class=\"aligncenter size-medium wp-image-1628\" src=\"https:\/\/ciecgenval.files.wordpress.com\/2015\/07\/photos-rc3a9centes-032-800x600.jpg?w=300\" alt=\"photos r\u00e9centes 032 [800x600]\" width=\"300\" height=\"225\" \/><\/a> pour arriver \u00e0 l\u2019\u00e9tang du village, bien connu des amateurs de p\u00eache du coin. <a href=\"https:\/\/ciecgenval.files.wordpress.com\/2015\/07\/photos-rc3a9centes-033-800x600.jpg\"><img loading=\"lazy\" decoding=\"async\" class=\"aligncenter size-medium wp-image-1629\" src=\"https:\/\/ciecgenval.files.wordpress.com\/2015\/07\/photos-rc3a9centes-033-800x600.jpg?w=300\" alt=\"photos r\u00e9centes 033 [800x600]\" width=\"300\" height=\"225\" \/><\/a><br \/>\n<a href=\"https:\/\/ciecgenval.files.wordpress.com\/2015\/07\/photos-rc3a9centes-034-800x600.jpg\"><img loading=\"lazy\" decoding=\"async\" class=\"aligncenter size-medium wp-image-1630\" src=\"https:\/\/ciecgenval.files.wordpress.com\/2015\/07\/photos-rc3a9centes-034-800x600.jpg?w=300\" alt=\"photos r\u00e9centes 034 [800x600]\" width=\"300\" height=\"225\" \/><\/a><br \/>\n<a href=\"https:\/\/ciecgenval.files.wordpress.com\/2015\/07\/photos-rc3a9centes-036-800x600.jpg\"><img loading=\"lazy\" decoding=\"async\" class=\"aligncenter size-medium wp-image-1631\" src=\"https:\/\/ciecgenval.files.wordpress.com\/2015\/07\/photos-rc3a9centes-036-800x600.jpg?w=300\" alt=\"photos r\u00e9centes 036 [800x600]\" width=\"300\" height=\"225\" \/><\/a><br \/>\n<a href=\"https:\/\/ciecgenval.files.wordpress.com\/2015\/07\/photos-rc3a9centes-037-800x600.jpg\"><img loading=\"lazy\" decoding=\"async\" class=\"aligncenter size-medium wp-image-1632\" src=\"https:\/\/ciecgenval.files.wordpress.com\/2015\/07\/photos-rc3a9centes-037-800x600.jpg?w=300\" alt=\"photos r\u00e9centes 037 [800x600]\" width=\"300\" height=\"225\" \/><\/a><br \/>\n<a href=\"https:\/\/ciecgenval.files.wordpress.com\/2015\/07\/img_0084-800x600.jpg\"><img loading=\"lazy\" decoding=\"async\" class=\"aligncenter size-medium wp-image-1633\" src=\"https:\/\/ciecgenval.files.wordpress.com\/2015\/07\/img_0084-800x600.jpg?w=300\" alt=\"IMG_0084 [800x600]\" width=\"300\" height=\"200\" \/><\/a><br \/>\n<a href=\"https:\/\/ciecgenval.files.wordpress.com\/2015\/07\/img_0089-800x600.jpg\"><img loading=\"lazy\" decoding=\"async\" class=\"aligncenter size-medium wp-image-1634\" src=\"https:\/\/ciecgenval.files.wordpress.com\/2015\/07\/img_0089-800x600.jpg?w=300\" alt=\"IMG_0089 [800x600]\" width=\"300\" height=\"200\" \/><\/a><br \/>\n<a href=\"https:\/\/ciecgenval.files.wordpress.com\/2015\/07\/img_0090-800x600.jpg\"><img loading=\"lazy\" decoding=\"async\" class=\"aligncenter size-medium wp-image-1635\" src=\"https:\/\/ciecgenval.files.wordpress.com\/2015\/07\/img_0090-800x600.jpg?w=300\" alt=\"IMG_0090 [800x600]\" width=\"300\" height=\"200\" \/><\/a>V\u00e9ronique y avait gar\u00e9 sa voiture et nous avait pr\u00e9par\u00e9 une petite halte fra\u00eecheur de premi\u00e8re qualit\u00e9\u00a0: verres et jus de fruits ou eau furent donc distribu\u00e9s aux promeneurs\u2026 un plaisir tr\u00e8s appr\u00e9ci\u00e9 et offert, de surcro\u00eet, \u00e0 l\u2019ombre\u00a0!<br \/>\nApr\u00e8s ce rafra\u00eechissement bienvenu nous pass\u00e2mes le long de l\u2019\u00e9tang, <a href=\"https:\/\/ciecgenval.files.wordpress.com\/2015\/07\/photos-rc3a9centes-038-800x600.jpg\"><img loading=\"lazy\" decoding=\"async\" class=\"aligncenter size-medium wp-image-1636\" src=\"https:\/\/ciecgenval.files.wordpress.com\/2015\/07\/photos-rc3a9centes-038-800x600.jpg?w=300\" alt=\"photos r\u00e9centes 038 [800x600]\" width=\"300\" height=\"225\" \/><\/a><br \/>\n<a href=\"https:\/\/ciecgenval.files.wordpress.com\/2015\/07\/img_0094-800x600.jpg\"><img loading=\"lazy\" decoding=\"async\" class=\"aligncenter size-medium wp-image-1637\" src=\"https:\/\/ciecgenval.files.wordpress.com\/2015\/07\/img_0094-800x600.jpg?w=300\" alt=\"IMG_0094 [800x600]\" width=\"300\" height=\"200\" \/><\/a><br \/>\n<a href=\"https:\/\/ciecgenval.files.wordpress.com\/2015\/07\/photos-rc3a9centes-039-800x600.jpg\"><img loading=\"lazy\" decoding=\"async\" class=\"aligncenter size-medium wp-image-1638\" src=\"https:\/\/ciecgenval.files.wordpress.com\/2015\/07\/photos-rc3a9centes-039-800x600.jpg?w=300\" alt=\"photos r\u00e9centes 039 [800x600]\" width=\"300\" height=\"225\" \/><\/a><br \/>\n<a href=\"https:\/\/ciecgenval.files.wordpress.com\/2015\/07\/photos-rc3a9centes-040-800x600.jpg\"><img loading=\"lazy\" decoding=\"async\" class=\"aligncenter size-medium wp-image-1639\" src=\"https:\/\/ciecgenval.files.wordpress.com\/2015\/07\/photos-rc3a9centes-040-800x600.jpg?w=300\" alt=\"photos r\u00e9centes 040 [800x600]\" width=\"300\" height=\"225\" \/><\/a>en admirant au passage un h\u00e9ron occup\u00e9 \u00e0 chasser\u00a0<a href=\"https:\/\/ciecgenval.files.wordpress.com\/2015\/07\/photos-rc3a9centes-041-800x600.jpg\"><img loading=\"lazy\" decoding=\"async\" class=\"aligncenter size-medium wp-image-1640\" src=\"https:\/\/ciecgenval.files.wordpress.com\/2015\/07\/photos-rc3a9centes-041-800x600.jpg?w=300\" alt=\"photos r\u00e9centes 041 [800x600]\" width=\"300\" height=\"225\" \/><\/a> puis entr\u00e2mes dans une zone prot\u00e9g\u00e9e o\u00f9 vivent des castors dont nous ne v\u00eemes h\u00e9las aucune trace.<a href=\"https:\/\/ciecgenval.files.wordpress.com\/2015\/07\/photos-rc3a9centes-042-800x600.jpg\"><img loading=\"lazy\" decoding=\"async\" class=\"aligncenter size-medium wp-image-1641\" src=\"https:\/\/ciecgenval.files.wordpress.com\/2015\/07\/photos-rc3a9centes-042-800x600.jpg?w=300\" alt=\"photos r\u00e9centes 042 [800x600]\" width=\"300\" height=\"225\" \/><\/a><br \/>\n<a href=\"https:\/\/ciecgenval.files.wordpress.com\/2015\/07\/img_0098-800x600.jpg\"><img loading=\"lazy\" decoding=\"async\" class=\"aligncenter size-medium wp-image-1642\" src=\"https:\/\/ciecgenval.files.wordpress.com\/2015\/07\/img_0098-800x600.jpg?w=300\" alt=\"IMG_0098 [800x600]\" width=\"300\" height=\"200\" \/><\/a><br \/>\n<a href=\"https:\/\/ciecgenval.files.wordpress.com\/2015\/07\/img_0102-800x600.jpg\"><img loading=\"lazy\" decoding=\"async\" class=\"aligncenter size-medium wp-image-1644\" src=\"https:\/\/ciecgenval.files.wordpress.com\/2015\/07\/img_0102-800x600.jpg?w=300\" alt=\"IMG_0102 [800x600]\" width=\"300\" height=\"200\" \/><\/a>Le chemin serpentait entre ruisseau et prairies.\u00a0<a href=\"https:\/\/ciecgenval.files.wordpress.com\/2015\/07\/photos-rc3a9centes-044-800x6001.jpg\"><img loading=\"lazy\" decoding=\"async\" class=\"aligncenter size-medium wp-image-1643\" src=\"https:\/\/ciecgenval.files.wordpress.com\/2015\/07\/photos-rc3a9centes-044-800x6001.jpg?w=300\" alt=\"photos r\u00e9centes 044 [800x600]\" width=\"300\" height=\"225\" \/><\/a> Nous admir\u00e2mes les vieux saules t\u00eatards ainsi que la v\u00e9g\u00e9tation bien verte tandis que plusieurs groupes de vaches nous suivaient des yeux tout en ruminant. <a href=\"https:\/\/ciecgenval.files.wordpress.com\/2015\/07\/photos-rc3a9centes-045-800x600.jpg\"><img loading=\"lazy\" decoding=\"async\" class=\"aligncenter size-medium wp-image-1645\" src=\"https:\/\/ciecgenval.files.wordpress.com\/2015\/07\/photos-rc3a9centes-045-800x600.jpg?w=300\" alt=\"photos r\u00e9centes 045 [800x600]\" width=\"300\" height=\"225\" \/><\/a><br \/>\n<a href=\"https:\/\/ciecgenval.files.wordpress.com\/2015\/07\/img_0128-800x600.jpg\"><img loading=\"lazy\" decoding=\"async\" class=\"aligncenter size-medium wp-image-1646\" src=\"https:\/\/ciecgenval.files.wordpress.com\/2015\/07\/img_0128-800x600.jpg?w=300\" alt=\"IMG_0128 [800x600]\" width=\"300\" height=\"200\" \/><\/a><br \/>\n<a href=\"https:\/\/ciecgenval.files.wordpress.com\/2015\/07\/img_0135-800x600.jpg\"><img loading=\"lazy\" decoding=\"async\" class=\"aligncenter size-medium wp-image-1647\" src=\"https:\/\/ciecgenval.files.wordpress.com\/2015\/07\/img_0135-800x600.jpg?w=300\" alt=\"IMG_0135 [800x600]\" width=\"300\" height=\"200\" \/><\/a><br \/>\n<a href=\"https:\/\/ciecgenval.files.wordpress.com\/2015\/07\/img_0136-800x600.jpg\"><img loading=\"lazy\" decoding=\"async\" class=\"aligncenter size-medium wp-image-1648\" src=\"https:\/\/ciecgenval.files.wordpress.com\/2015\/07\/img_0136-800x600.jpg?w=300\" alt=\"IMG_0136 [800x600]\" width=\"300\" height=\"200\" \/><\/a>Bient\u00f4t, nous arriv\u00e2mes \u00e0 la station \u00e9lectrique situ\u00e9e juste en face du parking o\u00f9 nous \u00e9tions gar\u00e9s.<a href=\"https:\/\/ciecgenval.files.wordpress.com\/2015\/07\/photos-rc3a9centes-046-800x6001.jpg\"><img loading=\"lazy\" decoding=\"async\" class=\"aligncenter size-medium wp-image-1649\" src=\"https:\/\/ciecgenval.files.wordpress.com\/2015\/07\/photos-rc3a9centes-046-800x6001.jpg?w=300\" alt=\"photos r\u00e9centes 046 [800x600]\" width=\"300\" height=\"225\" \/><\/a>Le temps de souffler un peu et nous arrivions \u00e0 nos v\u00e9hicules\u2026 <a href=\"https:\/\/ciecgenval.files.wordpress.com\/2015\/07\/photos-rc3a9centes-048-800x600.jpg\"><img loading=\"lazy\" decoding=\"async\" class=\"aligncenter size-medium wp-image-1650\" src=\"https:\/\/ciecgenval.files.wordpress.com\/2015\/07\/photos-rc3a9centes-048-800x600.jpg?w=300\" alt=\"photos r\u00e9centes 048 [800x600]\" width=\"300\" height=\"225\" \/><\/a>et tandis que la majorit\u00e9 des participants reprenait le chemin du retour, nous \u00e9tions tout de m\u00eame une dizaine \u00e0 accompagner Marc et V\u00e9ronique jusqu\u2019au restaurant pr\u00e9vu pour la cl\u00f4ture de cette sympathique journ\u00e9e.<\/strong><\/em><\/p>\n","protected":false},"excerpt":{"rendered":"<p>Pour ce dimanche ensoleill\u00e9 de fin juin, Marc et V\u00e9ronique nous conviaient \u00e0 d\u00e9couvrir les environs de Pecrot, non loin de Grez-Doiceau. Est-ce le grand soleil annonc\u00e9, la fin des examens ou toute autre raison,je n\u2019en sais rien mais toujours est-il que bient\u00f4t 22 chiens et leurs ma\u00eetres se retrouvaient au lieu de rendez-vous\u00a0! Nous [&hellip;]<\/p>\n","protected":false},"author":1,"featured_media":0,"comment_status":"open","ping_status":"open","sticky":false,"template":"","format":"standard","meta":{"_et_pb_use_builder":"","_et_pb_old_content":"","_et_gb_content_width":"","footnotes":""},"categories":[14],"tags":[],"class_list":["post-1604","post","type-post","status-publish","format-standard","hentry","category-promenades"],"_links":{"self":[{"href":"https:\/\/ciec.be\/blog\/index.php\/wp-json\/wp\/v2\/posts\/1604","targetHints":{"allow":["GET"]}}],"collection":[{"href":"https:\/\/ciec.be\/blog\/index.php\/wp-json\/wp\/v2\/posts"}],"about":[{"href":"https:\/\/ciec.be\/blog\/index.php\/wp-json\/wp\/v2\/types\/post"}],"author":[{"embeddable":true,"href":"https:\/\/ciec.be\/blog\/index.php\/wp-json\/wp\/v2\/users\/1"}],"replies":[{"embeddable":true,"href":"https:\/\/ciec.be\/blog\/index.php\/wp-json\/wp\/v2\/comments?post=1604"}],"version-history":[{"count":0,"href":"https:\/\/ciec.be\/blog\/index.php\/wp-json\/wp\/v2\/posts\/1604\/revisions"}],"wp:attachment":[{"href":"https:\/\/ciec.be\/blog\/index.php\/wp-json\/wp\/v2\/media?parent=1604"}],"wp:term":[{"taxonomy":"category","embeddable":true,"href":"https:\/\/ciec.be\/blog\/index.php\/wp-json\/wp\/v2\/categories?post=1604"},{"taxonomy":"post_tag","embeddable":true,"href":"https:\/\/ciec.be\/blog\/index.php\/wp-json\/wp\/v2\/tags?post=1604"}],"curies":[{"name":"wp","href":"https:\/\/api.w.org\/{rel}","templated":true}]}}