{"id":156,"date":"2012-07-13T21:11:52","date_gmt":"2012-07-13T21:11:52","guid":{"rendered":"http:\/\/ciecgenval.wordpress.com\/?p=156"},"modified":"2012-07-13T21:11:52","modified_gmt":"2012-07-13T21:11:52","slug":"29-avril-promenade-a-mousty","status":"publish","type":"post","link":"https:\/\/ciec.be\/blog\/index.php\/2012\/07\/13\/29-avril-promenade-a-mousty\/","title":{"rendered":"29 avril &#8211; Promenade \u00e0 Mousty"},"content":{"rendered":"<p><em><strong>En cette fin d&rsquo;avril, c&rsquo;est sur le plateau dominant Court St Etienne que nous avions rendez-vous.<\/strong><\/em><\/p>\n<p><em><strong>A 10h, le groupe, tr\u00e8s \u00e9toff\u00e9, se retrouvait devant l&rsquo;\u00e9glise de Mousty.<\/strong><\/em><\/p>\n<p><em><strong>D\u00e9part \u00e0 travers le village tout d&rsquo;abord<\/strong><\/em><\/p>\n<p><img loading=\"lazy\" decoding=\"async\" class=\"aligncenter size-full wp-image-157\" title=\"101_0083\" src=\"http:\/\/ciecgenval.files.wordpress.com\/2012\/07\/101_0083.jpg\" alt=\"\" width=\"604\" height=\"453\" \/><\/p>\n<p><em><strong>Pour arriver, rapidement, dans un sentier encaiss\u00e9, fort ravin\u00e9 par les pluies des semaines pr\u00e9c\u00e9dentes, mais o\u00f9 les chiens purent galoper avec plaisir<\/strong><\/em><\/p>\n<p><img loading=\"lazy\" decoding=\"async\" class=\"aligncenter size-full wp-image-158\" title=\"101_0084\" src=\"http:\/\/ciecgenval.files.wordpress.com\/2012\/07\/101_0084.jpg\" alt=\"\" width=\"604\" height=\"453\" \/><\/p>\n<p><em><strong>Chacun allait \u00e0 son rythme, les chiens suivant leur ma\u00eetre ou jouant entre-eux.<\/strong><\/em><\/p>\n<p><img loading=\"lazy\" decoding=\"async\" class=\"aligncenter size-full wp-image-159\" title=\"101_0085\" src=\"http:\/\/ciecgenval.files.wordpress.com\/2012\/07\/101_0085.jpg\" alt=\"\" width=\"604\" height=\"453\" \/><\/p>\n<p><em><strong>Apr\u00e8s une derni\u00e8re mont\u00e9e, nous arrivions sur le plateau, avec comme vue, des champs tout autour de nous<\/strong><\/em><\/p>\n<p><img loading=\"lazy\" decoding=\"async\" class=\"aligncenter size-full wp-image-160\" title=\"101_0087\" src=\"http:\/\/ciecgenval.files.wordpress.com\/2012\/07\/101_0087.jpg\" alt=\"\" width=\"604\" height=\"453\" \/><\/p>\n<p><em><strong>La boue \u00e9tait au rendez-vous, mais ce ne fut pas un probl\u00e8me pour les chiens qui en avaient vus d&rsquo;autres&#8230;<\/strong><\/em><\/p>\n<p><em><strong>Les australiens \u00e9taient en nombre pour cette balade<\/strong><\/em><\/p>\n<p><img loading=\"lazy\" decoding=\"async\" class=\"aligncenter size-full wp-image-161\" title=\"101_0090\" src=\"http:\/\/ciecgenval.files.wordpress.com\/2012\/07\/101_0090.jpg\" alt=\"\" width=\"604\" height=\"453\" \/><\/p>\n<p><img loading=\"lazy\" decoding=\"async\" class=\"aligncenter size-full wp-image-162\" title=\"101_0092\" src=\"http:\/\/ciecgenval.files.wordpress.com\/2012\/07\/101_0092.jpg\" alt=\"\" width=\"604\" height=\"453\" \/><\/p>\n<p><em><strong>Apr\u00e8s les champs, nous arrivions \u00e0 un sentier un peu encaiss\u00e9 et domin\u00e9 par quelques arbustes&#8230; Refuge id\u00e9al pour les oiseaux<\/strong><\/em><\/p>\n<p><img loading=\"lazy\" decoding=\"async\" class=\"aligncenter size-full wp-image-163\" title=\"101_0093\" src=\"http:\/\/ciecgenval.files.wordpress.com\/2012\/07\/101_0093.jpg\" alt=\"\" width=\"604\" height=\"453\" \/><\/p>\n<p><em><strong>Avant de d\u00e9boucher \u00e0 nouveau sur une zone plus ouverte&#8230; et o\u00f9 les seuls objets verticaux \u00e9taient les pyl\u00f4nes \u00e9lectriques<\/strong><\/em><\/p>\n<p><img loading=\"lazy\" decoding=\"async\" class=\"aligncenter size-full wp-image-164\" title=\"101_0096\" src=\"http:\/\/ciecgenval.files.wordpress.com\/2012\/07\/101_0096.jpg\" alt=\"\" width=\"604\" height=\"453\" \/><\/p>\n<p><em><strong>Peu apr\u00e8s, nous faisions halte pour abreuver les chiens parce que m\u00eame le soleil se montrait discret, l&rsquo;air \u00e9tait tout de m\u00eame assez sec<\/strong><\/em><\/p>\n<p><img loading=\"lazy\" decoding=\"async\" class=\"aligncenter size-full wp-image-165\" title=\"101_0097\" src=\"http:\/\/ciecgenval.files.wordpress.com\/2012\/07\/101_0097.jpg\" alt=\"\" width=\"604\" height=\"453\" \/><\/p>\n<p><img loading=\"lazy\" decoding=\"async\" class=\"aligncenter size-full wp-image-166\" title=\"101_0100\" src=\"http:\/\/ciecgenval.files.wordpress.com\/2012\/07\/101_0100.jpg\" alt=\"\" width=\"604\" height=\"453\" \/><\/p>\n<p><em><strong>Apr\u00e8s ce petit interm\u00e8de, nous continu\u00e2mes notre promenade&#8230;mais comme nous \u00e9tions proches des maison, Chara d\u00e9cida tout \u00e0 coup d&rsquo;aller faire un petit tour dans un jardin&#8230; o\u00f9 une tente \u00e9tait dress\u00e9e pour une f\u00eate&#8230; Aille, aille, pourvu que la nourriture soit bien prot\u00e9g\u00e9e&#8230; Heureusement, elle revint sagement au rappel&#8230; Ouf, sa ma\u00eetresse n&rsquo;avait eu qu&rsquo;un petit moment d&rsquo;inqui\u00e9tude !<\/strong><\/em><\/p>\n<p><em><strong>Bient\u00f4t la boue fit place \u00e0 de belles plaques de b\u00e9ton, nous entrions dans un chemin de remembrement&#8230;<\/strong><\/em><\/p>\n<p><img loading=\"lazy\" decoding=\"async\" class=\"aligncenter size-full wp-image-167\" title=\"101_0102\" src=\"http:\/\/ciecgenval.files.wordpress.com\/2012\/07\/101_0102.jpg\" alt=\"\" width=\"604\" height=\"453\" \/><\/p>\n<p><em><strong>Celui-ci nous ramena vers le village&#8230; et les premi\u00e8res maisons<\/strong><\/em><\/p>\n<p><img loading=\"lazy\" decoding=\"async\" class=\"aligncenter size-full wp-image-168\" title=\"101_0106\" src=\"http:\/\/ciecgenval.files.wordpress.com\/2012\/07\/101_0106.jpg\" alt=\"\" width=\"604\" height=\"453\" \/><\/p>\n<p><em><strong>Le ciel, qui avait prit une teinte plomb\u00e9e de fort mauvaise augure, d\u00e9cida que nous ne terminerions pas cette promenade au sec&#8230;\u00a0\u00a0 Les premi\u00e8res gouttes commenc\u00e8rent \u00e0 tomber.<\/strong><\/em><\/p>\n<p><img loading=\"lazy\" decoding=\"async\" class=\"aligncenter size-full wp-image-169\" title=\"101_0107\" src=\"http:\/\/ciecgenval.files.wordpress.com\/2012\/07\/101_0107.jpg\" alt=\"\" width=\"604\" height=\"453\" \/><\/p>\n<p><em><strong>Et c&rsquo;est sous une l\u00e9g\u00e8re pluie que nous retrouv\u00e2mes le carrefour et nos v\u00e9hicules&#8230;<\/strong> <\/em><\/p>\n<p><img loading=\"lazy\" decoding=\"async\" class=\"aligncenter size-full wp-image-170\" title=\"101_0108\" src=\"http:\/\/ciecgenval.files.wordpress.com\/2012\/07\/101_0108.jpg\" alt=\"\" width=\"604\" height=\"453\" \/><\/p>\n<p><em><strong>Mais vous vous doutez bien que c&rsquo;eut \u00e9t\u00e9 un peu court que de nous quitter aussi vite&#8230; Et un dernier groupe se retrouva autour d&rsquo;une table bien garnie pour terminer dignement cette promenade !<\/strong><\/em><\/p>\n<p>&nbsp;<\/p>\n<p>&nbsp;<\/p>\n<p>&nbsp;<\/p>\n","protected":false},"excerpt":{"rendered":"<p>En cette fin d&rsquo;avril, c&rsquo;est sur le plateau dominant Court St Etienne que nous avions rendez-vous. A 10h, le groupe, tr\u00e8s \u00e9toff\u00e9, se retrouvait devant l&rsquo;\u00e9glise de Mousty. D\u00e9part \u00e0 travers le village tout d&rsquo;abord Pour arriver, rapidement, dans un sentier encaiss\u00e9, fort ravin\u00e9 par les pluies des semaines pr\u00e9c\u00e9dentes, mais o\u00f9 les chiens purent [&hellip;]<\/p>\n","protected":false},"author":1,"featured_media":0,"comment_status":"open","ping_status":"open","sticky":false,"template":"","format":"standard","meta":{"_et_pb_use_builder":"","_et_pb_old_content":"","_et_gb_content_width":"","footnotes":""},"categories":[14],"tags":[74,75,77,89,139,166],"class_list":["post-156","post","type-post","status-publish","format-standard","hentry","category-promenades","tag-chien","tag-ciec","tag-club-canin","tag-court-saint-etienne","tag-mousty","tag-promenade"],"_links":{"self":[{"href":"https:\/\/ciec.be\/blog\/index.php\/wp-json\/wp\/v2\/posts\/156","targetHints":{"allow":["GET"]}}],"collection":[{"href":"https:\/\/ciec.be\/blog\/index.php\/wp-json\/wp\/v2\/posts"}],"about":[{"href":"https:\/\/ciec.be\/blog\/index.php\/wp-json\/wp\/v2\/types\/post"}],"author":[{"embeddable":true,"href":"https:\/\/ciec.be\/blog\/index.php\/wp-json\/wp\/v2\/users\/1"}],"replies":[{"embeddable":true,"href":"https:\/\/ciec.be\/blog\/index.php\/wp-json\/wp\/v2\/comments?post=156"}],"version-history":[{"count":0,"href":"https:\/\/ciec.be\/blog\/index.php\/wp-json\/wp\/v2\/posts\/156\/revisions"}],"wp:attachment":[{"href":"https:\/\/ciec.be\/blog\/index.php\/wp-json\/wp\/v2\/media?parent=156"}],"wp:term":[{"taxonomy":"category","embeddable":true,"href":"https:\/\/ciec.be\/blog\/index.php\/wp-json\/wp\/v2\/categories?post=156"},{"taxonomy":"post_tag","embeddable":true,"href":"https:\/\/ciec.be\/blog\/index.php\/wp-json\/wp\/v2\/tags?post=156"}],"curies":[{"name":"wp","href":"https:\/\/api.w.org\/{rel}","templated":true}]}}