{"id":1553,"date":"2015-05-29T16:56:55","date_gmt":"2015-05-29T16:56:55","guid":{"rendered":"https:\/\/ciecgenval.wordpress.com\/?p=1553"},"modified":"2015-05-29T16:56:55","modified_gmt":"2015-05-29T16:56:55","slug":"mai-promenade-a-calais","status":"publish","type":"post","link":"https:\/\/ciec.be\/blog\/index.php\/2015\/05\/29\/mai-promenade-a-calais\/","title":{"rendered":"Mai : promenade \u00e0 Calais"},"content":{"rendered":"<p><em><strong>Cette ann\u00e9e encore, une de nos balades printani\u00e8res se passait \u00e0 Calais.<br \/>\nLe calendrier \u00e9tant tr\u00e8s charg\u00e9, nous n\u2019avions pu trouver d\u2019autre date que le 2<sup>e<\/sup> week-end de mai, jour de la f\u00eate des m\u00e8res et fin de semaine normale, dans f\u00eate le lundi ou le vendredi.<br \/>\nDu coup, le nombre de participants \u00e9tait moindre mais le petit groupe des fanatiques de cette promenade avait r\u00e9pondu pr\u00e9sent.<br \/>\nCertains prirent la route t\u00f4t matin pour profite du samedi entier sur la plage, de notre c\u00f4t\u00e9, nous quitt\u00e2mes Genval apr\u00e8s les cours, ce qui nous amena vers 17h30 sur place.<br \/>\nLe groupe se retrouva \u00e0 l\u2019h\u00f4tel o\u00f9 nous primes le temps de d\u00e9poser nos bagages avant de nous rendre en ville pour un petit tour sur la jet\u00e9e.<a href=\"https:\/\/ciecgenval.files.wordpress.com\/2015\/05\/dscn3676-800x600.jpg\"><img loading=\"lazy\" decoding=\"async\" class=\"aligncenter size-medium wp-image-1554\" src=\"https:\/\/ciecgenval.files.wordpress.com\/2015\/05\/dscn3676-800x600.jpg?w=300\" alt=\"DSCN3676 [800x600]\" width=\"300\" height=\"225\" \/><\/a>La m\u00e9t\u00e9o de ce samedi n\u2019\u00e9tait gu\u00e8re favorable avec un temps gris et sec mais surtout un vent tr\u00e8s violent, venant en ligne droite de la mer.<br \/>\nDu coup, les vagues \u00e9taient profondes et il \u00e9tait difficile de marcher droit \u00e0 cause des bourrasques.<a href=\"https:\/\/ciecgenval.files.wordpress.com\/2015\/05\/dscn3677-800x600.jpg\"><img loading=\"lazy\" decoding=\"async\" class=\"aligncenter size-medium wp-image-1555\" src=\"https:\/\/ciecgenval.files.wordpress.com\/2015\/05\/dscn3677-800x600.jpg?w=300\" alt=\"DSCN3677 [800x600]\" width=\"300\" height=\"225\" \/><\/a>Nous all\u00e2mes quand m\u00eame respirer l\u2019air du large jusqu\u2019au phare\u2026 profitant du b\u00e2timent pour nous prot\u00e9ger quelque peu\u2026<br \/>\nEnsuite nous all\u00e2mes jusqu\u2019\u00e0 la place principale, proche de la cr\u00eaperie o\u00f9 nous avons \u00ab\u00a0nos quartiers\u00a0\u00bb depuis de nombreuses ann\u00e9es.<a href=\"https:\/\/ciecgenval.files.wordpress.com\/2015\/05\/dscn3679-800x600.jpg\"><img loading=\"lazy\" decoding=\"async\" class=\"aligncenter size-medium wp-image-1556\" src=\"https:\/\/ciecgenval.files.wordpress.com\/2015\/05\/dscn3679-800x600.jpg?w=300\" alt=\"DSCN3679 [800x600]\" width=\"300\" height=\"225\" \/><\/a>Un petit tour par la place, le temps pour Tooma\u00ef de d\u00e9couvrir les fontaines dont les jets discontinus la surprirent\u2026 mais pas longtemps car elle compris vite qu\u2019il \u00e9tait amusant de mordre dans cette eau inattendue.<a href=\"https:\/\/ciecgenval.files.wordpress.com\/2015\/05\/dscn3683-800x600.jpg\"><img loading=\"lazy\" decoding=\"async\" class=\"aligncenter size-medium wp-image-1557\" src=\"https:\/\/ciecgenval.files.wordpress.com\/2015\/05\/dscn3683-800x600.jpg?w=300\" alt=\"DSCN3683 [800x600]\" width=\"300\" height=\"225\" \/><\/a>Kh\u00e9pri et N\u00e9fi en profit\u00e8rent pour prendre un peu de repos avec leurs ma\u00eetres puis nous all\u00e2mes nous restaurer.<br \/>\nApr\u00e8s une nuit calme et sans histoire puis un d\u00e9jeuner bien agr\u00e9able et o\u00f9 nous pr\u00eemes notre temps\u2026 nous descend\u00eemes vers le cap Blanc Nez.<a href=\"https:\/\/ciecgenval.files.wordpress.com\/2015\/05\/dscn3687-800x600.jpg\"><img loading=\"lazy\" decoding=\"async\" class=\"aligncenter size-medium wp-image-1558\" src=\"https:\/\/ciecgenval.files.wordpress.com\/2015\/05\/dscn3687-800x600.jpg?w=300\" alt=\"DSCN3687 [800x600]\" width=\"300\" height=\"225\" \/><\/a>Le temps \u00e9tait particuli\u00e8rement brumeux et bouch\u00e9 et le petit tour \u00e0 pied jusqu\u2019au sommet du cap ne nous permit pas de voir les falaises anglaises\u2026 ni m\u00eame les jeux de lumi\u00e8re du soleil sur la mer\u2026<a href=\"https:\/\/ciecgenval.files.wordpress.com\/2015\/05\/dscn3688-800x600.jpg\"><img loading=\"lazy\" decoding=\"async\" class=\"aligncenter size-medium wp-image-1559\" src=\"https:\/\/ciecgenval.files.wordpress.com\/2015\/05\/dscn3688-800x600.jpg?w=300\" alt=\"DSCN3688 [800x600]\" width=\"300\" height=\"225\" \/><\/a>Mais qu\u2019\u00e0 cela ne tienne, il faisait se, le vent de la veille avait fait place \u00e0 une brise l\u00e9g\u00e8re \u00e0 peine perceptible\u2026 Que demander de plus\u00a0?<br \/>\nNous descend\u00eemes ensuite le cran d\u2019Escale<a href=\"https:\/\/ciecgenval.files.wordpress.com\/2015\/05\/dscn3689-800x600.jpg\"><img loading=\"lazy\" decoding=\"async\" class=\"aligncenter size-medium wp-image-1560\" src=\"https:\/\/ciecgenval.files.wordpress.com\/2015\/05\/dscn3689-800x600.jpg?w=300\" alt=\"DSCN3689 [800x600]\" width=\"300\" height=\"225\" \/><\/a> pour rejoindre la plage o\u00f9 la mer descendait <a href=\"https:\/\/ciecgenval.files.wordpress.com\/2015\/05\/dscn3690-800x600.jpg\"><img loading=\"lazy\" decoding=\"async\" class=\"aligncenter size-medium wp-image-1562\" src=\"https:\/\/ciecgenval.files.wordpress.com\/2015\/05\/dscn3690-800x600.jpg?w=300\" alt=\"DSCN3690 [800x600]\" width=\"300\" height=\"225\" \/><\/a>et o\u00f9 nous retrouv\u00e2mes Michelle et ses deux border.<a href=\"https:\/\/ciecgenval.files.wordpress.com\/2015\/05\/dscn3691-800x600.jpg\"><img loading=\"lazy\" decoding=\"async\" class=\"aligncenter size-medium wp-image-1561\" src=\"https:\/\/ciecgenval.files.wordpress.com\/2015\/05\/dscn3691-800x600.jpg?w=300\" alt=\"DSCN3691 [800x600]\" width=\"300\" height=\"225\" \/><\/a>Les chiens, tous joyeux de retrouver les copines, piqu\u00e8rent leur premier galop sur le sable tandis que nous nous saluions avant de prendre la direction de Wissant\u2026 Sur une plage quasi d\u00e9serte.<a href=\"https:\/\/ciecgenval.files.wordpress.com\/2015\/05\/dscn3697-800x600.jpg\"><img loading=\"lazy\" decoding=\"async\" class=\"aligncenter size-medium wp-image-1563\" src=\"https:\/\/ciecgenval.files.wordpress.com\/2015\/05\/dscn3697-800x600.jpg?w=300\" alt=\"DSCN3697 [800x600]\" width=\"300\" height=\"225\" \/><\/a><br \/>\n<a href=\"https:\/\/ciecgenval.files.wordpress.com\/2015\/05\/dscn3698-800x600.jpg\"><img loading=\"lazy\" decoding=\"async\" class=\"aligncenter size-medium wp-image-1564\" src=\"https:\/\/ciecgenval.files.wordpress.com\/2015\/05\/dscn3698-800x600.jpg?w=300\" alt=\"DSCN3698 [800x600]\" width=\"300\" height=\"225\" \/><\/a><br \/>\n<a href=\"https:\/\/ciecgenval.files.wordpress.com\/2015\/05\/dscn3700-800x600.jpg\"><img loading=\"lazy\" decoding=\"async\" class=\"aligncenter size-medium wp-image-1565\" src=\"https:\/\/ciecgenval.files.wordpress.com\/2015\/05\/dscn3700-800x600.jpg?w=300\" alt=\"DSCN3700 [800x600]\" width=\"300\" height=\"225\" \/><\/a>Alors que nous progressions bien \u00e0 notre rythme, en discutant et en riant des frasques de nos chiens, <a href=\"https:\/\/ciecgenval.files.wordpress.com\/2015\/05\/dscn3705-800x600.jpg\"><img loading=\"lazy\" decoding=\"async\" class=\"aligncenter size-medium wp-image-1566\" src=\"https:\/\/ciecgenval.files.wordpress.com\/2015\/05\/dscn3705-800x600.jpg?w=300\" alt=\"DSCN3705 [800x600]\" width=\"300\" height=\"225\" \/><\/a><br \/>\n<a href=\"https:\/\/ciecgenval.files.wordpress.com\/2015\/05\/dscn3709.jpg\"><img loading=\"lazy\" decoding=\"async\" class=\"aligncenter size-medium wp-image-1567\" src=\"https:\/\/ciecgenval.files.wordpress.com\/2015\/05\/dscn3709.jpg?w=300\" alt=\"DSCN3709\" width=\"300\" height=\"225\" \/><\/a>un h\u00e9licopt\u00e8re nous survola soudain\u2026 Il resta quelques instants en vol statique avant de se poser quelques secondes sur un bunker\u2026 <a href=\"https:\/\/ciecgenval.files.wordpress.com\/2015\/05\/dscn3713-800x600.jpg\"><img loading=\"lazy\" decoding=\"async\" class=\"aligncenter size-medium wp-image-1568\" src=\"https:\/\/ciecgenval.files.wordpress.com\/2015\/05\/dscn3713-800x600.jpg?w=300\" alt=\"DSCN3713 [800x600]\" width=\"300\" height=\"225\" \/><\/a>puis de repartir aussi soudainement qu\u2019il \u00e9tait apparu\u2026 Probablement un exercice\u2026<br \/>\nNous arriv\u00e2mes bient\u00f4t en vue de Wissant\u2026 <a href=\"https:\/\/ciecgenval.files.wordpress.com\/2015\/05\/dscn3714-800x600.jpg\"><img loading=\"lazy\" decoding=\"async\" class=\"aligncenter size-medium wp-image-1569\" src=\"https:\/\/ciecgenval.files.wordpress.com\/2015\/05\/dscn3714-800x600.jpg?w=300\" alt=\"DSCN3714 [800x600]\" width=\"300\" height=\"225\" \/><\/a>Les vacanciers \u00e9tant plus nombreux sur le sable, les chiens furent remis en laisse et nous nous rend\u00eemes au restaurant o\u00f9 une table nous \u00e9tait r\u00e9serv\u00e9e.<br \/>\nLes chiens ne demand\u00e8rent pas mieux que de boire un petit coup avant de se coucher, au frais et \u00e0 l\u2019ombre.<a href=\"https:\/\/ciecgenval.files.wordpress.com\/2015\/05\/dscn3715-800x600.jpg\"><img loading=\"lazy\" decoding=\"async\" class=\"aligncenter size-medium wp-image-1570\" src=\"https:\/\/ciecgenval.files.wordpress.com\/2015\/05\/dscn3715-800x600.jpg?w=300\" alt=\"DSCN3715 [800x600]\" width=\"300\" height=\"225\" \/><\/a>Quant \u00e0 nous, nous nous install\u00e2mes pour le repas\u00a0!<br \/>\nAlors que nous en \u00e9tions presque au dessert, le t\u00e9l\u00e9phone de Mina se mit \u00e0 sonner\u2026 Stup\u00e9faite, elle entendit que son mari ayant d\u00e9cid\u00e9 de lui faire une surprise, \u00e9tait \u00e0 Calais\u2026 \u00e0 notre recherche\u00a0!<br \/>\nElle lui expliqua donc o\u00f9 nous \u00e9tions et nous l\u2019attend\u00eemes tout en sirotant notre dessert.<br \/>\nLe temps de faire connaissance et nous reprenions le chemin du retour, <a href=\"https:\/\/ciecgenval.files.wordpress.com\/2015\/05\/dscn3719-800x600.jpg\"><img loading=\"lazy\" decoding=\"async\" class=\"aligncenter size-medium wp-image-1571\" src=\"https:\/\/ciecgenval.files.wordpress.com\/2015\/05\/dscn3719-800x600.jpg?w=300\" alt=\"DSCN3719 [800x600]\" width=\"300\" height=\"225\" \/><\/a>car la mer \u00e9tait montante et nous voulions repasser par la mer pour retourner \u00e0 nos voitures.\u00a0 Le soleil avait enfin perc\u00e9 la couche nuageuse et c\u2019est donc sous sa chaleur que nous retrouv\u00e2mes la plage<a href=\"https:\/\/ciecgenval.files.wordpress.com\/2015\/05\/dscn3722-800x600.jpg\"><img loading=\"lazy\" decoding=\"async\" class=\"aligncenter size-medium wp-image-1573\" src=\"https:\/\/ciecgenval.files.wordpress.com\/2015\/05\/dscn3722-800x600.jpg?w=300\" alt=\"DSCN3722 [800x600]\" width=\"300\" height=\"225\" \/><\/a><br \/>\n<a href=\"https:\/\/ciecgenval.files.wordpress.com\/2015\/05\/dscn3725-800x600.jpg\"><img loading=\"lazy\" decoding=\"async\" class=\"aligncenter size-medium wp-image-1574\" src=\"https:\/\/ciecgenval.files.wordpress.com\/2015\/05\/dscn3725-800x600.jpg?w=300\" alt=\"DSCN3725 [800x600]\" width=\"300\" height=\"225\" \/><\/a><br \/>\n<a href=\"https:\/\/ciecgenval.files.wordpress.com\/2015\/05\/dscn3726-800x600.jpg\"><img loading=\"lazy\" decoding=\"async\" class=\"aligncenter size-medium wp-image-1575\" src=\"https:\/\/ciecgenval.files.wordpress.com\/2015\/05\/dscn3726-800x600.jpg?w=300\" alt=\"DSCN3726 [800x600]\" width=\"300\" height=\"225\" \/><\/a><br \/>\n<a href=\"https:\/\/ciecgenval.files.wordpress.com\/2015\/05\/dscn3728-800x600.jpg\"><img loading=\"lazy\" decoding=\"async\" class=\"aligncenter size-medium wp-image-1576\" src=\"https:\/\/ciecgenval.files.wordpress.com\/2015\/05\/dscn3728-800x600.jpg?w=300\" alt=\"DSCN3728 [800x600]\" width=\"300\" height=\"225\" \/><\/a>L\u00e0 o\u00f9 la falaise \u00e9tait plus haute, nous constat\u00e2mes avec un peu d\u2019inqui\u00e9tude que l\u2019eau montait rapidement <a href=\"https:\/\/ciecgenval.files.wordpress.com\/2015\/05\/dscn3729-800x600.jpg\"><img loading=\"lazy\" decoding=\"async\" class=\"aligncenter size-medium wp-image-1577\" src=\"https:\/\/ciecgenval.files.wordpress.com\/2015\/05\/dscn3729-800x600.jpg?w=300\" alt=\"DSCN3729 [800x600]\" width=\"300\" height=\"225\" \/><\/a><br \/>\n<a href=\"https:\/\/ciecgenval.files.wordpress.com\/2015\/05\/dscn3731-800x600.jpg\"><img loading=\"lazy\" decoding=\"async\" class=\"aligncenter size-medium wp-image-1578\" src=\"https:\/\/ciecgenval.files.wordpress.com\/2015\/05\/dscn3731-800x600.jpg?w=300\" alt=\"DSCN3731 [800x600]\" width=\"300\" height=\"225\" \/><\/a>et nous f\u00eemes les 500 derniers m\u00e8tres sur les galets l\u00e9ch\u00e9s par des vagues de plus en plus hautes.<br \/>\nUn dernier regard vers la plage <a href=\"https:\/\/ciecgenval.files.wordpress.com\/2015\/05\/dscn3732-800x600.jpg\"><img loading=\"lazy\" decoding=\"async\" class=\"aligncenter size-medium wp-image-1579\" src=\"https:\/\/ciecgenval.files.wordpress.com\/2015\/05\/dscn3732-800x600.jpg?w=300\" alt=\"DSCN3732 [800x600]\" width=\"300\" height=\"225\" \/><\/a>et nous remontions dans nos voitures, les uns pour un retour vers la Belgique, les autres pour l\u2019h\u00f4tel car, chanceux, ils resteraient sur place jusqu\u2019au mardi soir\u00a0!<\/strong><\/em><\/p>\n<p><em><strong>\u00a0<\/strong><\/em><\/p>\n","protected":false},"excerpt":{"rendered":"<p>Cette ann\u00e9e encore, une de nos balades printani\u00e8res se passait \u00e0 Calais. Le calendrier \u00e9tant tr\u00e8s charg\u00e9, nous n\u2019avions pu trouver d\u2019autre date que le 2e week-end de mai, jour de la f\u00eate des m\u00e8res et fin de semaine normale, dans f\u00eate le lundi ou le vendredi. Du coup, le nombre de participants \u00e9tait moindre [&hellip;]<\/p>\n","protected":false},"author":1,"featured_media":0,"comment_status":"open","ping_status":"open","sticky":false,"template":"","format":"standard","meta":{"_et_pb_use_builder":"","_et_pb_old_content":"","_et_gb_content_width":"","footnotes":""},"categories":[14],"tags":[],"class_list":["post-1553","post","type-post","status-publish","format-standard","hentry","category-promenades"],"_links":{"self":[{"href":"https:\/\/ciec.be\/blog\/index.php\/wp-json\/wp\/v2\/posts\/1553","targetHints":{"allow":["GET"]}}],"collection":[{"href":"https:\/\/ciec.be\/blog\/index.php\/wp-json\/wp\/v2\/posts"}],"about":[{"href":"https:\/\/ciec.be\/blog\/index.php\/wp-json\/wp\/v2\/types\/post"}],"author":[{"embeddable":true,"href":"https:\/\/ciec.be\/blog\/index.php\/wp-json\/wp\/v2\/users\/1"}],"replies":[{"embeddable":true,"href":"https:\/\/ciec.be\/blog\/index.php\/wp-json\/wp\/v2\/comments?post=1553"}],"version-history":[{"count":0,"href":"https:\/\/ciec.be\/blog\/index.php\/wp-json\/wp\/v2\/posts\/1553\/revisions"}],"wp:attachment":[{"href":"https:\/\/ciec.be\/blog\/index.php\/wp-json\/wp\/v2\/media?parent=1553"}],"wp:term":[{"taxonomy":"category","embeddable":true,"href":"https:\/\/ciec.be\/blog\/index.php\/wp-json\/wp\/v2\/categories?post=1553"},{"taxonomy":"post_tag","embeddable":true,"href":"https:\/\/ciec.be\/blog\/index.php\/wp-json\/wp\/v2\/tags?post=1553"}],"curies":[{"name":"wp","href":"https:\/\/api.w.org\/{rel}","templated":true}]}}