{"id":153,"date":"2012-05-26T07:04:50","date_gmt":"2012-05-26T07:04:50","guid":{"rendered":"http:\/\/ciecgenval.wordpress.com\/?p=153"},"modified":"2012-05-26T07:04:50","modified_gmt":"2012-05-26T07:04:50","slug":"dernier-concours-en-date-beringen","status":"publish","type":"post","link":"https:\/\/ciec.be\/blog\/index.php\/2012\/05\/26\/dernier-concours-en-date-beringen\/","title":{"rendered":"Dernier concours en date : Beringen"},"content":{"rendered":"<p><em><strong>Le jeudi de l&rsquo;ascension avait lieu de concours d&rsquo;agility de Beringen<\/strong><\/em><\/p>\n<p><em><strong>en voici les r\u00e9sultats pour l&rsquo;\u00e9quipe :<\/strong><\/em><\/p>\n<p><em><strong>Eddyg (L1) &#8211; \u00e9limin\u00e9e aux 2 parcours<\/strong><\/em><\/p>\n<p><em><strong>Patch (S2) &#8211; 2e le matin et 1e l&rsquo;apr\u00e8s-midi, il remporte la 1e place sur 7 au global<\/strong><\/em><\/p>\n<p><em><strong>Fidji (M2) &#8211; 1e le matin mais \u00e9limin\u00e9 l&rsquo;apr\u00e8s-midi, il se place 2e sur 2<\/strong><\/em><\/p>\n<p><em><strong>Kutya (V) &#8211; 1e le matin et 3e l&rsquo;apr\u00e8s-midi, elle remporte la 1e place sur 9 concurrents<\/strong><\/em><\/p>\n<p><em><strong>Django (M3) 1e le matin et l&rsquo;apr\u00e8s-midi, il est \u00e9videmment 1e de sa cat\u00e9gorie au g\u00e9n\u00e9ral<\/strong><\/em><\/p>\n<p><em><strong>Gynger (M3) 5e le matin et 6e l&rsquo;apr\u00e8s-midi, elle se place tout de m\u00eame 4e sur 10 pour la journ\u00e9e<\/strong><\/em><\/p>\n<p><em><strong>Chinook (M3) suit Gynger de pr\u00e8s avec une 6e place le matin et une 7e l&rsquo;apr\u00e8s-midi ce qui lui vaut une 5e place pour la journ\u00e9e.<\/strong><\/em><\/p>\n<p><em><strong>En bref, une comp\u00e9tition o\u00f9 le club s&rsquo;est fait remarquer avec 3 premi\u00e8res places et une 2e !<\/strong><\/em><\/p>\n<p><em><strong>Chapeau, les concurrents !<\/strong><\/em><\/p>\n","protected":false},"excerpt":{"rendered":"<p>Le jeudi de l&rsquo;ascension avait lieu de concours d&rsquo;agility de Beringen en voici les r\u00e9sultats pour l&rsquo;\u00e9quipe : Eddyg (L1) &#8211; \u00e9limin\u00e9e aux 2 parcours Patch (S2) &#8211; 2e le matin et 1e l&rsquo;apr\u00e8s-midi, il remporte la 1e place sur 7 au global Fidji (M2) &#8211; 1e le matin mais \u00e9limin\u00e9 l&rsquo;apr\u00e8s-midi, il se place [&hellip;]<\/p>\n","protected":false},"author":1,"featured_media":0,"comment_status":"open","ping_status":"open","sticky":false,"template":"","format":"standard","meta":{"_et_pb_use_builder":"","_et_pb_old_content":"","_et_gb_content_width":"","footnotes":""},"categories":[2,4],"tags":[18,46,75,80,83],"class_list":["post-153","post","type-post","status-publish","format-standard","hentry","category-agility","category-competitions","tag-agility","tag-beringen","tag-ciec","tag-competition","tag-concours-dagility"],"_links":{"self":[{"href":"https:\/\/ciec.be\/blog\/index.php\/wp-json\/wp\/v2\/posts\/153","targetHints":{"allow":["GET"]}}],"collection":[{"href":"https:\/\/ciec.be\/blog\/index.php\/wp-json\/wp\/v2\/posts"}],"about":[{"href":"https:\/\/ciec.be\/blog\/index.php\/wp-json\/wp\/v2\/types\/post"}],"author":[{"embeddable":true,"href":"https:\/\/ciec.be\/blog\/index.php\/wp-json\/wp\/v2\/users\/1"}],"replies":[{"embeddable":true,"href":"https:\/\/ciec.be\/blog\/index.php\/wp-json\/wp\/v2\/comments?post=153"}],"version-history":[{"count":0,"href":"https:\/\/ciec.be\/blog\/index.php\/wp-json\/wp\/v2\/posts\/153\/revisions"}],"wp:attachment":[{"href":"https:\/\/ciec.be\/blog\/index.php\/wp-json\/wp\/v2\/media?parent=153"}],"wp:term":[{"taxonomy":"category","embeddable":true,"href":"https:\/\/ciec.be\/blog\/index.php\/wp-json\/wp\/v2\/categories?post=153"},{"taxonomy":"post_tag","embeddable":true,"href":"https:\/\/ciec.be\/blog\/index.php\/wp-json\/wp\/v2\/tags?post=153"}],"curies":[{"name":"wp","href":"https:\/\/api.w.org\/{rel}","templated":true}]}}