{"id":150,"date":"2012-05-25T20:40:26","date_gmt":"2012-05-25T20:40:26","guid":{"rendered":"http:\/\/ciecgenval.wordpress.com\/?p=150"},"modified":"2012-05-25T20:40:26","modified_gmt":"2012-05-25T20:40:26","slug":"suite-des-resultats","status":"publish","type":"post","link":"https:\/\/ciec.be\/blog\/index.php\/2012\/05\/25\/suite-des-resultats\/","title":{"rendered":"Suite des r\u00e9sultats"},"content":{"rendered":"<p><span style=\"color:#ff0000;\"><em><strong>Quaregnon &#8211; 15 avril<\/strong><\/em><\/span><\/p>\n<p><em><strong>Patch &#8211; S2 &#8211; 2e dans la premi\u00e8re course et 1e dans la seconde, 1e sur 4 au g\u00e9n\u00e9ral.<\/strong><\/em><\/p>\n<p><em><strong>Django &#8211; M3 &#8211; 1e le matin et 4e l&rsquo;apr\u00e8s-midi, 3e au total.<\/strong><\/em><\/p>\n<p><em><strong>Signalons que les deux chiens \u00e9taient conduits par Gabriel, ma\u00eetre de Django.<\/strong><\/em><\/p>\n<p><span style=\"color:#ff0000;\"><em><strong>Izegem &#8211; 22 avril<\/strong><\/em><\/span><\/p>\n<p><em><strong>Django \u00e9tait seul engag\u00e9, il a fait 2e tant le matin que l&rsquo;apr\u00e8s-midi et s&rsquo;est class\u00e9 1e sur 8 au g\u00e9n\u00e9ral.<\/strong><\/em><\/p>\n<p><span style=\"color:#ff0000;\"><em><strong>Baasroode &#8211; 6 mai<\/strong><\/em><\/span><\/p>\n<p><em><strong>Django seul inscrit, s&rsquo;est class\u00e9 1e le matin, 3e l&rsquo;apr\u00e8s-midi et a remport\u00e9 la 1e place sur 6 au total.<\/strong><\/em><\/p>\n<p><span style=\"color:#ff0000;\"><em><strong>Oudegem &#8211; 13 mai<\/strong><\/em><\/span><\/p>\n<p><em><strong>Django toujours seul, a \u00e9t\u00e9 2e le matin et 1e l&rsquo;apr\u00e8s-midi, l\u00e0 aussi, il s&rsquo;est class\u00e9 1e.<\/strong><\/em><\/p>\n<p><span style=\"color:#ff0000;\"><em><strong>Court St Etienne &#8211; 20 mai<\/strong><\/em><\/span><\/p>\n<p><em><strong>Patch et Django \u00e9taient une nouvelle fois conduits par Gabriel.<\/strong><\/em><\/p>\n<p><em><strong>Patch s&rsquo;est class\u00e9 3e le matin, l&rsquo;apr\u00e8s-midi et au g\u00e9n\u00e9ral.<\/strong><\/em><\/p>\n<p><em><strong>Django a fait, lui aussi, le \u00ab\u00a0tierc\u00e9\u00a0\u00bb en se classant 1e \u00e0 chaque fois !<\/strong><\/em><\/p>\n","protected":false},"excerpt":{"rendered":"<p>Quaregnon &#8211; 15 avril Patch &#8211; S2 &#8211; 2e dans la premi\u00e8re course et 1e dans la seconde, 1e sur 4 au g\u00e9n\u00e9ral. Django &#8211; M3 &#8211; 1e le matin et 4e l&rsquo;apr\u00e8s-midi, 3e au total. Signalons que les deux chiens \u00e9taient conduits par Gabriel, ma\u00eetre de Django. Izegem &#8211; 22 avril Django \u00e9tait seul [&hellip;]<\/p>\n","protected":false},"author":1,"featured_media":0,"comment_status":"open","ping_status":"open","sticky":false,"template":"","format":"standard","meta":{"_et_pb_use_builder":"","_et_pb_old_content":"","_et_gb_content_width":"","footnotes":""},"categories":[2,4],"tags":[18,31,44,80,82,89,126,156,169],"class_list":["post-150","post","type-post","status-publish","format-standard","hentry","category-agility","category-competitions","tag-agility","tag-baaroode","tag-berger-shetland","tag-competition","tag-concours","tag-court-saint-etienne","tag-izegem","tag-oudegem","tag-quaregnon"],"_links":{"self":[{"href":"https:\/\/ciec.be\/blog\/index.php\/wp-json\/wp\/v2\/posts\/150","targetHints":{"allow":["GET"]}}],"collection":[{"href":"https:\/\/ciec.be\/blog\/index.php\/wp-json\/wp\/v2\/posts"}],"about":[{"href":"https:\/\/ciec.be\/blog\/index.php\/wp-json\/wp\/v2\/types\/post"}],"author":[{"embeddable":true,"href":"https:\/\/ciec.be\/blog\/index.php\/wp-json\/wp\/v2\/users\/1"}],"replies":[{"embeddable":true,"href":"https:\/\/ciec.be\/blog\/index.php\/wp-json\/wp\/v2\/comments?post=150"}],"version-history":[{"count":0,"href":"https:\/\/ciec.be\/blog\/index.php\/wp-json\/wp\/v2\/posts\/150\/revisions"}],"wp:attachment":[{"href":"https:\/\/ciec.be\/blog\/index.php\/wp-json\/wp\/v2\/media?parent=150"}],"wp:term":[{"taxonomy":"category","embeddable":true,"href":"https:\/\/ciec.be\/blog\/index.php\/wp-json\/wp\/v2\/categories?post=150"},{"taxonomy":"post_tag","embeddable":true,"href":"https:\/\/ciec.be\/blog\/index.php\/wp-json\/wp\/v2\/tags?post=150"}],"curies":[{"name":"wp","href":"https:\/\/api.w.org\/{rel}","templated":true}]}}