{"id":1392,"date":"2015-02-05T13:06:48","date_gmt":"2015-02-05T13:06:48","guid":{"rendered":"https:\/\/ciecgenval.wordpress.com\/?p=1392"},"modified":"2023-06-29T06:11:48","modified_gmt":"2023-06-29T06:11:48","slug":"balade-a-liernu-le-18-janvier","status":"publish","type":"post","link":"https:\/\/ciec.be\/blog\/index.php\/2015\/02\/05\/balade-a-liernu-le-18-janvier\/","title":{"rendered":"Balade \u00e0 Liernu, le 18 janvier"},"content":{"rendered":"<p>&nbsp;<\/p>\n<p><em><strong>Pour cette balade de janvier, Rita nous avait propos\u00e9 de nous rendre sur le plateau du c\u00f4t\u00e9 de l\u2019a\u00e9rodrome pour ULM de Liernu.<br \/>\nPerdu au milieu des champs, ce site ne fut pas trop difficile \u00e0 trouver et bient\u00f4t, une quinzaine de voitures se trouvaient gar\u00e9es sur le parking.<br \/>\nIl faut dire que les membres d\u2019un club situ\u00e9 pas trop loin, celui des Amis d\u2019eau, avaient d\u00e9cid\u00e9 de nous accompagner.<br \/>\nLa majorit\u00e9 des chiens de ce club \u00e9taient des Terre-Neuve et, parmi eux, pas mal de jeunes d\u2019une dizaine de mois que les ma\u00eetres n\u2019osaient pas encore laisser courir librement.<a href=\"https:\/\/ciecgenval.files.wordpress.com\/2015\/02\/dscn3305-800x600.jpg\"><img loading=\"lazy\" decoding=\"async\" class=\"aligncenter size-medium wp-image-1393\" src=\"https:\/\/ciecgenval.files.wordpress.com\/2015\/02\/dscn3305-800x600.jpg?w=300\" alt=\"DSCN3305 [800x600]\" width=\"300\" height=\"225\"><\/a>Ma\u00eetres et chiens firent connaissance<a href=\"https:\/\/ciecgenval.files.wordpress.com\/2015\/02\/dscn3306-800x600.jpg\"><img loading=\"lazy\" decoding=\"async\" class=\"aligncenter size-medium wp-image-1394\" src=\"https:\/\/ciecgenval.files.wordpress.com\/2015\/02\/dscn3306-800x600.jpg?w=300\" alt=\"DSCN3306 [800x600]\" width=\"300\" height=\"225\"><\/a> puis, tout notre groupe \u00e9tant form\u00e9, nous d\u00e9marr\u00e2mes dans un sentier agricole.<br \/>\nLes semaines pr\u00e9c\u00e9dentes ayant \u00e9t\u00e9 plus que pluvieuses, nous entr\u00e2mes de plain pied dans les premi\u00e8res flaques, s\u00e9par\u00e9es par des zones argileuses particuli\u00e8rement glissantes.<a href=\"https:\/\/ciecgenval.files.wordpress.com\/2015\/02\/dscn3307_1-800x600.jpg\"><img loading=\"lazy\" decoding=\"async\" class=\"aligncenter size-medium wp-image-1395\" src=\"https:\/\/ciecgenval.files.wordpress.com\/2015\/02\/dscn3307_1-800x600.jpg?w=300\" alt=\"DSCN3307_1 [800x600]\" width=\"300\" height=\"225\"><\/a>Tandis que nos chiens gambadaient autour de nous, nos invit\u00e9s eurent rapidement de grosses difficult\u00e9s \u00e0 g\u00e9rer leurs chiens\u2026 Si bien qu\u2019apr\u00e8s une centaine de m\u00e8tres, ils d\u00e9cid\u00e8rent de prendre une autre direction, pr\u00e9f\u00e9rant tr\u00e8s logiquement le b\u00e9ton des chemins de remembrement, bien plus s\u00fbrs sous les pieds&nbsp;!<br \/>\nDe notre c\u00f4t\u00e9, nous continu\u00e2mes notre cheminement entre les champs bien boueux&nbsp;!<a href=\"https:\/\/ciecgenval.files.wordpress.com\/2015\/02\/dscn3308_2-800x600.jpg\"><img loading=\"lazy\" decoding=\"async\" class=\"aligncenter size-medium wp-image-1396\" src=\"https:\/\/ciecgenval.files.wordpress.com\/2015\/02\/dscn3308_2-800x600.jpg?w=300\" alt=\"DSCN3308_2 [800x600]\" width=\"300\" height=\"225\"><\/a>Heureusement, le ciel \u00e9tait avec nous\u2026 Un p\u00e2le soleil avait fait son apparition entre les nuages et le vent \u00e9tait presqu\u2019inexistant.<a href=\"https:\/\/ciecgenval.files.wordpress.com\/2015\/02\/dscn3309_1-800x600.jpg\"><img loading=\"lazy\" decoding=\"async\" class=\"aligncenter size-medium wp-image-1397\" src=\"https:\/\/ciecgenval.files.wordpress.com\/2015\/02\/dscn3309_1-800x600.jpg?w=300\" alt=\"DSCN3309_1 [800x600]\" width=\"300\" height=\"225\"><\/a>Soudain, Rita remarqua qu\u2019une retardataire tentait de nous rejoindre, nous l\u2019attend\u00eemes donc\u2026 Il s\u2019agissait d\u2019une autre Rita, avec son petit chien Pol&nbsp;!<br \/>\nNotre progression nous amena le long de champs compl\u00e8tement noy\u00e9s sous une belle quantit\u00e9 d\u2019eau\u2026 Manju y fon\u00e7a, profitant de l\u2019aubaine pour salir sa belle robe blanche tout en \u00e9claboussant tout le monde avec vigueur.<a href=\"https:\/\/ciecgenval.files.wordpress.com\/2015\/02\/dscn3311_1-800x600.jpg\"><img loading=\"lazy\" decoding=\"async\" class=\"aligncenter size-medium wp-image-1398\" src=\"https:\/\/ciecgenval.files.wordpress.com\/2015\/02\/dscn3311_1-800x600.jpg?w=300\" alt=\"DSCN3311_1 [800x600]\" width=\"300\" height=\"225\"><\/a>Plus loin, nous quitt\u00e2mes les champs<a href=\"https:\/\/ciecgenval.files.wordpress.com\/2015\/02\/dscn3312_1-800x600.jpg\"><img loading=\"lazy\" decoding=\"async\" class=\"aligncenter size-medium wp-image-1399\" src=\"https:\/\/ciecgenval.files.wordpress.com\/2015\/02\/dscn3312_1-800x600.jpg?w=300\" alt=\"DSCN3312_1 [800x600]\" width=\"300\" height=\"225\"><\/a> pour un sentier un peu plus facile d\u2019acc\u00e8s, mais un tas de fumier attira nos compagnons qui pataug\u00e8rent avec d\u00e9lice dans un m\u00e9lange d\u2019argile, de betteraves pourries et de jus de fumier\u2026 le fumet qui se d\u00e9gagea de nos compagnons \u00e9tait loin de concurrencer \u00ab&nbsp;Chanel 5&nbsp;\u00bb&nbsp;!<a href=\"https:\/\/ciecgenval.files.wordpress.com\/2015\/02\/dscn3313-800x600.jpg\"><img loading=\"lazy\" decoding=\"async\" class=\"aligncenter size-medium wp-image-1400\" src=\"https:\/\/ciecgenval.files.wordpress.com\/2015\/02\/dscn3313-800x600.jpg?w=300\" alt=\"DSCN3313 [800x600]\" width=\"300\" height=\"225\"><\/a><\/strong><\/em><\/p>\n<p><em><strong><a href=\"https:\/\/ciecgenval.files.wordpress.com\/2015\/02\/dscn3314-800x600.jpg\"><img loading=\"lazy\" decoding=\"async\" class=\"aligncenter size-medium wp-image-1401\" src=\"https:\/\/ciecgenval.files.wordpress.com\/2015\/02\/dscn3314-800x600.jpg?w=300\" alt=\"DSCN3314 [800x600]\" width=\"300\" height=\"225\"><\/a>Bient\u00f4t, nous retrouv\u00e2mes la route menant \u00e0 l\u2019a\u00e9roport, de quoi nous s\u00e9cher quelque peu avant de reprendre nos voitures.<a href=\"https:\/\/ciecgenval.files.wordpress.com\/2015\/02\/dscn3315-800x600.jpg\"><img loading=\"lazy\" decoding=\"async\" class=\"aligncenter size-medium wp-image-1402\" src=\"https:\/\/ciecgenval.files.wordpress.com\/2015\/02\/dscn3315-800x600.jpg?w=300\" alt=\"DSCN3315 [800x600]\" width=\"300\" height=\"225\"><\/a>C\u2019est dans un restaurant de Perwez que nous termin\u00e2mes, au chaud autour d\u2019une table bien garnie, notre balade de janvier \u2026.<\/strong><\/em><\/p>\n","protected":false},"excerpt":{"rendered":"<p>&nbsp; Pour cette balade de janvier, Rita nous avait propos\u00e9 de nous rendre sur le plateau du c\u00f4t\u00e9 de l\u2019a\u00e9rodrome pour ULM de Liernu. Perdu au milieu des champs, ce site ne fut pas trop difficile \u00e0 trouver et bient\u00f4t, une quinzaine de voitures se trouvaient gar\u00e9es sur le parking. Il faut dire que les [&hellip;]<\/p>\n","protected":false},"author":1,"featured_media":0,"comment_status":"closed","ping_status":"closed","sticky":false,"template":"","format":"standard","meta":{"_et_pb_use_builder":"","_et_pb_old_content":"","_et_gb_content_width":"","footnotes":""},"categories":[14],"tags":[],"class_list":["post-1392","post","type-post","status-publish","format-standard","hentry","category-promenades"],"_links":{"self":[{"href":"https:\/\/ciec.be\/blog\/index.php\/wp-json\/wp\/v2\/posts\/1392","targetHints":{"allow":["GET"]}}],"collection":[{"href":"https:\/\/ciec.be\/blog\/index.php\/wp-json\/wp\/v2\/posts"}],"about":[{"href":"https:\/\/ciec.be\/blog\/index.php\/wp-json\/wp\/v2\/types\/post"}],"author":[{"embeddable":true,"href":"https:\/\/ciec.be\/blog\/index.php\/wp-json\/wp\/v2\/users\/1"}],"replies":[{"embeddable":true,"href":"https:\/\/ciec.be\/blog\/index.php\/wp-json\/wp\/v2\/comments?post=1392"}],"version-history":[{"count":1,"href":"https:\/\/ciec.be\/blog\/index.php\/wp-json\/wp\/v2\/posts\/1392\/revisions"}],"predecessor-version":[{"id":2579,"href":"https:\/\/ciec.be\/blog\/index.php\/wp-json\/wp\/v2\/posts\/1392\/revisions\/2579"}],"wp:attachment":[{"href":"https:\/\/ciec.be\/blog\/index.php\/wp-json\/wp\/v2\/media?parent=1392"}],"wp:term":[{"taxonomy":"category","embeddable":true,"href":"https:\/\/ciec.be\/blog\/index.php\/wp-json\/wp\/v2\/categories?post=1392"},{"taxonomy":"post_tag","embeddable":true,"href":"https:\/\/ciec.be\/blog\/index.php\/wp-json\/wp\/v2\/tags?post=1392"}],"curies":[{"name":"wp","href":"https:\/\/api.w.org\/{rel}","templated":true}]}}