{"id":1329,"date":"2014-12-19T09:32:48","date_gmt":"2014-12-19T09:32:48","guid":{"rendered":"https:\/\/ciecgenval.wordpress.com\/?p=1329"},"modified":"2014-12-19T09:32:48","modified_gmt":"2014-12-19T09:32:48","slug":"18-decembre-marche-de-noel-a-bruxelles","status":"publish","type":"post","link":"https:\/\/ciec.be\/blog\/index.php\/2014\/12\/19\/18-decembre-marche-de-noel-a-bruxelles\/","title":{"rendered":"18 d\u00e9cembre &#8211; march\u00e9 de No\u00ebl \u00e0 Bruxelles"},"content":{"rendered":"<p><em><strong>C\u2019est sous la pluie et avec une temp\u00e9rature bien douce pour cette mi-d\u00e9cembre que notre petit groupe se retrouvait pour notre \u00ab\u00a0descente\u00a0\u00bb annuelle au march\u00e9 de No\u00ebl de Bruxelles.<br \/>\nNous ne pass\u00e2mes \u00e9videmment pas inaper\u00e7us tant dans la salle des pas perdus <a href=\"https:\/\/ciecgenval.files.wordpress.com\/2014\/12\/dscn3244-800x600.jpg\"><img loading=\"lazy\" decoding=\"async\" class=\"aligncenter size-medium wp-image-1330\" src=\"https:\/\/ciecgenval.files.wordpress.com\/2014\/12\/dscn3244-800x600.jpg?w=300\" alt=\"DSCN3244 [800x600]\" width=\"300\" height=\"225\" \/><\/a>que dans le wagon, tr\u00e8s chaud et bien agr\u00e9able, qui nous mena jusqu\u2019\u00e0 Bruxelles centrale.<br \/>\n<a href=\"https:\/\/ciecgenval.files.wordpress.com\/2014\/12\/dscn3245-800x600.jpg\"><img loading=\"lazy\" decoding=\"async\" class=\"aligncenter size-medium wp-image-1331\" src=\"https:\/\/ciecgenval.files.wordpress.com\/2014\/12\/dscn3245-800x600.jpg?w=300\" alt=\"DSCN3245 [800x600]\" width=\"300\" height=\"225\" \/><\/a><br \/>\n<a href=\"https:\/\/ciecgenval.files.wordpress.com\/2014\/12\/dscn3246-800x600.jpg\"><img loading=\"lazy\" decoding=\"async\" class=\"aligncenter size-medium wp-image-1332\" src=\"https:\/\/ciecgenval.files.wordpress.com\/2014\/12\/dscn3246-800x600.jpg?w=300\" alt=\"DSCN3246 [800x600]\" width=\"300\" height=\"225\" \/><\/a>L\u00e0, nous retrouv\u00e2mes nos autres participants, venus soit d\u2019autres lignes, soit en voiture.<a href=\"https:\/\/ciecgenval.files.wordpress.com\/2014\/12\/dscn3247-800x600.jpg\"><img loading=\"lazy\" decoding=\"async\" class=\"aligncenter size-medium wp-image-1333\" src=\"https:\/\/ciecgenval.files.wordpress.com\/2014\/12\/dscn3247-800x600.jpg?w=300\" alt=\"DSCN3247 [800x600]\" width=\"300\" height=\"225\" \/><\/a>Comme il nous manquait encore Sherwood, nous d\u00e9cid\u00e2mes de faire un exercice de couch\u00e9 en groupe, un peu en retrait de l\u2019entr\u00e9e\u2026 <a href=\"https:\/\/ciecgenval.files.wordpress.com\/2014\/12\/dscn3249-800x600.jpg\"><img loading=\"lazy\" decoding=\"async\" class=\"aligncenter size-medium wp-image-1334\" src=\"https:\/\/ciecgenval.files.wordpress.com\/2014\/12\/dscn3249-800x600.jpg?w=300\" alt=\"DSCN3249 [800x600]\" width=\"300\" height=\"225\" \/><\/a>Pour la plus grande joie des promeneurs qui purent s\u2019extasier autant sur l\u2019ob\u00e9issance de nos chiens que sur la diversit\u00e9 des races et des couleurs pr\u00e9sentes.<br \/>\nEnsuite, tout l\u2019\u00e9quipe \u00e9tant constitu\u00e9, nous descend\u00eemes vers la Grand\u2019Place.<br \/>\nChance, c\u2019\u00e9tait le moment d\u2019une animation sons et couleurs\u2026 que nous admir\u00e2mes tandis que nos chiens patientaient bien sagement \u00e0 nos c\u00f4t\u00e9s.<a href=\"https:\/\/ciecgenval.files.wordpress.com\/2014\/12\/dscn3250-800x600.jpg\"><img loading=\"lazy\" decoding=\"async\" class=\"aligncenter size-medium wp-image-1335\" src=\"https:\/\/ciecgenval.files.wordpress.com\/2014\/12\/dscn3250-800x600.jpg?w=300\" alt=\"DSCN3250 [800x600]\" width=\"300\" height=\"225\" \/><\/a><br \/>\n<a href=\"https:\/\/ciecgenval.files.wordpress.com\/2014\/12\/dscn3251-800x600.jpg\"><img loading=\"lazy\" decoding=\"async\" class=\"aligncenter size-medium wp-image-1336\" src=\"https:\/\/ciecgenval.files.wordpress.com\/2014\/12\/dscn3251-800x600.jpg?w=300\" alt=\"DSCN3251 [800x600]\" width=\"300\" height=\"225\" \/><\/a>Nous continu\u00e2mes ensuite vers la Bourse <a href=\"https:\/\/ciecgenval.files.wordpress.com\/2014\/12\/dscn3254-800x600.jpg\"><img loading=\"lazy\" decoding=\"async\" class=\"aligncenter size-medium wp-image-1337\" src=\"https:\/\/ciecgenval.files.wordpress.com\/2014\/12\/dscn3254-800x600.jpg?w=300\" alt=\"DSCN3254 [800x600]\" width=\"300\" height=\"225\" \/><\/a>puis par des petites rues anim\u00e9es jusqu\u2019au c\u0153ur du village de No\u00ebl avec ses dizaines de chalets proposant tout et n\u2019importe quoi aux promeneurs.<a href=\"https:\/\/ciecgenval.files.wordpress.com\/2014\/12\/dscn3256-800x600.jpg\"><img loading=\"lazy\" decoding=\"async\" class=\"aligncenter size-medium wp-image-1338\" src=\"https:\/\/ciecgenval.files.wordpress.com\/2014\/12\/dscn3256-800x600.jpg?w=300\" alt=\"DSCN3256 [800x600]\" width=\"300\" height=\"225\" \/><\/a>Le temps de faire une photo (pas top) \u00e0 l\u2019entr\u00e9e et nous plongions dans la foule, direction la grande roue.<br \/>\nAu pied de celle-ci, la patinoire n\u2019\u00e9tait pas install\u00e9e\u2026 nous remont\u00e2mes donc le long de l\u2019autre ligne de chalets\u2026 Nadine et V\u00e9ronique en profit\u00e8rent pour s\u2019offrir du boudin de no\u00ebl mais Marc, lui, voulait go\u00fbter de la \u00ab\u00a0poutine\u00a0\u00bb, une sp\u00e9cialit\u00e9 qu\u00e9b\u00e9coise.<a href=\"https:\/\/ciecgenval.files.wordpress.com\/2014\/12\/dscn3258-800x600.jpg\"><img loading=\"lazy\" decoding=\"async\" class=\"aligncenter size-medium wp-image-1339\" src=\"https:\/\/ciecgenval.files.wordpress.com\/2014\/12\/dscn3258-800x600.jpg?w=300\" alt=\"DSCN3258 [800x600]\" width=\"300\" height=\"225\" \/><\/a><br \/>\n<a href=\"https:\/\/ciecgenval.files.wordpress.com\/2014\/12\/dscn3260-800x600.jpg\"><img loading=\"lazy\" decoding=\"async\" class=\"aligncenter size-medium wp-image-1340\" src=\"https:\/\/ciecgenval.files.wordpress.com\/2014\/12\/dscn3260-800x600.jpg?w=300\" alt=\"DSCN3260 [800x600]\" width=\"300\" height=\"225\" \/><\/a>Nous nous dirige\u00e2mes donc vers une petite place attenante, un peu \u00ab\u00a0abandonn\u00e9e\u00a0\u00bb o\u00f9 plusieurs tentes proposaient des sp\u00e9cialit\u00e9s de nos cousins canadiens\u2026<br \/>\nMarc pu donc s\u2019acheter cette sp\u00e9cialit\u00e9 et y go\u00fbter\u2026 son avis est sans appel \u00ab\u00a0\u00e7a ne casse pas la baraque, un bon paquet de frites avec de la mayo est tout aussi bon\u00a0\u00bb..<a href=\"https:\/\/ciecgenval.files.wordpress.com\/2014\/12\/dscn3261-800x600.jpg\"><img loading=\"lazy\" decoding=\"async\" class=\"aligncenter size-medium wp-image-1341\" src=\"https:\/\/ciecgenval.files.wordpress.com\/2014\/12\/dscn3261-800x600.jpg?w=300\" alt=\"DSCN3261 [800x600]\" width=\"300\" height=\"225\" \/><\/a>De rue pi\u00e9tonne en placette, nous remont\u00e2mes ensuite vers la gare.<br \/>\nLe temps de saluer ceux qui ne prenaient pas le train avec nous et nous apprenions que le n\u00f4tre allait d\u00e9marrer.<br \/>\nVite, vite, d\u00e9valer les escaliers\u2026 demander au contr\u00f4leur d\u2019attendre quelques secondes le temps que tout le groupe soit mont\u00e9 et nous nous retrouvions bien au chaud pour un retour sans histoire.<a href=\"https:\/\/ciecgenval.files.wordpress.com\/2014\/12\/dscn3262-800x600.jpg\"><img loading=\"lazy\" decoding=\"async\" class=\"aligncenter size-medium wp-image-1342\" src=\"https:\/\/ciecgenval.files.wordpress.com\/2014\/12\/dscn3262-800x600.jpg?w=300\" alt=\"DSCN3262 [800x600]\" width=\"300\" height=\"225\" \/><\/a><br \/>\n<a href=\"https:\/\/ciecgenval.files.wordpress.com\/2014\/12\/dscn3263-800x600.jpg\"><img loading=\"lazy\" decoding=\"async\" class=\"aligncenter size-medium wp-image-1343\" src=\"https:\/\/ciecgenval.files.wordpress.com\/2014\/12\/dscn3263-800x600.jpg?w=300\" alt=\"DSCN3263 [800x600]\" width=\"300\" height=\"225\" \/><\/a><br \/>\n<a href=\"https:\/\/ciecgenval.files.wordpress.com\/2014\/12\/dscn3265-800x600.jpg\"><img loading=\"lazy\" decoding=\"async\" class=\"aligncenter size-medium wp-image-1344\" src=\"https:\/\/ciecgenval.files.wordpress.com\/2014\/12\/dscn3265-800x600.jpg?w=300\" alt=\"DSCN3265 [800x600]\" width=\"300\" height=\"225\" \/><\/a><br \/>\n<\/strong><\/em><\/p>\n<p><em><strong>\u00a0<\/strong><\/em><\/p>\n<p><em><strong>\u00a0<\/strong><\/em><\/p>\n","protected":false},"excerpt":{"rendered":"<p>C\u2019est sous la pluie et avec une temp\u00e9rature bien douce pour cette mi-d\u00e9cembre que notre petit groupe se retrouvait pour notre \u00ab\u00a0descente\u00a0\u00bb annuelle au march\u00e9 de No\u00ebl de Bruxelles. Nous ne pass\u00e2mes \u00e9videmment pas inaper\u00e7us tant dans la salle des pas perdus que dans le wagon, tr\u00e8s chaud et bien agr\u00e9able, qui nous mena jusqu\u2019\u00e0 [&hellip;]<\/p>\n","protected":false},"author":1,"featured_media":0,"comment_status":"open","ping_status":"open","sticky":false,"template":"","format":"standard","meta":{"_et_pb_use_builder":"","_et_pb_old_content":"","_et_gb_content_width":"","footnotes":""},"categories":[14],"tags":[],"class_list":["post-1329","post","type-post","status-publish","format-standard","hentry","category-promenades"],"_links":{"self":[{"href":"https:\/\/ciec.be\/blog\/index.php\/wp-json\/wp\/v2\/posts\/1329","targetHints":{"allow":["GET"]}}],"collection":[{"href":"https:\/\/ciec.be\/blog\/index.php\/wp-json\/wp\/v2\/posts"}],"about":[{"href":"https:\/\/ciec.be\/blog\/index.php\/wp-json\/wp\/v2\/types\/post"}],"author":[{"embeddable":true,"href":"https:\/\/ciec.be\/blog\/index.php\/wp-json\/wp\/v2\/users\/1"}],"replies":[{"embeddable":true,"href":"https:\/\/ciec.be\/blog\/index.php\/wp-json\/wp\/v2\/comments?post=1329"}],"version-history":[{"count":0,"href":"https:\/\/ciec.be\/blog\/index.php\/wp-json\/wp\/v2\/posts\/1329\/revisions"}],"wp:attachment":[{"href":"https:\/\/ciec.be\/blog\/index.php\/wp-json\/wp\/v2\/media?parent=1329"}],"wp:term":[{"taxonomy":"category","embeddable":true,"href":"https:\/\/ciec.be\/blog\/index.php\/wp-json\/wp\/v2\/categories?post=1329"},{"taxonomy":"post_tag","embeddable":true,"href":"https:\/\/ciec.be\/blog\/index.php\/wp-json\/wp\/v2\/tags?post=1329"}],"curies":[{"name":"wp","href":"https:\/\/api.w.org\/{rel}","templated":true}]}}