{"id":1266,"date":"2014-10-19T08:40:25","date_gmt":"2014-10-19T08:40:25","guid":{"rendered":"http:\/\/ciecgenval.wordpress.com\/?p=1266"},"modified":"2014-10-19T08:40:25","modified_gmt":"2014-10-19T08:40:25","slug":"agenda-agility-2015","status":"publish","type":"post","link":"https:\/\/ciec.be\/blog\/index.php\/2014\/10\/19\/agenda-agility-2015\/","title":{"rendered":"Agenda agility 2015"},"content":{"rendered":"<p><em><strong>La fin de l&rsquo;ann\u00e9e sportive marque, g\u00e9n\u00e9ralement, l&rsquo;annonce du calendrier de l&rsquo;ann\u00e9e suivante.<\/strong><\/em><br \/>\n<em><strong>Voici donc le premier calendrier 2015, celui de l&rsquo;agility !\u00a0 Futurs concurrents, \u00e0 vos agendas&#8230;<\/strong><\/em><br \/>\n<em><strong>Les dates sont suivies du club organisateur, de la province o\u00f9 se situe ce club ainsi que de la soci\u00e9t\u00e9 o\u00f9 le club est affili\u00e9.\u00a0 Ces infos sont n\u00e9cessaires pour ceux qui souhaitent participer au championnat 2015.<\/strong><\/em><\/p>\n<p><em><strong>12\/4 &#8212;&#8211; MCMA Quaregnon &#8212;&#8211; Ht &#8212;&#8211; VOE<\/strong><\/em><br \/>\n<em><strong>19\/4 &#8212;&#8212;Izegem &#8212;&#8212;&#8212;&#8212;&#8212;&#8211; Fl Oc &#8211;VOE<\/strong><\/em><br \/>\n<em><strong>26\/4 &#8212;&#8211; Buzet &#8212;&#8212;&#8212;&#8212;&#8212;&#8212;&#8211;Ht &#8212;&#8211; KCB<\/strong><\/em><br \/>\n<em><strong>10\/5 &#8212;&#8211; dogs Bxl &#8212;&#8212;&#8212;&#8212;&#8212;- Bt &#8212;&#8211; VOE<\/strong><\/em><br \/>\n<em><strong>14\/5 &#8212;&#8212;- All4dogs &#8212;&#8212;&#8212;&#8212;&#8212; Anv &#8212;VOE<br \/>\n17\/5 &#8212;&#8211; DCSV &#8212;&#8212;&#8212;&#8212;&#8212;&#8212;&#8211;Bt &#8212;- NVBK<\/strong><\/em><br \/>\n<em><strong>21\/6 &#8212;&#8211; Symbiose &#8212;&#8212;&#8212;&#8212;&#8211; Ht &#8212;&#8211; KCB<\/strong><\/em><br \/>\n<em><strong>12\/7 &#8212;&#8211; SEV Pittem &#8212;&#8212;&#8212;&#8212;- Fl Oc &#8211; VOE<\/strong><\/em><br \/>\n<em><strong>15\/8 &#8212;&#8211; Torhout &#8212;&#8212;&#8212;&#8212;&#8212;- Fl Oc &#8212; VOE<\/strong><\/em><br \/>\n<em><strong>30\/8 &#8212;&#8211; RC Andenne &#8212;&#8212;&#8212;&#8212; Ht &#8212;- KCB<\/strong><\/em><br \/>\n<em><strong>4\/10 &#8212;&#8211; Championnat<\/strong><\/em><\/p>\n","protected":false},"excerpt":{"rendered":"<p>La fin de l&rsquo;ann\u00e9e sportive marque, g\u00e9n\u00e9ralement, l&rsquo;annonce du calendrier de l&rsquo;ann\u00e9e suivante. Voici donc le premier calendrier 2015, celui de l&rsquo;agility !\u00a0 Futurs concurrents, \u00e0 vos agendas&#8230; Les dates sont suivies du club organisateur, de la province o\u00f9 se situe ce club ainsi que de la soci\u00e9t\u00e9 o\u00f9 le club est affili\u00e9.\u00a0 Ces infos [&hellip;]<\/p>\n","protected":false},"author":1,"featured_media":0,"comment_status":"open","ping_status":"open","sticky":false,"template":"","format":"standard","meta":{"_et_pb_use_builder":"","_et_pb_old_content":"","_et_gb_content_width":"","footnotes":""},"categories":[2,3,4],"tags":[17,18,52,61,62,74,75,76,77,80,82,87,88,101,28,29,105,109,118,153,178],"class_list":["post-1266","post","type-post","status-publish","format-standard","hentry","category-agility","category-calendrier","category-competitions","tag-2015-calendrier-2015","tag-agility","tag-brabant-wallon","tag-calendrier-agility-2015","tag-calendrier-sportif-2015","tag-chien","tag-ciec","tag-club","tag-club-canin","tag-competition","tag-concours","tag-cours","tag-cours-collectifs","tag-dressage","tag-education","tag-education-canine","tag-entrainement","tag-exercice","tag-genval","tag-obstacles","tag-sport-canin"],"_links":{"self":[{"href":"https:\/\/ciec.be\/blog\/index.php\/wp-json\/wp\/v2\/posts\/1266","targetHints":{"allow":["GET"]}}],"collection":[{"href":"https:\/\/ciec.be\/blog\/index.php\/wp-json\/wp\/v2\/posts"}],"about":[{"href":"https:\/\/ciec.be\/blog\/index.php\/wp-json\/wp\/v2\/types\/post"}],"author":[{"embeddable":true,"href":"https:\/\/ciec.be\/blog\/index.php\/wp-json\/wp\/v2\/users\/1"}],"replies":[{"embeddable":true,"href":"https:\/\/ciec.be\/blog\/index.php\/wp-json\/wp\/v2\/comments?post=1266"}],"version-history":[{"count":0,"href":"https:\/\/ciec.be\/blog\/index.php\/wp-json\/wp\/v2\/posts\/1266\/revisions"}],"wp:attachment":[{"href":"https:\/\/ciec.be\/blog\/index.php\/wp-json\/wp\/v2\/media?parent=1266"}],"wp:term":[{"taxonomy":"category","embeddable":true,"href":"https:\/\/ciec.be\/blog\/index.php\/wp-json\/wp\/v2\/categories?post=1266"},{"taxonomy":"post_tag","embeddable":true,"href":"https:\/\/ciec.be\/blog\/index.php\/wp-json\/wp\/v2\/tags?post=1266"}],"curies":[{"name":"wp","href":"https:\/\/api.w.org\/{rel}","templated":true}]}}