{"id":1243,"date":"2014-09-04T15:18:34","date_gmt":"2014-09-04T15:18:34","guid":{"rendered":"http:\/\/ciecgenval.wordpress.com\/?p=1243"},"modified":"2014-09-04T15:18:34","modified_gmt":"2014-09-04T15:18:34","slug":"un-15-aout-bien-occupe","status":"publish","type":"post","link":"https:\/\/ciec.be\/blog\/index.php\/2014\/09\/04\/un-15-aout-bien-occupe\/","title":{"rendered":"Un 15 ao\u00fbt bien occup\u00e9"},"content":{"rendered":"<p><em><strong>Le 15 \u00e9tant f\u00e9ri\u00e9, pourquoi ne pas en profiter pour en faire un moment de promenade\u00a0?<br \/>\nVoil\u00e0 pourquoi, ce vendredi matin, vers 10h, une petite troupe forte de 22 chiens et de pas mal de ma\u00eetres se retrouvaient pr\u00e8s d\u2019une \u00e9cole de Grez-Doiceau, pour suivre Marc et V\u00e9ronique \u00e0 travers champs et bois de ce petit coin du Brabant Wallon.<br \/>\nDu c\u00f4t\u00e9 m\u00e9t\u00e9o, nous ne f\u00fbmes pas trop mal servis en effet si le soleil tarda \u00e0 se montrer et que les temp\u00e9ratures \u00e9taient loin de la normale pour une mi-ao\u00fbt, la pluie, elle, ne s\u2019invita \u00e0 aucun moment et nous p\u00fbmes donc profiter bien \u00e0 l\u2019aise de cette promenade.<br \/>\n<a href=\"https:\/\/ciecgenval.files.wordpress.com\/2014\/09\/dscn2878-800x600.jpg\"><img loading=\"lazy\" decoding=\"async\" class=\"aligncenter size-medium wp-image-1244\" src=\"http:\/\/ciecgenval.files.wordpress.com\/2014\/09\/dscn2878-800x600.jpg?w=300\" alt=\"DSCN2878 [800x600]\" width=\"300\" height=\"162\" \/><\/a><\/strong><\/em><\/p>\n<p><em><strong><a href=\"https:\/\/ciecgenval.files.wordpress.com\/2014\/09\/dscn2879-800x600.jpg\"><img loading=\"lazy\" decoding=\"async\" class=\"aligncenter size-medium wp-image-1245\" src=\"http:\/\/ciecgenval.files.wordpress.com\/2014\/09\/dscn2879-800x600.jpg?w=300\" alt=\"DSCN2879 [800x600]\" width=\"300\" height=\"180\" \/><\/a><br \/>\n<a href=\"https:\/\/ciecgenval.files.wordpress.com\/2014\/09\/dscn2880-800x600.jpg\"><img loading=\"lazy\" decoding=\"async\" class=\"aligncenter size-medium wp-image-1246\" src=\"http:\/\/ciecgenval.files.wordpress.com\/2014\/09\/dscn2880-800x600.jpg?w=300\" alt=\"DSCN2880 [800x600]\" width=\"300\" height=\"142\" \/><\/a><br \/>\n<a href=\"https:\/\/ciecgenval.files.wordpress.com\/2014\/09\/dscn2881-800x600.jpg\"><img loading=\"lazy\" decoding=\"async\" class=\"aligncenter size-medium wp-image-1247\" src=\"http:\/\/ciecgenval.files.wordpress.com\/2014\/09\/dscn2881-800x600.jpg?w=300\" alt=\"DSCN2881 [800x600]\" width=\"300\" height=\"225\" \/><\/a>Nous commen\u00e7\u00e2mes par une mise en bouche en terrain plat, les chiens s\u2019\u00e9lan\u00e7ant avec plaisir dans les chaumes et faisant connaissance avec l\u2019un ou l\u2019autre \u00ab\u00a0nouveau\u00a0\u00bb dans le groupe.<br \/>\nBient\u00f4t, le sentier commen\u00e7a \u00e0 grimper\u2026 C\u2019est alors que nous constat\u00e8rent avec horreur qu\u2019un club de VTT local avait d\u00e9cid\u00e9 d\u2019organiser une course ce m\u00eame jour et pire, que nous empruntions les m\u00eames voies\u00a0!<br \/>\n<a href=\"https:\/\/ciecgenval.files.wordpress.com\/2014\/09\/dscn2882-800x600.jpg\"><img loading=\"lazy\" decoding=\"async\" class=\"aligncenter size-medium wp-image-1248\" src=\"http:\/\/ciecgenval.files.wordpress.com\/2014\/09\/dscn2882-800x600.jpg?w=300\" alt=\"DSCN2882 [800x600]\" width=\"300\" height=\"225\" \/><\/a>Du coup, la balade devint quelque peu \u00e9ducative car, \u00e0 chaque cycliste (et il y en eut), il fallait rappeler nos chiens et les faire coucher ou au moins leur demander de rester calmement pr\u00e8s de nous.<br \/>\n<a href=\"https:\/\/ciecgenval.files.wordpress.com\/2014\/09\/dscn2901-800x600.jpg\"><img loading=\"lazy\" decoding=\"async\" class=\"aligncenter size-medium wp-image-1249\" src=\"http:\/\/ciecgenval.files.wordpress.com\/2014\/09\/dscn2901-800x600.jpg?w=300\" alt=\"DSCN2901 [800x600]\" width=\"300\" height=\"225\" \/><\/a>Heureusement, cela apporta un peu de piment \u00e0 la situation\u2026<br \/>\n<a href=\"https:\/\/ciecgenval.files.wordpress.com\/2014\/09\/dscn2883-800x600.jpg\"><img loading=\"lazy\" decoding=\"async\" class=\"aligncenter size-medium wp-image-1250\" src=\"http:\/\/ciecgenval.files.wordpress.com\/2014\/09\/dscn2883-800x600.jpg?w=300\" alt=\"DSCN2883 [800x600]\" width=\"300\" height=\"225\" \/><\/a><br \/>\n<a href=\"https:\/\/ciecgenval.files.wordpress.com\/2014\/09\/dscn2885-800x600.jpg\"><img loading=\"lazy\" decoding=\"async\" class=\"aligncenter size-medium wp-image-1251\" src=\"http:\/\/ciecgenval.files.wordpress.com\/2014\/09\/dscn2885-800x600.jpg?w=300\" alt=\"DSCN2885 [800x600]\" width=\"300\" height=\"225\" \/><\/a>Peu apr\u00e8s, une prairie \u00e0 vaches \u00e9tait franchement trop tentante\u2026 plusieurs chiens s\u2019y pr\u00e9cipit\u00e8rent. Mal leur en prit, une cl\u00f4ture \u00e9lectrique en fit hurler deux de surprise\u2026<br \/>\n<a href=\"https:\/\/ciecgenval.files.wordpress.com\/2014\/09\/dscn2886-800x600.jpg\"><img loading=\"lazy\" decoding=\"async\" class=\"aligncenter size-medium wp-image-1252\" src=\"http:\/\/ciecgenval.files.wordpress.com\/2014\/09\/dscn2886-800x600.jpg?w=300\" alt=\"DSCN2886 [800x600]\" width=\"300\" height=\"225\" \/><\/a>et une des chiennes d\u00fb m\u00eame \u00eatre r\u00e9cup\u00e9r\u00e9e manu militari par sa ma\u00eetresse, car elle n\u2019osait pas revenir sur ses pas, pensant que c\u2019\u00e9tait le foss\u00e9 qui lui avait inflig\u00e9 une d\u00e9charge.<br \/>\nPlus loin, le garde nous invita \u00e0 surveiller nos chiens tout en admirant notre petit groupe\u2026<br \/>\n<a href=\"https:\/\/ciecgenval.files.wordpress.com\/2014\/09\/dscn2888-800x600.jpg\"><img loading=\"lazy\" decoding=\"async\" class=\"aligncenter size-medium wp-image-1253\" src=\"http:\/\/ciecgenval.files.wordpress.com\/2014\/09\/dscn2888-800x600.jpg?w=300\" alt=\"DSCN2888 [800x600]\" width=\"300\" height=\"225\" \/><\/a>Nous continu\u00e2mes notre progression dans un chemin creux et tr\u00e8s en pente, remarquant les d\u00e9g\u00e2ts faits par le ruissellement des eaux cons\u00e9cutif aux semaines de pluie que nous avons connu.<br \/>\n<a href=\"https:\/\/ciecgenval.files.wordpress.com\/2014\/09\/dscn2889-800x600.jpg\"><img loading=\"lazy\" decoding=\"async\" class=\"aligncenter size-medium wp-image-1254\" src=\"http:\/\/ciecgenval.files.wordpress.com\/2014\/09\/dscn2889-800x600.jpg?w=300\" alt=\"DSCN2889 [800x600]\" width=\"300\" height=\"225\" \/><\/a>Nous arriv\u00e2mes ensuite sur une butte d\u2019o\u00f9 la vue \u00e9tait imprenable sur les champs et les bois jusqu\u2019\u00e0 perte de vue.<br \/>\n<a href=\"https:\/\/ciecgenval.files.wordpress.com\/2014\/09\/dscn2892-800x600.jpg\"><img loading=\"lazy\" decoding=\"async\" class=\"aligncenter size-medium wp-image-1255\" src=\"http:\/\/ciecgenval.files.wordpress.com\/2014\/09\/dscn2892-800x600.jpg?w=300\" alt=\"DSCN2892 [800x600]\" width=\"300\" height=\"225\" \/><\/a>Notre passage dans le village faillit mal tourner en effet une grande table avait \u00e9t\u00e9 pr\u00e9vue pour les cyclistes et de nombreuses victuailles y tr\u00f4naient\u2026 Or Chara faisait partie de notre groupe et certains savent que, lorsqu\u2019il est question de nourriture, elle est la \u00ab\u00a0Reine M\u00e8re\u00a0\u00bb.<br \/>\nVoyant qu\u2019elle se dirigeait, truffe au vent et d\u2019un pas conqu\u00e9rant dans la direction de la nourriture, nous nous d\u00e9p\u00each\u00e2mes de la rappeler\u2026 car son air bon enfant avait d\u00e9j\u00e0 provoqu\u00e9 l\u2019int\u00e9r\u00eat d\u2019une dame qui voulait lui offrir un quignon de pain\u00a0!!!<br \/>\n<a href=\"https:\/\/ciecgenval.files.wordpress.com\/2014\/09\/dscn2893-800x600.jpg\"><img loading=\"lazy\" decoding=\"async\" class=\"aligncenter size-medium wp-image-1256\" src=\"http:\/\/ciecgenval.files.wordpress.com\/2014\/09\/dscn2893-800x600.jpg?w=300\" alt=\"DSCN2893 [800x600]\" width=\"300\" height=\"225\" \/><\/a><br \/>\n<a href=\"https:\/\/ciecgenval.files.wordpress.com\/2014\/09\/dscn2894-800x600.jpg\"><img loading=\"lazy\" decoding=\"async\" class=\"aligncenter size-medium wp-image-1257\" src=\"http:\/\/ciecgenval.files.wordpress.com\/2014\/09\/dscn2894-800x600.jpg?w=300\" alt=\"DSCN2894 [800x600]\" width=\"300\" height=\"225\" \/><\/a>Nous quitt\u00e2mes bient\u00f4t les habitations pour replonger dans les bois et les sentiers bien boueux avant de d\u00e9boucher sur le plateau.<br \/>\n<a href=\"https:\/\/ciecgenval.files.wordpress.com\/2014\/09\/dscn2895-800x600.jpg\"><img loading=\"lazy\" decoding=\"async\" class=\"aligncenter size-medium wp-image-1258\" src=\"http:\/\/ciecgenval.files.wordpress.com\/2014\/09\/dscn2895-800x600.jpg?w=300\" alt=\"DSCN2895 [800x600]\" width=\"300\" height=\"225\" \/><\/a>Ici aussi, le froment avait \u00e9t\u00e9 r\u00e9colt\u00e9\u2026 Nous d\u00e9pass\u00e2mes quelques serres prot\u00e9geant tomates et autres l\u00e9gumes avant de redescendre, par un sentier glissant et \u00e9maill\u00e9 de nombreuses grandes flaques.<br \/>\n<a href=\"https:\/\/ciecgenval.files.wordpress.com\/2014\/09\/dscn2897-800x600.jpg\"><img loading=\"lazy\" decoding=\"async\" class=\"aligncenter size-medium wp-image-1259\" src=\"http:\/\/ciecgenval.files.wordpress.com\/2014\/09\/dscn2897-800x600.jpg?w=300\" alt=\"DSCN2897 [800x600]\" width=\"300\" height=\"225\" \/><\/a><br \/>\n<a href=\"https:\/\/ciecgenval.files.wordpress.com\/2014\/09\/dscn2905-800x600.jpg\"><img loading=\"lazy\" decoding=\"async\" class=\"aligncenter size-medium wp-image-1260\" src=\"http:\/\/ciecgenval.files.wordpress.com\/2014\/09\/dscn2905-800x600.jpg?w=300\" alt=\"DSCN2905 [800x600]\" width=\"300\" height=\"225\" \/><\/a>Nous arriv\u00e2mes ensuite dans les bois o\u00f9 une voiture, qui semblait abandonn\u00e9e, tr\u00f4nait \u00e0 un croisement.<br \/>\n<a href=\"https:\/\/ciecgenval.files.wordpress.com\/2014\/09\/dscn2906-800x600.jpg\"><img loading=\"lazy\" decoding=\"async\" class=\"aligncenter size-medium wp-image-1263\" src=\"http:\/\/ciecgenval.files.wordpress.com\/2014\/09\/dscn2906-800x600.jpg?w=300\" alt=\"DSCN2906 [800x600]\" width=\"300\" height=\"225\" \/><\/a>En fait, il s\u2019agissait de la voiture de V\u00e9ronique, plac\u00e9e l\u00e0 le matin m\u00eame, et d\u2019o\u00f9 furent sortis un grand bol, de l\u2019eau fra\u00eeche pour nos chiens, des verres et des cartons de jus de fruits pour les participants\u2026. De quoi faire une pause bienvenue\u00a0!<br \/>\nEnsuite, nous continu\u00e2mes notre balade qui nous ramena \u00e0 notre sentier de d\u00e9part puis au parking.<br \/>\n<a href=\"https:\/\/ciecgenval.files.wordpress.com\/2014\/09\/dscn2898-800x600.jpg\"><img loading=\"lazy\" decoding=\"async\" class=\"aligncenter size-medium wp-image-1261\" src=\"http:\/\/ciecgenval.files.wordpress.com\/2014\/09\/dscn2898-800x600.jpg?w=300\" alt=\"DSCN2898 [800x600]\" width=\"300\" height=\"225\" \/><\/a><br \/>\n<a href=\"https:\/\/ciecgenval.files.wordpress.com\/2014\/09\/dscn2900-800x600.jpg\"><img loading=\"lazy\" decoding=\"async\" class=\"aligncenter size-medium wp-image-1262\" src=\"http:\/\/ciecgenval.files.wordpress.com\/2014\/09\/dscn2900-800x600.jpg?w=300\" alt=\"DSCN2900 [800x600]\" width=\"300\" height=\"225\" \/><\/a>Vous pensez bien que, comme d\u2019habitude, un petit groupe se retrouva dans un restaurant des environs tandis que le reste des participants repartait vers d\u2019autres occupations dominicales.<\/strong><\/em><\/p>\n<p><em><strong>\u00a0<\/strong><\/em><\/p>\n<p><em><strong>\u00a0<\/strong><\/em><\/p>\n","protected":false},"excerpt":{"rendered":"<p>Le 15 \u00e9tant f\u00e9ri\u00e9, pourquoi ne pas en profiter pour en faire un moment de promenade\u00a0? Voil\u00e0 pourquoi, ce vendredi matin, vers 10h, une petite troupe forte de 22 chiens et de pas mal de ma\u00eetres se retrouvaient pr\u00e8s d\u2019une \u00e9cole de Grez-Doiceau, pour suivre Marc et V\u00e9ronique \u00e0 travers champs et bois de ce [&hellip;]<\/p>\n","protected":false},"author":1,"featured_media":0,"comment_status":"open","ping_status":"open","sticky":false,"template":"","format":"standard","meta":{"_et_pb_use_builder":"","_et_pb_old_content":"","_et_gb_content_width":"","footnotes":""},"categories":[12,14],"tags":[35,48,52,71,74,75,76,77,87,88,101,28,29,105,109,113,118,122,151,166,167,178],"class_list":["post-1243","post","type-post","status-publish","format-standard","hentry","category-nos-chiens","category-promenades","tag-balade-canine","tag-bois","tag-brabant-wallon","tag-champs","tag-chien","tag-ciec","tag-club","tag-club-canin","tag-cours","tag-cours-collectifs","tag-dressage","tag-education","tag-education-canine","tag-entrainement","tag-exercice","tag-flyball","tag-genval","tag-grez-doiceau","tag-obeissance","tag-promenade","tag-promenade-canine","tag-sport-canin"],"_links":{"self":[{"href":"https:\/\/ciec.be\/blog\/index.php\/wp-json\/wp\/v2\/posts\/1243","targetHints":{"allow":["GET"]}}],"collection":[{"href":"https:\/\/ciec.be\/blog\/index.php\/wp-json\/wp\/v2\/posts"}],"about":[{"href":"https:\/\/ciec.be\/blog\/index.php\/wp-json\/wp\/v2\/types\/post"}],"author":[{"embeddable":true,"href":"https:\/\/ciec.be\/blog\/index.php\/wp-json\/wp\/v2\/users\/1"}],"replies":[{"embeddable":true,"href":"https:\/\/ciec.be\/blog\/index.php\/wp-json\/wp\/v2\/comments?post=1243"}],"version-history":[{"count":0,"href":"https:\/\/ciec.be\/blog\/index.php\/wp-json\/wp\/v2\/posts\/1243\/revisions"}],"wp:attachment":[{"href":"https:\/\/ciec.be\/blog\/index.php\/wp-json\/wp\/v2\/media?parent=1243"}],"wp:term":[{"taxonomy":"category","embeddable":true,"href":"https:\/\/ciec.be\/blog\/index.php\/wp-json\/wp\/v2\/categories?post=1243"},{"taxonomy":"post_tag","embeddable":true,"href":"https:\/\/ciec.be\/blog\/index.php\/wp-json\/wp\/v2\/tags?post=1243"}],"curies":[{"name":"wp","href":"https:\/\/api.w.org\/{rel}","templated":true}]}}