{"id":1208,"date":"2014-08-15T20:58:04","date_gmt":"2014-08-15T20:58:04","guid":{"rendered":"http:\/\/ciecgenval.wordpress.com\/?p=1208"},"modified":"2014-08-15T20:58:04","modified_gmt":"2014-08-15T20:58:04","slug":"mi-juillet-en-normandie","status":"publish","type":"post","link":"https:\/\/ciec.be\/blog\/index.php\/2014\/08\/15\/mi-juillet-en-normandie\/","title":{"rendered":"Mi juillet en Normandie"},"content":{"rendered":"<p><em><strong>Cette ann\u00e9e, le championnat d\u2019Europe de flyball ayant lieu en Normandie, nous avions pr\u00e9vu d\u2019y rester un rien plus longtemps afin de d\u00e9couvrir la Basse Normandie.<br \/>\nC\u2019est ainsi que le samedi 19, apr\u00e8s avoir d\u00e9jeun\u00e9 \u00e0 notre h\u00f4tel de Carentan, notre \u00e9quipe se retrouvait au bord de la page d\u2019Utah Beach, sous un ciel bas o\u00f9 l\u2019on pouvait parfois apercevoir un peu de ciel bleu.<br \/>\n<a href=\"https:\/\/ciecgenval.files.wordpress.com\/2014\/08\/dscn2760_utah_beach-800x600.jpg\"><img loading=\"lazy\" decoding=\"async\" class=\"aligncenter size-medium wp-image-1209\" src=\"http:\/\/ciecgenval.files.wordpress.com\/2014\/08\/dscn2760_utah_beach-800x600.jpg?w=300\" alt=\"DSCN2760_Utah_Beach [800x600]\" width=\"300\" height=\"225\" \/><\/a>Un petit tour sur l\u2019espace d\u00e9di\u00e9 au d\u00e9barquement et nous arrivions sur une plage quasi d\u00e9serte, s\u2019\u00e9tendant \u00e0 perte de vue.<br \/>\n<a href=\"https:\/\/ciecgenval.files.wordpress.com\/2014\/08\/dscn2761-800x600.jpg\"><img loading=\"lazy\" decoding=\"async\" class=\"aligncenter size-medium wp-image-1210\" src=\"http:\/\/ciecgenval.files.wordpress.com\/2014\/08\/dscn2761-800x600.jpg?w=300\" alt=\"DSCN2761 [800x600]\" width=\"300\" height=\"225\" \/><\/a><br \/>\n<a href=\"https:\/\/ciecgenval.files.wordpress.com\/2014\/08\/dscn2762-800x600.jpg\"><img loading=\"lazy\" decoding=\"async\" class=\"aligncenter size-medium wp-image-1211\" src=\"http:\/\/ciecgenval.files.wordpress.com\/2014\/08\/dscn2762-800x600.jpg?w=300\" alt=\"DSCN2762 [800x600]\" width=\"300\" height=\"225\" \/><\/a>Cela fit bien \u00e9videmment notre bonheur et celui de nos chiens qui s\u2019\u00e9lanc\u00e8rent vers l\u2019eau, tr\u00e8s \u00e9loign\u00e9e car nous \u00e9tions \u00e0 mar\u00e9e basse.<br \/>\nSoudain, dominant le bruit des vagues, nous entend\u00eemes le bruit de chevaux au galop\u2026 et p\u00fbmes admirer l\u2019entra\u00eenement de pur-sang trotteurs attel\u00e9s \u00e0 leur sulky qui pass\u00e8rent \u00e0 quelques m\u00e8tres \u00e0 peine de nous.<br \/>\n<a href=\"https:\/\/ciecgenval.files.wordpress.com\/2014\/08\/dscn2763-800x600.jpg\"><img loading=\"lazy\" decoding=\"async\" class=\"aligncenter size-medium wp-image-1212\" src=\"http:\/\/ciecgenval.files.wordpress.com\/2014\/08\/dscn2763-800x600.jpg?w=300\" alt=\"DSCN2763 [800x600]\" width=\"300\" height=\"225\" \/><\/a><br \/>\n<a href=\"https:\/\/ciecgenval.files.wordpress.com\/2014\/08\/dscn2765-800x600.jpg\"><img loading=\"lazy\" decoding=\"async\" class=\"aligncenter size-medium wp-image-1213\" src=\"http:\/\/ciecgenval.files.wordpress.com\/2014\/08\/dscn2765-800x600.jpg?w=300\" alt=\"DSCN2765 [800x600]\" width=\"300\" height=\"225\" \/><\/a>Nous arriv\u00e2mes ensuite au bord de l\u2019eau et continu\u00e2mes jusqu\u2019\u00e0 un \u00e9levage d\u2019hu\u00eetres.<br \/>\n<a href=\"https:\/\/ciecgenval.files.wordpress.com\/2014\/08\/20140719_110957-800x600.jpg\"><img loading=\"lazy\" decoding=\"async\" class=\"aligncenter size-medium wp-image-1215\" src=\"http:\/\/ciecgenval.files.wordpress.com\/2014\/08\/20140719_110957-800x600.jpg?w=300\" alt=\"20140719_110957 [800x600]\" width=\"300\" height=\"177\" \/><\/a><br \/>\n<a href=\"https:\/\/ciecgenval.files.wordpress.com\/2014\/08\/20140719_112024-800x600.jpg\"><img loading=\"lazy\" decoding=\"async\" class=\"aligncenter size-medium wp-image-1219\" src=\"http:\/\/ciecgenval.files.wordpress.com\/2014\/08\/20140719_112024-800x600.jpg?w=300\" alt=\"20140719_112024 [800x600]\" width=\"300\" height=\"168\" \/><\/a><br \/>\n<a href=\"https:\/\/ciecgenval.files.wordpress.com\/2014\/08\/20140719_111634-800x600.jpg\"><img loading=\"lazy\" decoding=\"async\" class=\"aligncenter size-medium wp-image-1216\" src=\"http:\/\/ciecgenval.files.wordpress.com\/2014\/08\/20140719_111634-800x600.jpg?w=300\" alt=\"20140719_111634 [800x600]\" width=\"300\" height=\"168\" \/><\/a>Celles-ci \u00e9taient bloqu\u00e9es dans des sacs en jute d\u00e9pos\u00e9s sur des supports m\u00e9talliques.<br \/>\n<a href=\"https:\/\/ciecgenval.files.wordpress.com\/2014\/08\/dscn2770-800x600.jpg\"><img loading=\"lazy\" decoding=\"async\" class=\"aligncenter size-medium wp-image-1217\" src=\"http:\/\/ciecgenval.files.wordpress.com\/2014\/08\/dscn2770-800x600.jpg?w=300\" alt=\"DSCN2770 [800x600]\" width=\"300\" height=\"225\" \/><\/a><br \/>\n<a href=\"https:\/\/ciecgenval.files.wordpress.com\/2014\/08\/20140719_111655-800x600.jpg\"><img loading=\"lazy\" decoding=\"async\" class=\"aligncenter size-medium wp-image-1218\" src=\"http:\/\/ciecgenval.files.wordpress.com\/2014\/08\/20140719_111655-800x600.jpg?w=300\" alt=\"20140719_111655 [800x600]\" width=\"300\" height=\"168\" \/><\/a><br \/>\n<a href=\"https:\/\/ciecgenval.files.wordpress.com\/2014\/08\/20140719_112200-800x600.jpg\"><img loading=\"lazy\" decoding=\"async\" class=\"aligncenter size-medium wp-image-1220\" src=\"http:\/\/ciecgenval.files.wordpress.com\/2014\/08\/20140719_112200-800x600.jpg?w=300\" alt=\"20140719_112200 [800x600]\" width=\"300\" height=\"168\" \/><\/a>Des centaines de moules \u00e9taient fix\u00e9es aux montants verticaux des supports, une aubaine pour les habitants des villas proches dont certains \u00e9taient occp\u00e9s \u00e0 cueillir leur repas de midi.<br \/>\n<a href=\"https:\/\/ciecgenval.files.wordpress.com\/2014\/08\/20140719_112351-800x600.jpg\"><img loading=\"lazy\" decoding=\"async\" class=\"aligncenter size-medium wp-image-1221\" src=\"http:\/\/ciecgenval.files.wordpress.com\/2014\/08\/20140719_112351-800x600.jpg?w=300\" alt=\"20140719_112351 [800x600]\" width=\"300\" height=\"168\" \/><\/a>Apr\u00e8s un bon moment de marche dans l\u2019eau et le sable, nous f\u00eemes demi-tour pour rejoindre nos v\u00e9hicules.<br \/>\n<a href=\"https:\/\/ciecgenval.files.wordpress.com\/2014\/08\/20140719_115816-800x600.jpg\"><img loading=\"lazy\" decoding=\"async\" class=\"aligncenter size-medium wp-image-1222\" src=\"http:\/\/ciecgenval.files.wordpress.com\/2014\/08\/20140719_115816-800x600.jpg?w=300\" alt=\"20140719_115816 [800x600]\" width=\"300\" height=\"167\" \/><\/a><br \/>\n<a href=\"https:\/\/ciecgenval.files.wordpress.com\/2014\/08\/dscn2774-800x600.jpg\"><img loading=\"lazy\" decoding=\"async\" class=\"aligncenter size-medium wp-image-1223\" src=\"http:\/\/ciecgenval.files.wordpress.com\/2014\/08\/dscn2774-800x600.jpg?w=300\" alt=\"DSCN2774 [800x600]\" width=\"300\" height=\"225\" \/><\/a>Le temps de rouler une dizaine de minutes, et nous arrivions dans le petit village de Ravenoville o\u00f9 nous gar\u00e2mes nos voitures pr\u00e8s de la plage avant de nous \u00e9loigner vers le centre du village o\u00f9 une sympathique auberge proposait de quoi refaire nos forces.<br \/>\nNotre commande fit la part belle aux moules de la r\u00e9gion, d\u2019un prix plus de la moiti\u00e9 moindre qu\u2019en Belgique et surtout bien plus go\u00fbteuses\u00a0!<br \/>\nMarc et V\u00e9ronique avaient pr\u00e9vu de nous rejoindre et, ils arriv\u00e8rent juste \u00e0 temps pour partager leur repas avec nous.<br \/>\nRien ne vaut une petite balade digestive\u2026 nous descend\u00eemes sur la plage o\u00f9 la mar\u00e9e avait mont\u00e9 depuis le matin. Cette fois, pr\u00e8s de l&rsquo;eau, le sable \u00e9tait quasi totalement recouvert de longues algues ainsi que de milliers de coquillages plus ou moins \u00e9cras\u00e9s un peu irritants pour la plante des pieds mais combien int\u00e9ressants \u00e0 regarder et \u00e0 manipuler.<br \/>\n<a href=\"https:\/\/ciecgenval.files.wordpress.com\/2014\/08\/20140719_153409-800x600.jpg\"><img loading=\"lazy\" decoding=\"async\" class=\"aligncenter size-medium wp-image-1224\" src=\"http:\/\/ciecgenval.files.wordpress.com\/2014\/08\/20140719_153409-800x600.jpg?w=300\" alt=\"20140719_153409 [800x600]\" width=\"300\" height=\"168\" \/><\/a><br \/>\n<a href=\"https:\/\/ciecgenval.files.wordpress.com\/2014\/08\/20140719_160942-800x600.jpg\"><img loading=\"lazy\" decoding=\"async\" class=\"aligncenter size-medium wp-image-1225\" src=\"http:\/\/ciecgenval.files.wordpress.com\/2014\/08\/20140719_160942-800x600.jpg?w=300\" alt=\"20140719_160942 [800x600]\" width=\"300\" height=\"168\" \/><\/a><br \/>\n<a href=\"https:\/\/ciecgenval.files.wordpress.com\/2014\/08\/20140719_162707-800x600.jpg\"><img loading=\"lazy\" decoding=\"async\" class=\"aligncenter size-medium wp-image-1226\" src=\"http:\/\/ciecgenval.files.wordpress.com\/2014\/08\/20140719_162707-800x600.jpg?w=300\" alt=\"20140719_162707 [800x600]\" width=\"300\" height=\"168\" \/><\/a>Heureusement, c\u00f4t\u00e9 m\u00e9t\u00e9o, nous n\u2019avions presque pas de pluie\u2026 et la temp\u00e9rature \u00e9tait bien estivale malgr\u00e9 une petite houle venue du large.<br \/>\nEnsuite ce fut le retour vers les voitures puis vers notre base, par des petites routes bord\u00e9es de haies vives et de prairies o\u00f9 paissaient de belles vaches blanches et brunes.<br \/>\nLe lendemain, dimanche, nous avions pr\u00e9vu de remonter jusqu\u2019\u00e0 Dieppe o\u00f9 nous avions r\u00e9serv\u00e9 un h\u00f4tel, mais nous allions le faire par le chemin des \u00e9coliers.<br \/>\nTandis que Michelle, Marc et V\u00e9ronique d\u00e9marraient directement vers Honfleur, nous descendions jusqu\u2019\u00e0 Saint Jean de Daye o\u00f9 nous r\u00e9cup\u00e9r\u00e2mes notre remorque de fly. Le temps d\u2019aller saluer les \u00e9quipes et les organisateurs et nous partions rejoindre le reste du groupe.<br \/>\nTrouver un parking qui puisse accueillir camionnette et remorque ne fut pas une sin\u00e9cure\u2026 nous arriv\u00e2mes heureusement juste \u00e0 temps le long du vieux port, pour constater qu\u2019aller \u00e0 Honfleur un dimanche de juillet n\u2019est pas vraiment id\u00e9al\u00a0!<br \/>\n<a href=\"https:\/\/ciecgenval.files.wordpress.com\/2014\/08\/20140720_115155-800x600.jpg\"><img loading=\"lazy\" decoding=\"async\" class=\"aligncenter size-medium wp-image-1227\" src=\"http:\/\/ciecgenval.files.wordpress.com\/2014\/08\/20140720_115155-800x600.jpg?w=300\" alt=\"20140720_115155 [800x600]\" width=\"300\" height=\"168\" \/><\/a><br \/>\n<a href=\"https:\/\/ciecgenval.files.wordpress.com\/2014\/08\/20140720_115037-800x600.jpg\"><img loading=\"lazy\" decoding=\"async\" class=\"aligncenter size-medium wp-image-1228\" src=\"http:\/\/ciecgenval.files.wordpress.com\/2014\/08\/20140720_115037-800x600.jpg?w=300\" alt=\"20140720_115037 [800x600]\" width=\"300\" height=\"168\" \/><\/a><br \/>\n<a href=\"https:\/\/ciecgenval.files.wordpress.com\/2014\/08\/dscn2775_honfleur-800x600.jpg\"><img loading=\"lazy\" decoding=\"async\" class=\"aligncenter size-medium wp-image-1229\" src=\"http:\/\/ciecgenval.files.wordpress.com\/2014\/08\/dscn2775_honfleur-800x600.jpg?w=300\" alt=\"DSCN2775_Honfleur [800x600]\" width=\"300\" height=\"225\" \/><\/a><br \/>\n<a href=\"https:\/\/ciecgenval.files.wordpress.com\/2014\/08\/dscn2776-800x600.jpg\"><img loading=\"lazy\" decoding=\"async\" class=\"aligncenter size-medium wp-image-1230\" src=\"http:\/\/ciecgenval.files.wordpress.com\/2014\/08\/dscn2776-800x600.jpg?w=300\" alt=\"DSCN2776 [800x600]\" width=\"300\" height=\"225\" \/><\/a><br \/>\n<a href=\"https:\/\/ciecgenval.files.wordpress.com\/2014\/08\/dscn2777-800x600.jpg\"><img loading=\"lazy\" decoding=\"async\" class=\"aligncenter size-medium wp-image-1231\" src=\"http:\/\/ciecgenval.files.wordpress.com\/2014\/08\/dscn2777-800x600.jpg?w=300\" alt=\"DSCN2777 [800x600]\" width=\"300\" height=\"225\" \/><\/a><br \/>\n<a href=\"https:\/\/ciecgenval.files.wordpress.com\/2014\/08\/dscn2779-800x600.jpg\"><img loading=\"lazy\" decoding=\"async\" class=\"aligncenter size-medium wp-image-1232\" src=\"http:\/\/ciecgenval.files.wordpress.com\/2014\/08\/dscn2779-800x600.jpg?w=300\" alt=\"DSCN2779 [800x600]\" width=\"300\" height=\"225\" \/><\/a><br \/>\n<a href=\"https:\/\/ciecgenval.files.wordpress.com\/2014\/08\/dscn2780-800x600.jpg\"><img loading=\"lazy\" decoding=\"async\" class=\"aligncenter size-medium wp-image-1233\" src=\"http:\/\/ciecgenval.files.wordpress.com\/2014\/08\/dscn2780-800x600.jpg?w=300\" alt=\"DSCN2780 [800x600]\" width=\"300\" height=\"225\" \/><\/a><br \/>\n<a href=\"https:\/\/ciecgenval.files.wordpress.com\/2014\/08\/dscn2781-800x600.jpg\"><img loading=\"lazy\" decoding=\"async\" class=\"aligncenter size-medium wp-image-1234\" src=\"http:\/\/ciecgenval.files.wordpress.com\/2014\/08\/dscn2781-800x600.jpg?w=300\" alt=\"DSCN2781 [800x600]\" width=\"300\" height=\"225\" \/><\/a>Nous d\u00e9cid\u00e2mes donc faire un petit tour avant de reprendre nos voitures en direction d\u2019Etretat.<br \/>\nLa pluie et le soleil jouaient \u00e0 cache-cache et il \u00e9tait impossible de d\u00e9terminer quel serait le temps dans la prochaine demi-heure, qu\u2019\u00e0 cela ne tienne, nous trouv\u00e2mes deux places au tennis club d\u2019Etretat et continu\u00e2mes \u00e0 pied jusqu\u2019au front de mer.<br \/>\n<a href=\"https:\/\/ciecgenval.files.wordpress.com\/2014\/08\/20140720_164042-800x600.jpg\"><img loading=\"lazy\" decoding=\"async\" class=\"aligncenter size-medium wp-image-1235\" src=\"http:\/\/ciecgenval.files.wordpress.com\/2014\/08\/20140720_164042-800x600.jpg?w=300\" alt=\"20140720_164042 [800x600]\" width=\"300\" height=\"168\" \/><\/a>Nous jet\u00e2mes notre d\u00e9volu sur un petit restaurant o\u00f9, au moins, nous \u00e9tions \u00e0 l\u2019abri de la pluie et du vent\u00a0pour d\u00eener, m\u00eame si l\u2019espace \u00e9tait plus que r\u00e9duit!<br \/>\nAu moment de sortir, nous constat\u00e2mes que le soleil avait de nouveau pris le dessus\u2026 nous mont\u00e2mes donc le long de la falaise afin d\u2019admirer d\u2019un peu plus pr\u00e8s les deux arches naturelles cr\u00e9\u00e9es par la mer\u2026<br \/>\n<a href=\"https:\/\/ciecgenval.files.wordpress.com\/2014\/08\/dscn2783_etretat-800x600.jpg\"><img loading=\"lazy\" decoding=\"async\" class=\"aligncenter size-medium wp-image-1236\" src=\"http:\/\/ciecgenval.files.wordpress.com\/2014\/08\/dscn2783_etretat-800x600.jpg?w=300\" alt=\"DSCN2783_Etretat [800x600]\" width=\"300\" height=\"225\" \/><\/a><br \/>\n<a href=\"https:\/\/ciecgenval.files.wordpress.com\/2014\/08\/dscn2786-800x600.jpg\"><img loading=\"lazy\" decoding=\"async\" class=\"aligncenter size-medium wp-image-1237\" src=\"http:\/\/ciecgenval.files.wordpress.com\/2014\/08\/dscn2786-800x600.jpg?w=300\" alt=\"DSCN2786 [800x600]\" width=\"300\" height=\"225\" \/><\/a><br \/>\n<a href=\"https:\/\/ciecgenval.files.wordpress.com\/2014\/08\/dscn2787-800x600.jpg\"><img loading=\"lazy\" decoding=\"async\" class=\"aligncenter size-medium wp-image-1238\" src=\"http:\/\/ciecgenval.files.wordpress.com\/2014\/08\/dscn2787-800x600.jpg?w=300\" alt=\"DSCN2787 [800x600]\" width=\"300\" height=\"225\" \/><\/a><br \/>\n<a href=\"https:\/\/ciecgenval.files.wordpress.com\/2014\/08\/dscn2789-800x600.jpg\"><img loading=\"lazy\" decoding=\"async\" class=\"aligncenter size-medium wp-image-1239\" src=\"http:\/\/ciecgenval.files.wordpress.com\/2014\/08\/dscn2789-800x600.jpg?w=225\" alt=\"DSCN2789 [800x600]\" width=\"225\" height=\"300\" \/><\/a>Le retour vers les voitures posa un petit stress car nous avions perdu Sandy\u2026 et dans la foule d\u2019un dimanche apr\u00e8s-midi de cong\u00e9, il \u00e9tait utopique d\u2019essayer de la retrouver.<br \/>\nHeureusement, elle avait rejoint la voiture et peu apr\u00e8s, nous la retrouvions.<br \/>\nLe temps de rattacher la remorque et nous prenions la route vers Dieppe\u2026 mais nos escapades avaient grignot\u00e9 une bonne partie de le journ\u00e9e\u2026 nous t\u00e9l\u00e9phon\u00e2mes donc \u00e0 l\u2019h\u00f4tel pour annoncer votre retard.<br \/>\nAutour de nous, les champs et les prairies nous faisaient une haie d\u2019honneur parfois remplac\u00e9s par les maisons d\u2019un petit village.<br \/>\nCe n\u2019est que vers 20h que nous arriv\u00e2mes enfin \u00e0 bon port et qu\u2019apr\u00e8s avoir d\u00e9pos\u00e9 nos valises, nous nous retrouv\u00e2mes dans un restaurant des environs pour un copieux souper, nos chiens ronflant autour de nous apr\u00e8s les aventures de la journ\u00e9e.<br \/>\n<a href=\"https:\/\/ciecgenval.files.wordpress.com\/2014\/08\/20140720_214429-800x600.jpg\"><img loading=\"lazy\" decoding=\"async\" class=\"aligncenter size-medium wp-image-1240\" src=\"http:\/\/ciecgenval.files.wordpress.com\/2014\/08\/20140720_214429-800x600.jpg?w=300\" alt=\"20140720_214429 [800x600]\" width=\"300\" height=\"157\" \/><\/a>Le lendemain matin, nous nous s\u00e9par\u00e2mes car nous voulions faire quelques courses dans le centre commercial proche.<br \/>\nEnsuite, nous all\u00e2mes \u00e0 la plage d\u2019un petit village c\u00f4tier dont on nous avait dit que c\u2019\u00e9tait le seul endroit o\u00f9 la plage \u00e9tait sableuse et non pas totalement recouverte de galets.<br \/>\nNous y retrouv\u00e2mes Marc et V\u00e9ronique et, apr\u00e8s avoir profit\u00e9 une derni\u00e8re fois des d\u00e9lices de la mer, nous repr\u00eemes nos v\u00e9hicules, direction la Belgique.<br \/>\nLors de nos arr\u00eats et sur la route, nous e\u00fbmes le plaisir de rencontrer ou de nous faire d\u00e9passer par les v\u00e9hicules de certains autres clubs belges\u2026 Pour tous, ce 21 juillet \u00e9tait d\u00e9di\u00e9 au retour, cool, jusqu\u2019\u00e0 la maison\u2026<\/strong><\/em><\/p>\n<p><em><strong>\u00a0<\/strong><\/em><\/p>\n","protected":false},"excerpt":{"rendered":"<p>Cette ann\u00e9e, le championnat d\u2019Europe de flyball ayant lieu en Normandie, nous avions pr\u00e9vu d\u2019y rester un rien plus longtemps afin de d\u00e9couvrir la Basse Normandie. C\u2019est ainsi que le samedi 19, apr\u00e8s avoir d\u00e9jeun\u00e9 \u00e0 notre h\u00f4tel de Carentan, notre \u00e9quipe se retrouvait au bord de la page d\u2019Utah Beach, sous un ciel bas [&hellip;]<\/p>\n","protected":false},"author":1,"featured_media":0,"comment_status":"open","ping_status":"open","sticky":false,"template":"","format":"standard","meta":{"_et_pb_use_builder":"","_et_pb_old_content":"","_et_gb_content_width":"","footnotes":""},"categories":[3,14],"tags":[35,49,50,52,59,71,73,74,75,76,77,80,87,88,96,101,28,29,105,108,109,113,115,118,124,135,149,151,161,166,167,178,184,188,189],"class_list":["post-1208","post","type-post","status-publish","format-standard","hentry","category-calendrier","category-promenades","tag-balade-canine","tag-border","tag-border-collie","tag-brabant-wallon","tag-calendrier","tag-champs","tag-cheval","tag-chien","tag-ciec","tag-club","tag-club-canin","tag-competition","tag-cours","tag-cours-collectifs","tag-dieppe","tag-dressage","tag-education","tag-education-canine","tag-entrainement","tag-etretat","tag-exercice","tag-flyball","tag-france","tag-genval","tag-honfleur","tag-mer","tag-normandie","tag-obeissance","tag-plage","tag-promenade","tag-promenade-canine","tag-sport-canin","tag-sulky","tag-trotteur","tag-utah-beach"],"_links":{"self":[{"href":"https:\/\/ciec.be\/blog\/index.php\/wp-json\/wp\/v2\/posts\/1208","targetHints":{"allow":["GET"]}}],"collection":[{"href":"https:\/\/ciec.be\/blog\/index.php\/wp-json\/wp\/v2\/posts"}],"about":[{"href":"https:\/\/ciec.be\/blog\/index.php\/wp-json\/wp\/v2\/types\/post"}],"author":[{"embeddable":true,"href":"https:\/\/ciec.be\/blog\/index.php\/wp-json\/wp\/v2\/users\/1"}],"replies":[{"embeddable":true,"href":"https:\/\/ciec.be\/blog\/index.php\/wp-json\/wp\/v2\/comments?post=1208"}],"version-history":[{"count":0,"href":"https:\/\/ciec.be\/blog\/index.php\/wp-json\/wp\/v2\/posts\/1208\/revisions"}],"wp:attachment":[{"href":"https:\/\/ciec.be\/blog\/index.php\/wp-json\/wp\/v2\/media?parent=1208"}],"wp:term":[{"taxonomy":"category","embeddable":true,"href":"https:\/\/ciec.be\/blog\/index.php\/wp-json\/wp\/v2\/categories?post=1208"},{"taxonomy":"post_tag","embeddable":true,"href":"https:\/\/ciec.be\/blog\/index.php\/wp-json\/wp\/v2\/tags?post=1208"}],"curies":[{"name":"wp","href":"https:\/\/api.w.org\/{rel}","templated":true}]}}