{"id":120,"date":"2012-04-08T14:08:57","date_gmt":"2012-04-08T14:08:57","guid":{"rendered":"http:\/\/ciecgenval.wordpress.com\/?p=120"},"modified":"2012-04-08T14:08:57","modified_gmt":"2012-04-08T14:08:57","slug":"promenade-a-bossut","status":"publish","type":"post","link":"https:\/\/ciec.be\/blog\/index.php\/2012\/04\/08\/promenade-a-bossut\/","title":{"rendered":"Promenade \u00e0 Bossut"},"content":{"rendered":"<p><em><strong>Pour cette balade dans la campagne braban\u00e7onne wallonne, il faisait un temps superbe !<\/strong><\/em><\/p>\n<p><em><strong>Notre lieu de rendez-vous \u00e9tait la charmante \u00e9glise de Bossut et d\u00e8s 9h45, les premiers participants arrivaient et bient\u00f4t tout le groupe se trouvait r\u00e9uni&#8230; pr\u00eat \u00e0 d\u00e9marrer sous la houlette de Genevi\u00e8ve.<\/strong><\/em><\/p>\n<p><img loading=\"lazy\" decoding=\"async\" class=\"aligncenter size-full wp-image-121\" title=\"100_9735\" src=\"http:\/\/ciecgenval.files.wordpress.com\/2012\/04\/100_9735.jpg\" alt=\"\" width=\"604\" height=\"453\" \/><\/p>\n<p><img loading=\"lazy\" decoding=\"async\" class=\"aligncenter size-full wp-image-122\" title=\"100_9737\" src=\"http:\/\/ciecgenval.files.wordpress.com\/2012\/04\/100_9737.jpg\" alt=\"\" width=\"604\" height=\"453\" \/><\/p>\n<p><em><strong>Apr\u00e8s un bref parcours sur la rue, nous entrions dans le vif du sujet : les champs o\u00f9 bien s\u00fbr, les chiens purent commencer \u00e0 se d\u00e9gourdir les pattes.<\/strong><\/em><\/p>\n<p><img loading=\"lazy\" decoding=\"async\" class=\"aligncenter size-full wp-image-123\" title=\"100_9738\" src=\"http:\/\/ciecgenval.files.wordpress.com\/2012\/04\/100_9738.jpg\" alt=\"\" width=\"604\" height=\"453\" \/><\/p>\n<p><img loading=\"lazy\" decoding=\"async\" class=\"aligncenter size-full wp-image-124\" title=\"100_9739\" src=\"http:\/\/ciecgenval.files.wordpress.com\/2012\/04\/100_9739.jpg\" alt=\"\" width=\"604\" height=\"453\" \/><\/p>\n<p><em><strong>Nous n&rsquo;\u00e9tions pas seuls mais les cyclistes rencontr\u00e9s furent tous bien sympathiques et ce fut, pour nos chiens, l&rsquo;occasion de s&rsquo;exercer au rappel ou m\u00eame au couch\u00e9.<\/strong><\/em><\/p>\n<p><img loading=\"lazy\" decoding=\"async\" class=\"aligncenter size-full wp-image-125\" title=\"100_9741\" src=\"http:\/\/ciecgenval.files.wordpress.com\/2012\/04\/100_9741.jpg\" alt=\"\" width=\"604\" height=\"453\" \/><\/p>\n<p><em><strong>Le soleil devenant chaud, les vestes tombent une \u00e0 une !<\/strong><\/em><\/p>\n<p><img loading=\"lazy\" decoding=\"async\" class=\"aligncenter size-full wp-image-126\" title=\"100_9744\" src=\"http:\/\/ciecgenval.files.wordpress.com\/2012\/04\/100_9744.jpg\" alt=\"\" width=\"604\" height=\"453\" \/><\/p>\n<p><em><strong>Il n&rsquo;y a pas \u00e0 dire, marcher et surtout courir, \u00e7a donne soif&#8230; premi\u00e8re \u00ab\u00a0halte boisson\u00a0\u00bb pour Mona et Funny ainsi que pour Bali.<\/strong><\/em><\/p>\n<p><img loading=\"lazy\" decoding=\"async\" class=\"aligncenter size-full wp-image-127\" title=\"100_9745\" src=\"http:\/\/ciecgenval.files.wordpress.com\/2012\/04\/100_9745.jpg\" alt=\"\" width=\"604\" height=\"453\" \/><\/p>\n<p><em><strong>Coban s&rsquo;est appropri\u00e9e la gamelle&#8230;<\/strong><\/em><\/p>\n<p><img loading=\"lazy\" decoding=\"async\" class=\"aligncenter size-full wp-image-128\" title=\"100_9746\" src=\"http:\/\/ciecgenval.files.wordpress.com\/2012\/04\/100_9746.jpg\" alt=\"\" width=\"604\" height=\"453\" \/><\/p>\n<p><em><strong>tandis que les 4 australiens de Genevi\u00e8ve attendent sagement leur tour<\/strong><\/em><\/p>\n<p><img loading=\"lazy\" decoding=\"async\" class=\"aligncenter size-full wp-image-129\" title=\"100_9747\" src=\"http:\/\/ciecgenval.files.wordpress.com\/2012\/04\/100_9747.jpg\" alt=\"\" width=\"604\" height=\"453\" \/><\/p>\n<p><em><strong>Au tour de Louve et de Ally<\/strong><\/em><\/p>\n<p><img loading=\"lazy\" decoding=\"async\" class=\"aligncenter size-full wp-image-130\" title=\"100_9750\" src=\"http:\/\/ciecgenval.files.wordpress.com\/2012\/04\/100_9750.jpg\" alt=\"\" width=\"604\" height=\"453\" \/><\/p>\n<p><em><strong>Changement de d\u00e9cor, cette fois, les champs ont laiss\u00e9 la place aux bois et \u00e0 un chemin creux, heureusement qu&rsquo;il a fait sec durant les semaines pass\u00e9es !<\/strong><\/em><\/p>\n<p><img loading=\"lazy\" decoding=\"async\" class=\"aligncenter size-full wp-image-131\" title=\"100_9751\" src=\"http:\/\/ciecgenval.files.wordpress.com\/2012\/04\/100_9751.jpg\" alt=\"\" width=\"604\" height=\"453\" \/><\/p>\n<p><em><strong>Chacun marche \u00e0 son rythme&#8230;<\/strong><\/em><\/p>\n<p><img loading=\"lazy\" decoding=\"async\" class=\"aligncenter size-full wp-image-132\" title=\"100_9752\" src=\"http:\/\/ciecgenval.files.wordpress.com\/2012\/04\/100_9752.jpg\" alt=\"\" width=\"604\" height=\"453\" \/><\/p>\n<p><em><strong>Pour faire du VTT dans pareil sentier, il faut vraiment en vouloir !<\/strong><\/em><\/p>\n<p><img loading=\"lazy\" decoding=\"async\" class=\"aligncenter size-full wp-image-133\" title=\"100_9754\" src=\"http:\/\/ciecgenval.files.wordpress.com\/2012\/04\/100_9754.jpg\" alt=\"\" width=\"604\" height=\"453\" \/><\/p>\n<p><em><strong>Apr\u00e8s la mont\u00e9e dans le bois, nouvel arr\u00eat boisson, fort appr\u00e9ci\u00e9 par tous nos toutous<\/strong><\/em><\/p>\n<p><img loading=\"lazy\" decoding=\"async\" class=\"aligncenter size-full wp-image-134\" title=\"100_9756\" src=\"http:\/\/ciecgenval.files.wordpress.com\/2012\/04\/100_9756.jpg\" alt=\"\" width=\"604\" height=\"453\" \/><\/p>\n<p><em><strong>Les trois shelties du groupe se plaisent ensemble !<\/strong><\/em><\/p>\n<p><img loading=\"lazy\" decoding=\"async\" class=\"aligncenter size-full wp-image-135\" title=\"100_9758\" src=\"http:\/\/ciecgenval.files.wordpress.com\/2012\/04\/100_9758.jpg\" alt=\"\" width=\"604\" height=\"453\" \/><\/p>\n<p><img loading=\"lazy\" decoding=\"async\" class=\"aligncenter size-full wp-image-137\" title=\"100_9761\" src=\"http:\/\/ciecgenval.files.wordpress.com\/2012\/04\/100_9761.jpg\" alt=\"\" width=\"604\" height=\"453\" \/><\/p>\n<p><em><strong>Funny, la senior du groupe, fatigue&#8230; du coup, il est temps de la mettre dans le sac \u00e0 dos&#8230; Elle verra les choses d&rsquo;en haut et pourra se reposer un peu.<\/strong><\/em><\/p>\n<p><img loading=\"lazy\" decoding=\"async\" class=\"aligncenter size-full wp-image-138\" title=\"100_9764\" src=\"http:\/\/ciecgenval.files.wordpress.com\/2012\/04\/100_9764.jpg\" alt=\"\" width=\"604\" height=\"453\" \/><\/p>\n<p><img loading=\"lazy\" decoding=\"async\" class=\"aligncenter size-full wp-image-139\" title=\"100_9766\" src=\"http:\/\/ciecgenval.files.wordpress.com\/2012\/04\/100_9766.jpg\" alt=\"\" width=\"604\" height=\"453\" \/><\/p>\n<p><em><strong>Gem aussi a un coup de fatigue&#8230; Normal quand on est une toute jeune bouledogue&#8230;Mais comme on est bien dans les bras de sa ma\u00eetresse !!<\/strong><\/em><\/p>\n<p><img loading=\"lazy\" decoding=\"async\" class=\"aligncenter size-full wp-image-140\" title=\"100_9767\" src=\"http:\/\/ciecgenval.files.wordpress.com\/2012\/04\/100_9767.jpg\" alt=\"\" width=\"604\" height=\"453\" \/><\/p>\n<p><em><strong>Nous voici \u00e0 nouveau dans le village&#8230; la promenade touche doucement \u00e0 sa fin<\/strong><\/em><\/p>\n<p><img loading=\"lazy\" decoding=\"async\" class=\"aligncenter size-full wp-image-142\" title=\"100_9770\" src=\"http:\/\/ciecgenval.files.wordpress.com\/2012\/04\/100_9770.jpg\" alt=\"\" width=\"604\" height=\"453\" \/><\/p>\n<p><em><strong>La balade se termine&#8230; Tandis que les uns rentrent \u00e0 la maison, un petit groupe se rend dans un restaurant proche pour finir cette superbe matin\u00e9e autour d&rsquo;un repas d\u00e9licieux.<\/strong><\/em><\/p>\n","protected":false},"excerpt":{"rendered":"<p>Pour cette balade dans la campagne braban\u00e7onne wallonne, il faisait un temps superbe ! Notre lieu de rendez-vous \u00e9tait la charmante \u00e9glise de Bossut et d\u00e8s 9h45, les premiers participants arrivaient et bient\u00f4t tout le groupe se trouvait r\u00e9uni&#8230; pr\u00eat \u00e0 d\u00e9marrer sous la houlette de Genevi\u00e8ve. Apr\u00e8s un bref parcours sur la rue, nous [&hellip;]<\/p>\n","protected":false},"author":1,"featured_media":0,"comment_status":"open","ping_status":"open","sticky":false,"template":"","format":"standard","meta":{"_et_pb_use_builder":"","_et_pb_old_content":"","_et_gb_content_width":"","footnotes":""},"categories":[14],"tags":[51,74,166,167],"class_list":["post-120","post","type-post","status-publish","format-standard","hentry","category-promenades","tag-bossut","tag-chien","tag-promenade","tag-promenade-canine"],"_links":{"self":[{"href":"https:\/\/ciec.be\/blog\/index.php\/wp-json\/wp\/v2\/posts\/120","targetHints":{"allow":["GET"]}}],"collection":[{"href":"https:\/\/ciec.be\/blog\/index.php\/wp-json\/wp\/v2\/posts"}],"about":[{"href":"https:\/\/ciec.be\/blog\/index.php\/wp-json\/wp\/v2\/types\/post"}],"author":[{"embeddable":true,"href":"https:\/\/ciec.be\/blog\/index.php\/wp-json\/wp\/v2\/users\/1"}],"replies":[{"embeddable":true,"href":"https:\/\/ciec.be\/blog\/index.php\/wp-json\/wp\/v2\/comments?post=120"}],"version-history":[{"count":0,"href":"https:\/\/ciec.be\/blog\/index.php\/wp-json\/wp\/v2\/posts\/120\/revisions"}],"wp:attachment":[{"href":"https:\/\/ciec.be\/blog\/index.php\/wp-json\/wp\/v2\/media?parent=120"}],"wp:term":[{"taxonomy":"category","embeddable":true,"href":"https:\/\/ciec.be\/blog\/index.php\/wp-json\/wp\/v2\/categories?post=120"},{"taxonomy":"post_tag","embeddable":true,"href":"https:\/\/ciec.be\/blog\/index.php\/wp-json\/wp\/v2\/tags?post=120"}],"curies":[{"name":"wp","href":"https:\/\/api.w.org\/{rel}","templated":true}]}}