{"id":116,"date":"2012-03-19T17:06:17","date_gmt":"2012-03-19T17:06:17","guid":{"rendered":"http:\/\/ciecgenval.wordpress.com\/?p=116"},"modified":"2012-03-19T17:06:17","modified_gmt":"2012-03-19T17:06:17","slug":"dimanche-25-mars-promenade-a-bossut","status":"publish","type":"post","link":"https:\/\/ciec.be\/blog\/index.php\/2012\/03\/19\/dimanche-25-mars-promenade-a-bossut\/","title":{"rendered":"Dimanche 25 mars &#8211; promenade \u00e0 Bossut"},"content":{"rendered":"<p><em><strong>Le 25 mars nous vous invitons \u00e0 une promenade \u00e0 Bossut. Rendez-vous \u00e0 10h \u00e0 l&rsquo;\u00e9glise de Bossut (place de Bossut). Attention, Bossut, pas Gottechain !<\/strong><\/em><br \/>\n<em><strong>C&rsquo;est Genevi\u00e8ve qui sera notre guide.<\/strong><\/em><br \/>\n<em><strong>Apr\u00e8s la balade, ceux qui le souhaitent pourront d\u00eener dans un restaurant des environs\u00a0 \ud83d\ude00 <\/strong><\/em><br \/>\n<em><strong>PAF : 1 \u20ac<\/strong><\/em><br \/>\n<em><strong>Si vous venez, avertissez nous pour que nous vous attendions et pour un \u00e9ventuel covoiturage\u00a0 \ud83d\ude09<\/strong> <\/em><\/p>\n","protected":false},"excerpt":{"rendered":"<p>Le 25 mars nous vous invitons \u00e0 une promenade \u00e0 Bossut. Rendez-vous \u00e0 10h \u00e0 l&rsquo;\u00e9glise de Bossut (place de Bossut). Attention, Bossut, pas Gottechain ! C&rsquo;est Genevi\u00e8ve qui sera notre guide. Apr\u00e8s la balade, ceux qui le souhaitent pourront d\u00eener dans un restaurant des environs\u00a0 \ud83d\ude00 PAF : 1 \u20ac Si vous venez, avertissez [&hellip;]<\/p>\n","protected":false},"author":1,"featured_media":0,"comment_status":"open","ping_status":"open","sticky":false,"template":"","format":"standard","meta":{"_et_pb_use_builder":"","_et_pb_old_content":"","_et_gb_content_width":"","footnotes":""},"categories":[3,14],"tags":[51,52,120,166],"class_list":["post-116","post","type-post","status-publish","format-standard","hentry","category-calendrier","category-promenades","tag-bossut","tag-brabant-wallon","tag-gottechain","tag-promenade"],"_links":{"self":[{"href":"https:\/\/ciec.be\/blog\/index.php\/wp-json\/wp\/v2\/posts\/116","targetHints":{"allow":["GET"]}}],"collection":[{"href":"https:\/\/ciec.be\/blog\/index.php\/wp-json\/wp\/v2\/posts"}],"about":[{"href":"https:\/\/ciec.be\/blog\/index.php\/wp-json\/wp\/v2\/types\/post"}],"author":[{"embeddable":true,"href":"https:\/\/ciec.be\/blog\/index.php\/wp-json\/wp\/v2\/users\/1"}],"replies":[{"embeddable":true,"href":"https:\/\/ciec.be\/blog\/index.php\/wp-json\/wp\/v2\/comments?post=116"}],"version-history":[{"count":0,"href":"https:\/\/ciec.be\/blog\/index.php\/wp-json\/wp\/v2\/posts\/116\/revisions"}],"wp:attachment":[{"href":"https:\/\/ciec.be\/blog\/index.php\/wp-json\/wp\/v2\/media?parent=116"}],"wp:term":[{"taxonomy":"category","embeddable":true,"href":"https:\/\/ciec.be\/blog\/index.php\/wp-json\/wp\/v2\/categories?post=116"},{"taxonomy":"post_tag","embeddable":true,"href":"https:\/\/ciec.be\/blog\/index.php\/wp-json\/wp\/v2\/tags?post=116"}],"curies":[{"name":"wp","href":"https:\/\/api.w.org\/{rel}","templated":true}]}}