{"id":1159,"date":"2014-08-10T18:39:11","date_gmt":"2014-08-10T18:39:11","guid":{"rendered":"http:\/\/ciecgenval.wordpress.com\/?p=1159"},"modified":"2014-08-10T18:39:11","modified_gmt":"2014-08-10T18:39:11","slug":"balade-calaisienne","status":"publish","type":"post","link":"https:\/\/ciec.be\/blog\/index.php\/2014\/08\/10\/balade-calaisienne\/","title":{"rendered":"Balade calaisienne"},"content":{"rendered":"<p><em><strong>Tant qu\u2019\u00e0 se d\u00e9placer jusqu\u2019\u00e0 Calais, autant le faire pour un long week-end\u2026 Forte de cette id\u00e9e, j\u2019avais donc d\u00e9cid\u00e9 de pr\u00e9voir notre sortie calaisienne annuelle au moment de la Pentec\u00f4te, entre le 7 et le 9 juin.<br \/>\nAu fil des semaines pr\u00e9c\u00e9dentes, la liste des participants s\u2019\u00e9tait \u00e9toff\u00e9e\u2026 et nous \u00e9tions donc entre 14 et 18, selon les jours, \u00e0 \u00eatre int\u00e9ress\u00e9s par cette exp\u00e9dition canine.<br \/>\nAlors que certains \u00e9taient l\u00e0 depuis le vendredi, de notre c\u00f4t\u00e9, nous avions cours le samedi matin\u2026 ce n\u2019est donc que vers 15h que nous d\u00e9marr\u00e2mes, Muriel, Nadine et moi, accompagn\u00e9es de nos 4 chiens.<br \/>\nApr\u00e8s un trajet sans histoire nous arrivions \u00e0 notre h\u00f4tel habituel pour nous installer dans nos chambres.<\/strong><\/em><\/p>\n<p><em><strong>Nous \u00e9tions loin d\u2019\u00eatre les premiers\u2026 L\u00e9ger b\u00e9mol, qui ne fut pas bien probl\u00e9matique cependant, une des chiennes du groupe \u00e9tait en chaleurs\u2026 et Fidji, en bon m\u00e2le reproducteur, s\u2019int\u00e9ressa rapidement \u00e0 la demoiselle qui lui faisait les yeux doux.<br \/>\nNous m\u00eemes bien s\u00fbr rapidement le hol\u00e0 \u00e0 ce d\u00e9but d\u2019amourette et Rom\u00e9o ne put rejoindre sa Juliette.<br \/>\nLorsque tout le groupe se retrouva au complet, nous pr\u00eemes le chemin de la ville, question d\u2019aller faire un petit tour sur la jet\u00e9e. <\/strong><\/em><\/p>\n<p><em><strong><img loading=\"lazy\" decoding=\"async\" class=\"aligncenter size-medium wp-image-1160\" src=\"http:\/\/ciecgenval.files.wordpress.com\/2014\/08\/dscn2400-800x600.jpg?w=300\" alt=\"DSCN2400 [800x600]\" width=\"300\" height=\"225\" \/><br \/>\n<a href=\"https:\/\/ciecgenval.files.wordpress.com\/2014\/08\/dscn2401-800x600.jpg\"><img loading=\"lazy\" decoding=\"async\" class=\"aligncenter size-medium wp-image-1161\" src=\"http:\/\/ciecgenval.files.wordpress.com\/2014\/08\/dscn2401-800x600.jpg?w=300\" alt=\"DSCN2401 [800x600]\" width=\"300\" height=\"225\" \/><\/a>Nous avions de la chance, pour le WE, plusieurs voiliers anciens \u00e9taient pr\u00e9sents et naviguaient devant la ville, pour le plus grand plaisir des touristes et des photographes.<\/strong><\/em><\/p>\n<p><em><strong><a href=\"https:\/\/ciecgenval.files.wordpress.com\/2014\/08\/dscn2404-800x600.jpg\"><img loading=\"lazy\" decoding=\"async\" class=\"aligncenter size-medium wp-image-1162\" src=\"http:\/\/ciecgenval.files.wordpress.com\/2014\/08\/dscn2404-800x600.jpg?w=300\" alt=\"DSCN2404 [800x600]\" width=\"300\" height=\"225\" \/><\/a><br \/>\n<a href=\"https:\/\/ciecgenval.files.wordpress.com\/2014\/08\/dscn2394-800x600.jpg\"><img loading=\"lazy\" decoding=\"async\" class=\"aligncenter size-medium wp-image-1163\" src=\"http:\/\/ciecgenval.files.wordpress.com\/2014\/08\/dscn2394-800x600.jpg?w=300\" alt=\"DSCN2394 [800x600]\" width=\"300\" height=\"225\" \/><\/a><br \/>\n<a href=\"https:\/\/ciecgenval.files.wordpress.com\/2014\/08\/dscn2395-800x600.jpg\"><img loading=\"lazy\" decoding=\"async\" class=\"aligncenter size-medium wp-image-1164\" src=\"http:\/\/ciecgenval.files.wordpress.com\/2014\/08\/dscn2395-800x600.jpg?w=300\" alt=\"DSCN2395 [800x600]\" width=\"300\" height=\"225\" \/><\/a>Le vent, violent et froid, nous chassa rapidement vers la digue que nous quitt\u00e2mes pour nous rendre dans une cr\u00eaperie du centre ville, cr\u00eaperie o\u00f9 nous avons d\u2019ailleurs nos habitudes.<br \/>\nLa nuit \u00e9tait presque totale lorsque nous retrouv\u00e2mes nos chambres\u2026<br \/>\nEn arrivant, le samedi, nous avions remarqu\u00e9 qu\u2019une brocante \u00e9tait pr\u00e9vue dans le village de Coquelles\u2026 Aussi, le dimanche, d\u00e8s potron-minet,\u00a0plusieurs d\u2019entre nous se lev\u00e8rent pour aller y faire un petit tour avant le d\u00e9jeuner.<br \/>\nNous nous retrouv\u00e2mes ensuite \u00e0 l\u2019h\u00f4tel pour le repas matinal et discut\u00e2mes des acquisitions de Marc\u2026ainsi que du d\u00e9roulement de la journ\u00e9e.<br \/>\nEn fonction des mar\u00e9es, j\u2019avais pr\u00e9vu de faire le trajet depuis le village de Wissant jusqu\u2019au cran d\u2019escale, par la plage, de d\u00eener dans un restaurant au cran puis de revenir \u00e0 notre point de d\u00e9part l\u2019apr\u00e8s-midi, en suivant la falaise cette fois.<\/strong><\/em><\/p>\n<p><em><strong>Vers 9 heures, la \u00ab\u00a0famille Drago\u00a0\u00bb et \u00ab\u00a0Missy\u00a0\u00bb qui avaient d\u00e9cid\u00e9 de nous accompagner l\u2019une pour le dimanche, l\u2019autre jusqu\u2019au lundi, nous avaient rejoint et c\u2019est donc en convoi que nous pr\u00eemes la route de la c\u00f4te avec, comme premier arr\u00eat, le cap Blanc Nez.<\/strong><\/em><br \/>\n<a href=\"https:\/\/ciecgenval.files.wordpress.com\/2014\/08\/dscn2411-800x600.jpg\"><img loading=\"lazy\" decoding=\"async\" class=\"aligncenter size-medium wp-image-1166\" src=\"http:\/\/ciecgenval.files.wordpress.com\/2014\/08\/dscn2411-800x600.jpg?w=300\" alt=\"DSCN2411 [800x600]\" width=\"300\" height=\"225\" \/><\/a><br \/>\n<a href=\"https:\/\/ciecgenval.files.wordpress.com\/2014\/08\/dscn2413-800x600.jpg\"><img loading=\"lazy\" decoding=\"async\" class=\"aligncenter size-medium wp-image-1167\" src=\"http:\/\/ciecgenval.files.wordpress.com\/2014\/08\/dscn2413-800x600.jpg?w=300\" alt=\"DSCN2413 [800x600]\" width=\"300\" height=\"225\" \/><\/a><br \/>\n<a href=\"https:\/\/ciecgenval.files.wordpress.com\/2014\/08\/img_3764-800x600.jpg\"><img loading=\"lazy\" decoding=\"async\" class=\"aligncenter size-medium wp-image-1176\" src=\"http:\/\/ciecgenval.files.wordpress.com\/2014\/08\/img_3764-800x600.jpg?w=300\" alt=\"IMG_3764 [800x600]\" width=\"300\" height=\"225\" \/><\/a><br \/>\n<em><strong>Fait plus que rare, la visibilit\u00e9 \u00e9tait tellement bonne qu\u2019il \u00e9tait possible de voir la c\u00f4te et les falaises anglaises comme si elles n\u2019\u00e9taient qu\u2019\u00e0 un jet de pierre.<\/strong><\/em><br \/>\n<em><strong> Vues depuis le sommet du cap, c\u2019\u00e9tait impressionnant.<\/strong><\/em><br \/>\n<a href=\"https:\/\/ciecgenval.files.wordpress.com\/2014\/08\/dscn2410-800x600.jpg\"><img loading=\"lazy\" decoding=\"async\" class=\"aligncenter size-medium wp-image-1165\" src=\"http:\/\/ciecgenval.files.wordpress.com\/2014\/08\/dscn2410-800x600.jpg?w=300\" alt=\"DSCN2410 [800x600]\" width=\"300\" height=\"225\" \/><\/a><br \/>\n<a href=\"https:\/\/ciecgenval.files.wordpress.com\/2014\/08\/img_3763-800x600.jpg\"><img loading=\"lazy\" decoding=\"async\" class=\"aligncenter size-medium wp-image-1175\" src=\"http:\/\/ciecgenval.files.wordpress.com\/2014\/08\/img_3763-800x600.jpg?w=300\" alt=\"IMG_3763 [800x600]\" width=\"300\" height=\"225\" \/><\/a><br \/>\n<a href=\"https:\/\/ciecgenval.files.wordpress.com\/2014\/08\/dscn2411-800x6001.jpg\"><img loading=\"lazy\" decoding=\"async\" class=\"aligncenter size-medium wp-image-1168\" src=\"http:\/\/ciecgenval.files.wordpress.com\/2014\/08\/dscn2411-800x6001.jpg?w=300\" alt=\"DSCN2411 [800x600]\" width=\"300\" height=\"225\" \/><\/a><em><strong>Apr\u00e8s la descente par Escale, nous arriv\u00e2mes \u00e0 Wissant,<\/strong><\/em><br \/>\n<a href=\"https:\/\/ciecgenval.files.wordpress.com\/2014\/08\/dscn2422-800x600.jpg\"><img loading=\"lazy\" decoding=\"async\" class=\"aligncenter size-medium wp-image-1169\" src=\"http:\/\/ciecgenval.files.wordpress.com\/2014\/08\/dscn2422-800x600.jpg?w=300\" alt=\"DSCN2422 [800x600]\" width=\"300\" height=\"225\" \/><\/a><em><strong>le temps de garer nos v\u00e9hicules et nous prenions le chemin de la plage, d\u00e9j\u00e0 fort fr\u00e9quent\u00e9.<\/strong><\/em><br \/>\n<a href=\"https:\/\/ciecgenval.files.wordpress.com\/2014\/08\/dscn2422-800x6002.jpg\"><img loading=\"lazy\" decoding=\"async\" class=\"aligncenter size-medium wp-image-1171\" src=\"http:\/\/ciecgenval.files.wordpress.com\/2014\/08\/dscn2422-800x6002.jpg?w=300\" alt=\"DSCN2422 [800x600]\" width=\"300\" height=\"225\" \/><\/a><em><strong>Heureusement, en nous \u00e9loignant de la zone habit\u00e9e, le sable fut tout \u00e0 nous, la mar\u00e9e descendait et nous p\u00fbmes suivre le bord de mer, les pieds dans l\u2019eau, tandis que nos chiens galopaient autour de nous.<\/strong><\/em><br \/>\n<a href=\"https:\/\/ciecgenval.files.wordpress.com\/2014\/08\/dscn2431-800x600.jpg\"><img loading=\"lazy\" decoding=\"async\" class=\"aligncenter size-medium wp-image-1172\" src=\"http:\/\/ciecgenval.files.wordpress.com\/2014\/08\/dscn2431-800x600.jpg?w=300\" alt=\"DSCN2431 [800x600]\" width=\"300\" height=\"225\" \/><\/a><br \/>\n<a href=\"https:\/\/ciecgenval.files.wordpress.com\/2014\/08\/dscn2436-800x600.jpg\"><img loading=\"lazy\" decoding=\"async\" class=\"aligncenter size-medium wp-image-1173\" src=\"http:\/\/ciecgenval.files.wordpress.com\/2014\/08\/dscn2436-800x600.jpg?w=300\" alt=\"DSCN2436 [800x600]\" width=\"300\" height=\"225\" \/><\/a><br \/>\n<a href=\"https:\/\/ciecgenval.files.wordpress.com\/2014\/08\/img_3768-800x600.jpg\"><img loading=\"lazy\" decoding=\"async\" class=\"aligncenter size-medium wp-image-1177\" src=\"http:\/\/ciecgenval.files.wordpress.com\/2014\/08\/img_3768-800x600.jpg?w=300\" alt=\"IMG_3768 [800x600]\" width=\"300\" height=\"225\" \/><\/a><br \/>\n<em><strong>Entre la chasse aux mouettes <a href=\"https:\/\/www.youtube.com\/watch?v=nLAf50Wg4ks\">https:\/\/www.youtube.com\/watch?v=nLAf50Wg4ks<\/a> , les courses poursuites, <a href=\"https:\/\/www.youtube.com\/watch?v=vzSNPATGvnA\">https:\/\/www.youtube.com\/watch?v=vzSNPATGvnA<\/a> quelques tentatives de \u00ab\u00a0jouer les durs\u00a0\u00bb entre nos jeunes m\u00e2les\u2026 <a href=\"https:\/\/www.youtube.com\/watch?v=4Th2VolxC3c\">https:\/\/www.youtube.com\/watch?v=4Th2VolxC3c<\/a> une rencontre impr\u00e9vue<\/strong><\/em><br \/>\n<a href=\"https:\/\/ciecgenval.files.wordpress.com\/2014\/08\/dscn2424-800x600.jpg\"><img loading=\"lazy\" decoding=\"async\" class=\"aligncenter size-medium wp-image-1178\" src=\"http:\/\/ciecgenval.files.wordpress.com\/2014\/08\/dscn2424-800x600.jpg?w=300\" alt=\"DSCN2424 [800x600]\" width=\"300\" height=\"225\" \/><\/a><br \/>\n<a href=\"https:\/\/ciecgenval.files.wordpress.com\/2014\/08\/img_3825-800x600.jpg\"><img loading=\"lazy\" decoding=\"async\" class=\"aligncenter size-medium wp-image-1179\" src=\"http:\/\/ciecgenval.files.wordpress.com\/2014\/08\/img_3825-800x600.jpg?w=300\" alt=\"IMG_3825 [800x600]\" width=\"300\" height=\"225\" \/><\/a><em><strong>nous, nous profitions du soleil et de la fraicheur de l\u2019eau caressant nos chevilles.<\/strong><\/em><br \/>\n<em><strong> <a href=\"https:\/\/www.youtube.com\/watch?v=Vy5AIsXj3iE\">https:\/\/www.youtube.com\/watch?v=Vy5AIsXj3iE<\/a><\/strong><\/em><br \/>\n<em><strong> Une bonne heure plus tard, nous approchions du Cran<\/strong><\/em><br \/>\n<a href=\"https:\/\/ciecgenval.files.wordpress.com\/2014\/08\/img_3836-800x600.jpg\"><img loading=\"lazy\" decoding=\"async\" class=\"aligncenter size-medium wp-image-1180\" src=\"http:\/\/ciecgenval.files.wordpress.com\/2014\/08\/img_3836-800x600.jpg?w=300\" alt=\"IMG_3836 [800x600]\" width=\"300\" height=\"225\" \/><br \/>\n<\/a> <a href=\"https:\/\/ciecgenval.files.wordpress.com\/2014\/08\/img_3830-800x600.jpg\"><img loading=\"lazy\" decoding=\"async\" class=\"aligncenter size-medium wp-image-1181\" src=\"http:\/\/ciecgenval.files.wordpress.com\/2014\/08\/img_3830-800x600.jpg?w=300\" alt=\"IMG_3830 [800x600]\" width=\"300\" height=\"225\" \/><\/a><em><strong>et les estivants se firent de plus en plus nombreux, il \u00e9tait temps de remettre nos chiens en laisse.<\/strong><\/em><br \/>\n<em><strong> Les premiers rochers nous permirent de nous asseoir afin de remettre chaussures ou sandales<\/strong><\/em><br \/>\n<a href=\"https:\/\/ciecgenval.files.wordpress.com\/2014\/08\/dscn2441-800x600.jpg\"><img loading=\"lazy\" decoding=\"async\" class=\"aligncenter size-medium wp-image-1174\" src=\"http:\/\/ciecgenval.files.wordpress.com\/2014\/08\/dscn2441-800x600.jpg?w=300\" alt=\"DSCN2441 [800x600]\" width=\"300\" height=\"225\" \/><\/a><em><strong>puis nous remont\u00e2mes jusqu\u2019en haut de la falaise.<\/strong><\/em><br \/>\n<a href=\"https:\/\/ciecgenval.files.wordpress.com\/2014\/08\/dscn2442-800x600.jpg\"><img loading=\"lazy\" decoding=\"async\" class=\"aligncenter size-medium wp-image-1182\" src=\"http:\/\/ciecgenval.files.wordpress.com\/2014\/08\/dscn2442-800x600.jpg?w=225\" alt=\"DSCN2442 [800x600]\" width=\"225\" height=\"300\" \/><\/a><br \/>\n<a href=\"https:\/\/ciecgenval.files.wordpress.com\/2014\/08\/dscn2443-800x600.jpg\"><img loading=\"lazy\" decoding=\"async\" class=\"aligncenter size-medium wp-image-1183\" src=\"http:\/\/ciecgenval.files.wordpress.com\/2014\/08\/dscn2443-800x600.jpg?w=300\" alt=\"DSCN2443 [800x600]\" width=\"300\" height=\"225\" \/><\/a><em><strong>De l\u00e0, le trajet ne dura que quelques minutes jusqu\u2019au restaurant o\u00f9 j\u2019avais r\u00e9serv\u00e9 une grande table.<\/strong><\/em><br \/>\n<em><strong> Le plateau de fruits de mer, sp\u00e9cialit\u00e9 de la maison, en attira plus d\u2019un\u2026<\/strong><\/em><br \/>\n<a href=\"https:\/\/ciecgenval.files.wordpress.com\/2014\/08\/dscn2444-800x600.jpg\"><img loading=\"lazy\" decoding=\"async\" class=\"aligncenter size-medium wp-image-1184\" src=\"http:\/\/ciecgenval.files.wordpress.com\/2014\/08\/dscn2444-800x600.jpg?w=300\" alt=\"DSCN2444 [800x600]\" width=\"300\" height=\"225\" \/><\/a><em><strong>et bient\u00f4t, tout le monde se retrouva \u00e0 prendre un d\u00eener bien m\u00e9rit\u00e9 tandis que nos chiens piquaient un roupillon \u00e0 nos pieds.<\/strong><\/em><br \/>\n<a href=\"https:\/\/ciecgenval.files.wordpress.com\/2014\/08\/dscn2445-800x600.jpg\"><img loading=\"lazy\" decoding=\"async\" class=\"aligncenter size-medium wp-image-1185\" src=\"http:\/\/ciecgenval.files.wordpress.com\/2014\/08\/dscn2445-800x600.jpg?w=300\" alt=\"DSCN2445 [800x600]\" width=\"300\" height=\"225\" \/><\/a><em><strong>Le dessert d\u00e9gust\u00e9 bien \u00e0 l\u2019aise, nous nous pr\u00e9par\u00e2mes \u00e0 revenir sur nos pas, mais en suivant le chemin du sommet de la falaise cette fois.<\/strong><\/em><br \/>\n<em><strong> Entretemps, la derni\u00e8re famille pr\u00e9vue (Bernadette and Co) nous avait rejoint et, tandis que certaines repartaient vers Wissant en voiture, le reste du groupe s\u2019engagea sur le sentier \u00e0 l\u2019herbe rase qui dominait la plage.<\/strong><\/em><br \/>\n<a href=\"https:\/\/ciecgenval.files.wordpress.com\/2014\/08\/dscn2446-800x600.jpg\"><img loading=\"lazy\" decoding=\"async\" class=\"aligncenter size-medium wp-image-1186\" src=\"http:\/\/ciecgenval.files.wordpress.com\/2014\/08\/dscn2446-800x600.jpg?w=300\" alt=\"DSCN2446 [800x600]\" width=\"300\" height=\"225\" \/><\/a><br \/>\n<a href=\"https:\/\/ciecgenval.files.wordpress.com\/2014\/08\/dscn2447-800x600.jpg\"><img loading=\"lazy\" decoding=\"async\" class=\"aligncenter size-medium wp-image-1187\" src=\"http:\/\/ciecgenval.files.wordpress.com\/2014\/08\/dscn2447-800x600.jpg?w=300\" alt=\"DSCN2447 [800x600]\" width=\"300\" height=\"225\" \/><\/a><br \/>\n<a href=\"https:\/\/ciecgenval.files.wordpress.com\/2014\/08\/dscn2450-800x600.jpg\"><img loading=\"lazy\" decoding=\"async\" class=\"aligncenter size-medium wp-image-1188\" src=\"http:\/\/ciecgenval.files.wordpress.com\/2014\/08\/dscn2450-800x600.jpg?w=300\" alt=\"DSCN2450 [800x600]\" width=\"300\" height=\"225\" \/><\/a><br \/>\n<em><strong>Plus loin, nous redescend\u00eemes et continu\u00e2mes sur le sable jusqu\u2019\u00e0 Wissant o\u00f9 tout le groupe se retrouva.<\/strong><\/em><br \/>\n<a href=\"https:\/\/ciecgenval.files.wordpress.com\/2014\/08\/img_3841-800x600.jpg\"><img loading=\"lazy\" decoding=\"async\" class=\"aligncenter size-medium wp-image-1190\" src=\"http:\/\/ciecgenval.files.wordpress.com\/2014\/08\/img_3841-800x600.jpg?w=300\" alt=\"IMG_3841 [800x600]\" width=\"300\" height=\"225\" \/><\/a><\/p>\n<p><a href=\"https:\/\/ciecgenval.files.wordpress.com\/2014\/08\/img_3849-800x600.jpg\"><img loading=\"lazy\" decoding=\"async\" class=\"aligncenter size-medium wp-image-1191\" src=\"http:\/\/ciecgenval.files.wordpress.com\/2014\/08\/img_3849-800x600.jpg?w=300\" alt=\"IMG_3849 [800x600]\" width=\"300\" height=\"225\" \/><\/a><\/p>\n<p><a href=\"https:\/\/ciecgenval.files.wordpress.com\/2014\/08\/dscn2453-800x600.jpg\"><img loading=\"lazy\" decoding=\"async\" class=\"aligncenter size-medium wp-image-1192\" src=\"http:\/\/ciecgenval.files.wordpress.com\/2014\/08\/dscn2453-800x600.jpg?w=300\" alt=\"DSCN2453 [800x600]\" width=\"300\" height=\"225\" \/><\/a><em><strong>Nous avions pr\u00e9vu \u00ab\u00a0quartier libre\u00a0\u00bb jusqu\u2019\u00e0 19h, et chacun s\u2019en revint vers Coquelles, qui par la route de la c\u00f4t\u00e9, qui par l\u2019autoroute pour, ensuite, prendre un douche ou un peu de repos. Nos visiteurs d\u2019un jour nous quitt\u00e8rent non sans regretter de ne pouvoir passer plus de temps avec nous\u2026 Mais, examens obligeaient\u00a0!<\/strong><\/em><br \/>\n<em><strong> Vers 19h, nous retournions \u00e0 notre cr\u00eaperie favorite afin d\u2019y essayer d\u2019autres plats et surtout, une cr\u00eape aux fraises comme dessert.<\/strong><\/em><br \/>\n<em><strong> Apr\u00e8s une nuit sans histoire, notre dernier jour sur place commen\u00e7a par un petit d\u00e9jeuner pris en commun.<\/strong><\/em><br \/>\n<em><strong> Ensuite, une partie du groupe repartit directement vers les grandes surfaces locales (il faut dire qu\u2019il y a moyen d\u2019y faire des affaires fort int\u00e9ressantes), tandis que nous d\u00e9marrions en direction de la plage.<\/strong><\/em>.. <em><strong>Non sans faire un \u00ab\u00a0faux d\u00e9part\u00a0\u00bb, en effet la voiture de Fran\u00e7oise posa un l\u00e9ger probl\u00e8me qui fut heureusement vite r\u00e9gl\u00e9 par les hommes du groupe.<\/strong><\/em><br \/>\n<a href=\"https:\/\/ciecgenval.files.wordpress.com\/2014\/08\/dscn2454-800x600.jpg\"><img loading=\"lazy\" decoding=\"async\" class=\"aligncenter size-medium wp-image-1193\" src=\"http:\/\/ciecgenval.files.wordpress.com\/2014\/08\/dscn2454-800x600.jpg?w=300\" alt=\"DSCN2454 [800x600]\" width=\"300\" height=\"225\" \/><\/a><br \/>\n<a href=\"https:\/\/ciecgenval.files.wordpress.com\/2014\/08\/dscn2455-800x600.jpg\"><img loading=\"lazy\" decoding=\"async\" class=\"aligncenter size-medium wp-image-1194\" src=\"http:\/\/ciecgenval.files.wordpress.com\/2014\/08\/dscn2455-800x600.jpg?w=300\" alt=\"DSCN2455 [800x600]\" width=\"300\" height=\"225\" \/><\/a><em><strong><br \/>\n<a href=\"https:\/\/ciecgenval.files.wordpress.com\/2014\/08\/dscn2457-800x600.jpg\"><img loading=\"lazy\" decoding=\"async\" class=\"aligncenter size-medium wp-image-1195\" src=\"http:\/\/ciecgenval.files.wordpress.com\/2014\/08\/dscn2457-800x600.jpg?w=300\" alt=\"DSCN2457 [800x600]\" width=\"300\" height=\"225\" \/><\/a>Une brume \u00e9paisse masquait fortement la visibilit\u00e9, mais nous p\u00fbmes tout de m\u00eame distinguer les anciens voiliers man\u0153uvrant au large&#8230;<br \/>\n<a href=\"https:\/\/ciecgenval.files.wordpress.com\/2014\/08\/dscn2486-800x600.jpg\"><img loading=\"lazy\" decoding=\"async\" class=\"aligncenter size-medium wp-image-1196\" src=\"http:\/\/ciecgenval.files.wordpress.com\/2014\/08\/dscn2486-800x600.jpg?w=300\" alt=\"DSCN2486 [800x600]\" width=\"300\" height=\"225\" \/><\/a><\/strong><\/em><\/p>\n<p><em><strong><a href=\"https:\/\/ciecgenval.files.wordpress.com\/2014\/08\/dscn2459-800x600.jpg\"><img loading=\"lazy\" decoding=\"async\" class=\"aligncenter size-medium wp-image-1198\" src=\"http:\/\/ciecgenval.files.wordpress.com\/2014\/08\/dscn2459-800x600.jpg?w=300\" alt=\"DSCN2459 [800x600]\" width=\"300\" height=\"225\" \/><\/a><br \/>\n<a href=\"https:\/\/ciecgenval.files.wordpress.com\/2014\/08\/dscn2499-800x600.jpg\"><img loading=\"lazy\" decoding=\"async\" class=\"aligncenter size-medium wp-image-1197\" src=\"http:\/\/ciecgenval.files.wordpress.com\/2014\/08\/dscn2499-800x600.jpg?w=300\" alt=\"DSCN2499 [800x600]\" width=\"300\" height=\"225\" \/><\/a>Quant aux chiens, ils eurent \u00e0 nouveau l\u2019occasion de gambader et de plonger dans les vagues durant un bon moment<br \/>\n<a href=\"https:\/\/ciecgenval.files.wordpress.com\/2014\/08\/dscn2460-800x600.jpg\"><img loading=\"lazy\" decoding=\"async\" class=\"aligncenter size-medium wp-image-1199\" src=\"http:\/\/ciecgenval.files.wordpress.com\/2014\/08\/dscn2460-800x600.jpg?w=300\" alt=\"DSCN2460 [800x600]\" width=\"300\" height=\"225\" \/><br \/>\n<\/a><a href=\"https:\/\/ciecgenval.files.wordpress.com\/2014\/08\/dscn2462-800x600.jpg\"><img loading=\"lazy\" decoding=\"async\" class=\"aligncenter size-medium wp-image-1200\" src=\"http:\/\/ciecgenval.files.wordpress.com\/2014\/08\/dscn2462-800x600.jpg?w=300\" alt=\"DSCN2462 [800x600]\" width=\"300\" height=\"225\" \/><br \/>\n<\/a><a href=\"https:\/\/ciecgenval.files.wordpress.com\/2014\/08\/dscn2504-800x600.jpg\"><img loading=\"lazy\" decoding=\"async\" class=\"aligncenter size-medium wp-image-1201\" src=\"http:\/\/ciecgenval.files.wordpress.com\/2014\/08\/dscn2504-800x600.jpg?w=300\" alt=\"DSCN2504 [800x600]\" width=\"300\" height=\"225\" \/><\/a><a href=\"https:\/\/ciecgenval.files.wordpress.com\/2014\/08\/dscn2462-800x600.jpg\"><br \/>\n<\/a><a href=\"https:\/\/ciecgenval.files.wordpress.com\/2014\/08\/dscn2512-800x600.jpg\"><img loading=\"lazy\" decoding=\"async\" class=\"aligncenter size-medium wp-image-1202\" src=\"http:\/\/ciecgenval.files.wordpress.com\/2014\/08\/dscn2512-800x600.jpg?w=300\" alt=\"DSCN2512 [800x600]\" width=\"300\" height=\"225\" \/><\/a>pendant que certains ma\u00eetres se posaient sur le sable et que d\u2019autres marchaient le long de la gr\u00e8ve.<\/strong><\/em><br \/>\n<a href=\"https:\/\/ciecgenval.files.wordpress.com\/2014\/08\/dscn2520-800x600.jpg\"><img loading=\"lazy\" decoding=\"async\" class=\"aligncenter size-medium wp-image-1203\" src=\"http:\/\/ciecgenval.files.wordpress.com\/2014\/08\/dscn2520-800x600.jpg?w=300\" alt=\"DSCN2520 [800x600]\" width=\"300\" height=\"225\" \/><\/a><br \/>\n<a href=\"https:\/\/ciecgenval.files.wordpress.com\/2014\/08\/dscn2526-800x600.jpg\"><img loading=\"lazy\" decoding=\"async\" class=\"aligncenter size-medium wp-image-1204\" src=\"http:\/\/ciecgenval.files.wordpress.com\/2014\/08\/dscn2526-800x600.jpg?w=300\" alt=\"DSCN2526 [800x600]\" width=\"300\" height=\"225\" \/><\/a><br \/>\n<a href=\"https:\/\/ciecgenval.files.wordpress.com\/2014\/08\/dscn2527-800x600.jpg\"><img loading=\"lazy\" decoding=\"async\" class=\"aligncenter size-medium wp-image-1205\" src=\"http:\/\/ciecgenval.files.wordpress.com\/2014\/08\/dscn2527-800x600.jpg?w=300\" alt=\"DSCN2527 [800x600]\" width=\"300\" height=\"225\" \/><\/a><br \/>\n<a href=\"https:\/\/ciecgenval.files.wordpress.com\/2014\/08\/dscn2467-800x600.jpg\"><img loading=\"lazy\" decoding=\"async\" class=\"aligncenter size-medium wp-image-1206\" src=\"http:\/\/ciecgenval.files.wordpress.com\/2014\/08\/dscn2467-800x600.jpg?w=300\" alt=\"DSCN2467 [800x600]\" width=\"300\" height=\"225\" \/><\/a><em><strong>Vers midi, nous repart\u00eemes \u00e0 la recherche d\u2019un endroit o\u00f9 nous sustenter avant le retour vers nos p\u00e9nates, mettant ainsi un terme \u00e0 notre vir\u00e9e calaisienne annuelle.<\/strong><\/em><\/p>\n<p><em><strong>\u00a0<\/strong><\/em><\/p>\n<p><em><strong>\u00a0<\/strong><\/em><\/p>\n","protected":false},"excerpt":{"rendered":"<p>Tant qu\u2019\u00e0 se d\u00e9placer jusqu\u2019\u00e0 Calais, autant le faire pour un long week-end\u2026 Forte de cette id\u00e9e, j\u2019avais donc d\u00e9cid\u00e9 de pr\u00e9voir notre sortie calaisienne annuelle au moment de la Pentec\u00f4te, entre le 7 et le 9 juin. Au fil des semaines pr\u00e9c\u00e9dentes, la liste des participants s\u2019\u00e9tait \u00e9toff\u00e9e\u2026 et nous \u00e9tions donc entre 14 [&hellip;]<\/p>\n","protected":false},"author":1,"featured_media":0,"comment_status":"open","ping_status":"open","sticky":false,"template":"","format":"standard","meta":{"_et_pb_use_builder":"","_et_pb_old_content":"","_et_gb_content_width":"","footnotes":""},"categories":[12,14,1],"tags":[35,52,64,69,74,75,76,68,87,88,101,28,29,105,109,112,115,118,135,151,152,166,167,178,195],"class_list":["post-1159","post","type-post","status-publish","format-standard","hentry","category-nos-chiens","category-promenades","category-uncategorized","tag-balade-canine","tag-brabant-wallon","tag-cap-blanc-nez","tag-centre-canin","tag-chien","tag-ciec","tag-club","tag-cote-dopale","tag-cours","tag-cours-collectifs","tag-dressage","tag-education","tag-education-canine","tag-entrainement","tag-exercice","tag-falaise","tag-france","tag-genval","tag-mer","tag-obeissance","tag-obeissance-canine","tag-promenade","tag-promenade-canine","tag-sport-canin","tag-wissant"],"_links":{"self":[{"href":"https:\/\/ciec.be\/blog\/index.php\/wp-json\/wp\/v2\/posts\/1159","targetHints":{"allow":["GET"]}}],"collection":[{"href":"https:\/\/ciec.be\/blog\/index.php\/wp-json\/wp\/v2\/posts"}],"about":[{"href":"https:\/\/ciec.be\/blog\/index.php\/wp-json\/wp\/v2\/types\/post"}],"author":[{"embeddable":true,"href":"https:\/\/ciec.be\/blog\/index.php\/wp-json\/wp\/v2\/users\/1"}],"replies":[{"embeddable":true,"href":"https:\/\/ciec.be\/blog\/index.php\/wp-json\/wp\/v2\/comments?post=1159"}],"version-history":[{"count":0,"href":"https:\/\/ciec.be\/blog\/index.php\/wp-json\/wp\/v2\/posts\/1159\/revisions"}],"wp:attachment":[{"href":"https:\/\/ciec.be\/blog\/index.php\/wp-json\/wp\/v2\/media?parent=1159"}],"wp:term":[{"taxonomy":"category","embeddable":true,"href":"https:\/\/ciec.be\/blog\/index.php\/wp-json\/wp\/v2\/categories?post=1159"},{"taxonomy":"post_tag","embeddable":true,"href":"https:\/\/ciec.be\/blog\/index.php\/wp-json\/wp\/v2\/tags?post=1159"}],"curies":[{"name":"wp","href":"https:\/\/api.w.org\/{rel}","templated":true}]}}